{"id":12272,"date":"2025-04-09T09:30:08","date_gmt":"2025-04-09T09:30:08","guid":{"rendered":"https:\/\/www.europesays.com\/fr\/12272\/"},"modified":"2025-04-09T09:30:08","modified_gmt":"2025-04-09T09:30:08","slug":"ile-de-france-une-situation-defavorable-pour-la-sante-des-meres-et-des-nourrissons","status":"publish","type":"post","link":"https:\/\/www.europesays.com\/fr\/12272\/","title":{"rendered":"\u00cele-de-France\u00a0: une situation \u00ab\u00a0d\u00e9favorable\u00a0\u00bb pour la sant\u00e9 des m\u00e8res et des nourrissons"},"content":{"rendered":"\n<p lang=\"fr-FR\" style=\"margin-bottom: 0cm;\">Alors que la baisse des naissances se poursuit sur le territoire francilien, l&rsquo;Observatoire r\u00e9gional de sant\u00e9 vient de publier des donn\u00e9es sur les mamans et leur b\u00e9b\u00e9. L&rsquo;organisme pointe une \u00ab\u00a0situation d\u00e9favorable et contrast\u00e9e\u00a0\u00bb en \u00cele-de-France. On apprend que l&rsquo;ob\u00e9sit\u00e9 maternelle concerne 8,5% des femmes ayant donn\u00e9 la vie en 2023. Elle touche tous les d\u00e9partements de la r\u00e9gion. Par ailleurs, le suicide est la premi\u00e8re cause des d\u00e9c\u00e8s maternels lors de la premi\u00e8re ann\u00e9e de l&rsquo;enfant. C\u00f4t\u00e9 b\u00e9b\u00e9s, il y a plus nourrissons \u00ab\u00a0de faible poids\u00a0\u00bb en \u00cele-de-France. Enfin la mortalit\u00e9 infantile est \u00ab\u00a0en continuelle augmentation\u00a0\u00bb.<\/p>\n<p lang=\"fr-FR\" style=\"margin-bottom: 0cm;\">\u00a0<\/p>\n<p lang=\"fr-FR\" style=\"margin-bottom: 0cm;\">Nicolas Chacun <\/p>\n<p>!function(f,b,e,v,n,t,s){if(f.fbq)return;n=f.fbq=function(){n.callMethod?<br \/>\nn.callMethod.apply(n,arguments):n.queue.push(arguments)};if(!f._fbq)f._fbq=n;<br \/>\nn.push=n;n.loaded=!0;n.version=&rsquo;2.0&prime;;n.queue=[];t=b.createElement(e);t.async=!0;<br \/>\nt.src=v;s=b.getElementsByTagName(e)[0];s.parentNode.insertBefore(t,s)}(window,<br \/>\ndocument,&rsquo;script&rsquo;,&rsquo;https:\/\/connect.facebook.net\/en_US\/fbevents.js&rsquo;);<br \/>\nfbq(&lsquo;init&rsquo;, &lsquo;278974969201861&rsquo;); \/\/ Insert your pixel ID here.<br \/>\nfbq(&lsquo;track&rsquo;, &lsquo;PageView&rsquo;);<\/p>\n","protected":false},"excerpt":{"rendered":"Alors que la baisse des naissances se poursuit sur le territoire francilien, l&rsquo;Observatoire r\u00e9gional de sant\u00e9 vient de&hellip;\n","protected":false},"author":2,"featured_media":12273,"comment_status":"","ping_status":"","sticky":false,"template":"","format":"standard","meta":{"footnotes":""},"categories":[1592],"tags":[1111,11,1933,1936,1777,1939,674,1011,27,662,1934,12,1940,626,1935,25,1937,1941,1938],"class_list":{"0":"post-12272","1":"post","2":"type-post","3":"status-publish","4":"format-standard","5":"has-post-thumbnail","7":"category-ile-de-france","8":"tag-actu","9":"tag-actualites","10":"tag-actualites-locales","11":"tag-essonne","12":"tag-eu","13":"tag-eure-et-loir","14":"tag-europe","15":"tag-fr","16":"tag-france","17":"tag-ile-de-france","18":"tag-infos-locales","19":"tag-news","20":"tag-oise","21":"tag-paris","22":"tag-pres-de-chez-vous","23":"tag-republique-francaise","24":"tag-seine-et-marne","25":"tag-somme","26":"tag-yvelines"},"share_on_mastodon":{"url":"","error":""},"_links":{"self":[{"href":"https:\/\/www.europesays.com\/fr\/wp-json\/wp\/v2\/posts\/12272","targetHints":{"allow":["GET"]}}],"collection":[{"href":"https:\/\/www.europesays.com\/fr\/wp-json\/wp\/v2\/posts"}],"about":[{"href":"https:\/\/www.europesays.com\/fr\/wp-json\/wp\/v2\/types\/post"}],"author":[{"embeddable":true,"href":"https:\/\/www.europesays.com\/fr\/wp-json\/wp\/v2\/users\/2"}],"replies":[{"embeddable":true,"href":"https:\/\/www.europesays.com\/fr\/wp-json\/wp\/v2\/comments?post=12272"}],"version-history":[{"count":0,"href":"https:\/\/www.europesays.com\/fr\/wp-json\/wp\/v2\/posts\/12272\/revisions"}],"wp:featuredmedia":[{"embeddable":true,"href":"https:\/\/www.europesays.com\/fr\/wp-json\/wp\/v2\/media\/12273"}],"wp:attachment":[{"href":"https:\/\/www.europesays.com\/fr\/wp-json\/wp\/v2\/media?parent=12272"}],"wp:term":[{"taxonomy":"category","embeddable":true,"href":"https:\/\/www.europesays.com\/fr\/wp-json\/wp\/v2\/categories?post=12272"},{"taxonomy":"post_tag","embeddable":true,"href":"https:\/\/www.europesays.com\/fr\/wp-json\/wp\/v2\/tags?post=12272"}],"curies":[{"name":"wp","href":"https:\/\/api.w.org\/{rel}","templated":true}]}}