{"id":122721,"date":"2025-05-23T19:25:09","date_gmt":"2025-05-23T19:25:09","guid":{"rendered":"https:\/\/www.europesays.com\/fr\/122721\/"},"modified":"2025-05-23T19:25:09","modified_gmt":"2025-05-23T19:25:09","slug":"a-nice-des-militants-cgt-ont-cherche-a-recruter-de-facon-humoristique-un-autre-ministre-de-la-culture","status":"publish","type":"post","link":"https:\/\/www.europesays.com\/fr\/122721\/","title":{"rendered":"\u00c0 Nice, des militants CGT ont cherch\u00e9 \u00e0 recruter (de fa\u00e7on humoristique) un autre ministre de la Culture"},"content":{"rendered":"<p>\u00ab\u00a0Speed Dati\u00a0\u00bb ni\u00e7ois pour trouver nouveau ou nouvelle ministre de la Culture. \u00ab\u00a0Parce que celle-l\u00e0, elle ne fait vraiment pas l\u2019affaire\u00a0\u00bb, sourit Jean-Louis Ruf, musicien et d\u00e9l\u00e9gu\u00e9 local du syndicat fran\u00e7ais des artistes interpr\u00e8tes.<\/p>\n<p>Cette branche de la CGT, tout comme le syndicat national des artistes plasticiens, avait d\u00e9cid\u00e9 de contribuer \u00e0 sa mani\u00e8re au mouvement lanc\u00e9 nationalement contre les coupes budg\u00e9taires du minist\u00e8re et des collectivit\u00e9s territoriales dans le domaine de la culture. Des baisses de budgets \u00e0 hauteur de 47 millions d\u2019euros rien que pour les arts vivants mais que d\u00e9ment Rachida Dati.<\/p>\n<p>La ministre, brocard\u00e9e lors de la derni\u00e8re c\u00e9r\u00e9monie des Moli\u00e8res, n\u2019a pas cach\u00e9 son agacement au micro de France Inter. Elle est devenue la cible du monde de la Culture qui critique son manque de r\u00e9sistance.<\/p>\n<p>\u00c0 Nice, ce vendredi soir, sur l\u2019esplanade de la Bourgada, des militants avaient ainsi d\u00e9cid\u00e9 d\u2019organiser un speed Dati (en r\u00e9f\u00e9rence au speed dating) pour lui trouver un ou une successeur(e).<\/p>\n<p>Les passants \u00e9taient invit\u00e9s \u00e0 formuler leurs propositions pour plus de Culture et pas moins de budgets.<\/p>\n","protected":false},"excerpt":{"rendered":"\u00ab\u00a0Speed Dati\u00a0\u00bb ni\u00e7ois pour trouver nouveau ou nouvelle ministre de la Culture. \u00ab\u00a0Parce que celle-l\u00e0, elle ne fait&hellip;\n","protected":false},"author":2,"featured_media":122722,"comment_status":"","ping_status":"","sticky":false,"template":"","format":"standard","meta":{"footnotes":""},"categories":[2819],"tags":[1111,11,251,1777,674,1011,27,802,12,2401,882,25,801],"class_list":{"0":"post-122721","1":"post","2":"type-post","3":"status-publish","4":"format-standard","5":"has-post-thumbnail","7":"category-nice","8":"tag-actu","9":"tag-actualites","10":"tag-culture","11":"tag-eu","12":"tag-europe","13":"tag-fr","14":"tag-france","15":"tag-greves-et-mouvements-sociaux","16":"tag-news","17":"tag-nice","18":"tag-provence-alpes-cote-dazur","19":"tag-republique-francaise","20":"tag-social"},"share_on_mastodon":{"url":"https:\/\/pubeurope.com\/@fr\/114558791114933423","error":""},"_links":{"self":[{"href":"https:\/\/www.europesays.com\/fr\/wp-json\/wp\/v2\/posts\/122721","targetHints":{"allow":["GET"]}}],"collection":[{"href":"https:\/\/www.europesays.com\/fr\/wp-json\/wp\/v2\/posts"}],"about":[{"href":"https:\/\/www.europesays.com\/fr\/wp-json\/wp\/v2\/types\/post"}],"author":[{"embeddable":true,"href":"https:\/\/www.europesays.com\/fr\/wp-json\/wp\/v2\/users\/2"}],"replies":[{"embeddable":true,"href":"https:\/\/www.europesays.com\/fr\/wp-json\/wp\/v2\/comments?post=122721"}],"version-history":[{"count":0,"href":"https:\/\/www.europesays.com\/fr\/wp-json\/wp\/v2\/posts\/122721\/revisions"}],"wp:featuredmedia":[{"embeddable":true,"href":"https:\/\/www.europesays.com\/fr\/wp-json\/wp\/v2\/media\/122722"}],"wp:attachment":[{"href":"https:\/\/www.europesays.com\/fr\/wp-json\/wp\/v2\/media?parent=122721"}],"wp:term":[{"taxonomy":"category","embeddable":true,"href":"https:\/\/www.europesays.com\/fr\/wp-json\/wp\/v2\/categories?post=122721"},{"taxonomy":"post_tag","embeddable":true,"href":"https:\/\/www.europesays.com\/fr\/wp-json\/wp\/v2\/tags?post=122721"}],"curies":[{"name":"wp","href":"https:\/\/api.w.org\/{rel}","templated":true}]}}