{"id":122724,"date":"2025-05-23T19:27:34","date_gmt":"2025-05-23T19:27:34","guid":{"rendered":"https:\/\/www.europesays.com\/fr\/122724\/"},"modified":"2025-05-23T19:27:34","modified_gmt":"2025-05-23T19:27:34","slug":"pourquoi-le-suspect-de-lattaque-meurtriere-dans-un-lycee-de-nantes-est-hospitalise-dans-le-tarn-2","status":"publish","type":"post","link":"https:\/\/www.europesays.com\/fr\/122724\/","title":{"rendered":"Pourquoi le suspect de l\u2019attaque meurtri\u00e8re dans un lyc\u00e9e de Nantes est hospitalis\u00e9 dans le Tarn\u00a0?"},"content":{"rendered":"<p>Un mois apr\u00e8s <a href=\"https:\/\/www.ouest-france.fr\/societe\/justice\/attaque-au-couteau-a-nantes-ouverture-dune-information-judiciaire-pour-assassinat-352fc292-29d0-11f0-964c-4f0f93c651c3\" target=\"_blank\" class=\"color-ultramarine c-link\" rel=\"noopener\">l\u2019effroyable attaque au couteau<\/a> au <a href=\"https:\/\/www.20minutes.fr\/faits_divers\/faits-divers-nantes\/4150419-20250425-attaque-couteau-nantes-victime-poignardee-57-fois-procureur-partage-nouveaux-elements-enquete\" class=\"color-ultramarine c-link\" target=\"_blank\" rel=\"noopener\">lyc\u00e9e Notre-Dame de Toutes-Aides<\/a> \u00e0 Nantes, Justin P., le jeune suspect \u00e2g\u00e9 de 16 ans, est toujours hospitalis\u00e9 dans le Tarn, a appris un journaliste de <a href=\"https:\/\/www.bfmtv.com\/police-justice\/lyceenne-tuee-a-nantes-le-suspect-de-l-attaque-hospitalise-dans-le-tarn-dans-une-unite-pour-malades-difficiles_AN-202505220356.html\" target=\"_blank\" class=\"color-ultramarine c-link\" rel=\"noopener\">BFMTV <\/a>aupr\u00e8s du CHU de Nantes. La localisation interroge.<\/p>\n<p>Apr\u00e8s avoir \u00e9t\u00e9 interpell\u00e9 puis intern\u00e9 au CHU de Nantes en psychiatrie, l\u2019adolescent a \u00e9t\u00e9 transf\u00e9r\u00e9, \u00e0 la demande de Rachel Bocher, la cheffe de service de psychiatrie, dans une unit\u00e9 pour malades difficiles (UMD) pour des raisons de s\u00e9curit\u00e9. Ces \u00e9tablissements sont r\u00e9serv\u00e9s \u00e0 des patients pr\u00e9sentant des pathologies mentales av\u00e9r\u00e9es et qui sont susceptibles de mettre en danger leur vie ou celle des autres. En France, il existe dix unit\u00e9s de ce type et parmi elles, seules deux peuvent accueillir des mineurs\u00a0: celle d\u2019Albi (Tarn) \u00e0 partir de 15 ans, et celle de Bron (Rh\u00f4ne), \u00e0 partir de 16 ans.<\/p>\n<\/p>\n<p>Selon la pr\u00e9fecture de Loire-Atlantique, cit\u00e9e par BFMTV, Justin P. a \u00e9t\u00e9 transf\u00e9r\u00e9 \u00e0 Albi au sein de l\u2019UMD du centre hospitalier sp\u00e9cialis\u00e9 Pierre-Jamet, \u00e0 Albi, pour des raisons de de place. \u00ab\u00a0D\u00e8s lors que les m\u00e9decins estiment qu\u2019il est n\u00e9cessaire d\u2019hospitaliser un patient dans une UMD, il n\u2019y a pas de crit\u00e8re de proximit\u00e9 qui entre en compte pour l\u2019hospitalisation mais un crit\u00e8re d\u2019urgence\u00a0\u00bb, pr\u00e9cise Rachel Bocher \u00e0 nos confr\u00e8res. Le suspect y restera jusqu\u2019\u00e0 ce que son \u00e9tat soit jug\u00e9 compatible avec sa sortie de l\u2019UMD.<\/p>\n","protected":false},"excerpt":{"rendered":"Un mois apr\u00e8s l\u2019effroyable attaque au couteau au lyc\u00e9e Notre-Dame de Toutes-Aides \u00e0 Nantes, Justin P., le jeune&hellip;\n","protected":false},"author":2,"featured_media":122725,"comment_status":"","ping_status":"","sticky":false,"template":"","format":"standard","meta":{"footnotes":""},"categories":[2818],"tags":[1111,47,11,7296,1777,674,118,6944,1011,27,24499,3047,2721,766,12,2680,2636,235,1306,25,71,8412],"class_list":{"0":"post-122724","1":"post","2":"type-post","3":"status-publish","4":"format-standard","5":"has-post-thumbnail","7":"category-nantes","8":"tag-actu","9":"tag-actualite","10":"tag-actualites","11":"tag-albi","12":"tag-eu","13":"tag-europe","14":"tag-faits-divers","15":"tag-faits-divers-nantes","16":"tag-fr","17":"tag-france","18":"tag-hopital-psychiatrique","19":"tag-loire-atlantique","20":"tag-midi-pyrenees","21":"tag-nantes","22":"tag-news","23":"tag-occitanie","24":"tag-pays-de-la-loire","25":"tag-psychiatrie","26":"tag-regions","27":"tag-republique-francaise","28":"tag-sante","29":"tag-tarn"},"share_on_mastodon":{"url":"https:\/\/pubeurope.com\/@fr\/114558798707837087","error":""},"_links":{"self":[{"href":"https:\/\/www.europesays.com\/fr\/wp-json\/wp\/v2\/posts\/122724","targetHints":{"allow":["GET"]}}],"collection":[{"href":"https:\/\/www.europesays.com\/fr\/wp-json\/wp\/v2\/posts"}],"about":[{"href":"https:\/\/www.europesays.com\/fr\/wp-json\/wp\/v2\/types\/post"}],"author":[{"embeddable":true,"href":"https:\/\/www.europesays.com\/fr\/wp-json\/wp\/v2\/users\/2"}],"replies":[{"embeddable":true,"href":"https:\/\/www.europesays.com\/fr\/wp-json\/wp\/v2\/comments?post=122724"}],"version-history":[{"count":0,"href":"https:\/\/www.europesays.com\/fr\/wp-json\/wp\/v2\/posts\/122724\/revisions"}],"wp:featuredmedia":[{"embeddable":true,"href":"https:\/\/www.europesays.com\/fr\/wp-json\/wp\/v2\/media\/122725"}],"wp:attachment":[{"href":"https:\/\/www.europesays.com\/fr\/wp-json\/wp\/v2\/media?parent=122724"}],"wp:term":[{"taxonomy":"category","embeddable":true,"href":"https:\/\/www.europesays.com\/fr\/wp-json\/wp\/v2\/categories?post=122724"},{"taxonomy":"post_tag","embeddable":true,"href":"https:\/\/www.europesays.com\/fr\/wp-json\/wp\/v2\/tags?post=122724"}],"curies":[{"name":"wp","href":"https:\/\/api.w.org\/{rel}","templated":true}]}}