{"id":122738,"date":"2025-05-23T19:34:11","date_gmt":"2025-05-23T19:34:11","guid":{"rendered":"https:\/\/www.europesays.com\/fr\/122738\/"},"modified":"2025-05-23T19:34:11","modified_gmt":"2025-05-23T19:34:11","slug":"lille-pride-2025-circulation-et-stationnement-interdit-sur-le-parcours-de-la-marche-des-fiertes-le-samedi-24-mai-2025","status":"publish","type":"post","link":"https:\/\/www.europesays.com\/fr\/122738\/","title":{"rendered":"[Lille Pride 2025] Circulation et stationnement interdit sur le parcours de la Marche des Fiert\u00e9s le samedi 24 mai 2025"},"content":{"rendered":"<p style=\"text-align: justify;\"><strong>Le Collectif Lille Pride<\/strong> organise le <strong>samedi 24 mai 2025<\/strong> la <strong>Marche des Fiert\u00e9s<\/strong> qui partira du <strong>Village Pride, <\/strong>sur la <strong>Place Fran\u00e7ois Mitterrand de Lille, <\/strong>o\u00f9 auront lieu <strong>diverses animations<\/strong> et empruntera <strong>l\u2019avenue Le Corbusier<\/strong> jusqu\u2019\u00e0<strong> l\u2019avenue Foch.<\/strong> Elle passera par la<strong> rue Faidherbe,<\/strong> la <strong>place du G\u00e9n\u00e9ral de Gaulle, <\/strong>puis la <strong>rue Nationale.<\/strong> Au retour, la <strong>parade empruntera le m\u00eame chemin<\/strong> pour<strong> revenir au<\/strong><strong> Village Pride,<\/strong> sur la <strong>place Fran\u00e7ois Mitterrand.<\/strong><\/p>\n<p><a href=\"https:\/\/www.europesays.com\/fr\/wp-content\/uploads\/2025\/05\/perimetre_marche_fierte_2025.png\" target=\"_blank\" rel=\"noreferrer noopener\"><img loading=\"lazy\" decoding=\"async\" width=\"606\" height=\"777\" src=\"https:\/\/www.europesays.com\/fr\/wp-content\/uploads\/2025\/05\/perimetre_marche_fierte_2025.png\" alt=\"\" class=\"wp-image-85009\"  \/><\/a><\/p>\n<p style=\"text-align: justify;\">Modifications du stationnement et de la circulation<br \/>Pour la <strong>bonne organisation<\/strong> et la <strong>s\u00e9curit\u00e9<\/strong> de cet \u00e9v\u00e9nement<strong>, <\/strong>des <strong>dispositions <\/strong>seront prises en mati\u00e8re de <strong>circulation <\/strong>et de <strong>stationnement<\/strong>.<\/p>\n<p style=\"text-align: justify;\"><img loading=\"lazy\" decoding=\"async\" class=\"wp-image-45 lazyloaded tie-appear\" src=\"https:\/\/www.europesays.com\/fr\/wp-content\/uploads\/2025\/04\/1744100656_185_arrow.png\" alt=\"\" width=\"9\" height=\"9\" data-lazy-src=\"https:\/\/www.europesays.com\/fr\/wp-content\/uploads\/2025\/04\/1744100656_185_arrow.png\"\/> Le<strong> stationnement sera interdit<\/strong> d\u00e8s le <strong>samedi 24 mai 2025 <\/strong>de <strong>1h du matin <\/strong>(nuit du vendredi au samedi) <strong>jusqu\u2019\u00e0 19h30, <\/strong>sur <strong>l\u2019ensemble du parcours <\/strong>et du<strong> p\u00e9rim\u00e8tre de s\u00e9curit\u00e9.<\/strong><\/p>\n<p style=\"text-align: justify;\"><img loading=\"lazy\" decoding=\"async\" class=\"wp-image-45 lazyloaded tie-appear\" src=\"https:\/\/www.europesays.com\/fr\/wp-content\/uploads\/2025\/04\/1744100656_185_arrow.png\" alt=\"\" width=\"9\" height=\"9\" data-lazy-src=\"https:\/\/www.europesays.com\/fr\/wp-content\/uploads\/2025\/04\/1744100656_185_arrow.png\"\/> <strong>Toute circulation, m\u00eame riveraine, <\/strong>sera <strong>totalement interdite<\/strong> le <strong>samedi 24 mai 2025, <\/strong>de <strong>10h <\/strong>et jusqu\u2019\u00e0 <strong>20h maximum, <\/strong>sur <strong>d\u00e9cision des autorit\u00e9s, sur l\u2019ensemble du parcours <\/strong>et du<strong> p\u00e9rim\u00e8tre de s\u00e9curit\u00e9.<\/strong><\/p>\n<p><img loading=\"lazy\" decoding=\"async\" class=\"wp-image-45 lazyloaded tie-appear\" src=\"https:\/\/www.europesays.com\/fr\/wp-content\/uploads\/2025\/04\/1744100656_185_arrow.png\" alt=\"\" width=\"9\" height=\"9\" data-lazy-src=\"https:\/\/www.europesays.com\/fr\/wp-content\/uploads\/2025\/04\/1744100656_185_arrow.png\"\/> <strong>Tous les parkings publics<\/strong> <strong>sur le parcours<\/strong> seront <strong>inaccessibles<\/strong> en <strong>entr\u00e9e\/sortie<\/strong> le <strong>samedi 24 mai 2025<\/strong> de <strong>10h <\/strong>\u00e0 <strong>20h<\/strong> (Plaza, Nouveau Si\u00e8cle, Grand\u2019Place)<strong>.<\/strong><\/p>\n<p class=\"has-text-align-right\">Source : Ville de Lille \/ Photos : DR<\/p>\n","protected":false},"excerpt":{"rendered":"Le Collectif Lille Pride organise le samedi 24 mai 2025 la Marche des Fiert\u00e9s qui partira du Village&hellip;\n","protected":false},"author":2,"featured_media":122739,"comment_status":"","ping_status":"","sticky":false,"template":"","format":"standard","meta":{"footnotes":""},"categories":[2815],"tags":[24307,1111,11,3542,1777,674,1011,27,811,1307,12,25,6173],"class_list":{"0":"post-122738","1":"post","2":"type-post","3":"status-publish","4":"format-standard","5":"has-post-thumbnail","7":"category-lille","8":"tag-24-mai-2025","9":"tag-actu","10":"tag-actualites","11":"tag-circulation","12":"tag-eu","13":"tag-europe","14":"tag-fr","15":"tag-france","16":"tag-hauts-de-france","17":"tag-lille","18":"tag-news","19":"tag-republique-francaise","20":"tag-stationnement"},"share_on_mastodon":{"url":"https:\/\/pubeurope.com\/@fr\/114558826263268999","error":""},"_links":{"self":[{"href":"https:\/\/www.europesays.com\/fr\/wp-json\/wp\/v2\/posts\/122738","targetHints":{"allow":["GET"]}}],"collection":[{"href":"https:\/\/www.europesays.com\/fr\/wp-json\/wp\/v2\/posts"}],"about":[{"href":"https:\/\/www.europesays.com\/fr\/wp-json\/wp\/v2\/types\/post"}],"author":[{"embeddable":true,"href":"https:\/\/www.europesays.com\/fr\/wp-json\/wp\/v2\/users\/2"}],"replies":[{"embeddable":true,"href":"https:\/\/www.europesays.com\/fr\/wp-json\/wp\/v2\/comments?post=122738"}],"version-history":[{"count":0,"href":"https:\/\/www.europesays.com\/fr\/wp-json\/wp\/v2\/posts\/122738\/revisions"}],"wp:featuredmedia":[{"embeddable":true,"href":"https:\/\/www.europesays.com\/fr\/wp-json\/wp\/v2\/media\/122739"}],"wp:attachment":[{"href":"https:\/\/www.europesays.com\/fr\/wp-json\/wp\/v2\/media?parent=122738"}],"wp:term":[{"taxonomy":"category","embeddable":true,"href":"https:\/\/www.europesays.com\/fr\/wp-json\/wp\/v2\/categories?post=122738"},{"taxonomy":"post_tag","embeddable":true,"href":"https:\/\/www.europesays.com\/fr\/wp-json\/wp\/v2\/tags?post=122738"}],"curies":[{"name":"wp","href":"https:\/\/api.w.org\/{rel}","templated":true}]}}