{"id":122742,"date":"2025-05-23T19:36:09","date_gmt":"2025-05-23T19:36:09","guid":{"rendered":"https:\/\/www.europesays.com\/fr\/122742\/"},"modified":"2025-05-23T19:36:09","modified_gmt":"2025-05-23T19:36:09","slug":"quatre-hommes-mis-en-examen","status":"publish","type":"post","link":"https:\/\/www.europesays.com\/fr\/122742\/","title":{"rendered":"quatre hommes mis en examen"},"content":{"rendered":"<p>Les pr\u00e9sentations devant le juge d&rsquo;instruction ont eu lieu, ce vendredi 23 mai, au palais de justice de Bastia. Quatre hommes ont \u00e9t\u00e9 mis en examen pour trafic de stup\u00e9fiants entre Marseille et la Corse. Selon nos informations, Christophe Turban, Pierre-Paul Ayache et Soufiane Ben Abdessadak ont \u00e9t\u00e9 plac\u00e9s en d\u00e9tention provisoire. Rui Filipe Simoes Moreira a \u00e9t\u00e9 laiss\u00e9 libre sous contr\u00f4le judiciaire.<\/p>\n<p>Six personnes avaient \u00e9t\u00e9 interpell\u00e9es mardi, dans la r\u00e9gion bastiaise, par la police judiciaire. Deux d\u2019entre elles ont \u00e9t\u00e9 rel\u00e2ch\u00e9es sans qu&rsquo;aucune charge ne soit retenue contre elles.<\/p>\n<p>Des drones pour alimenter la prison de Borgo en stup\u00e9fiants<\/p>\n<p>Selon une source proche de l&rsquo;enqu\u00eate, les investigations ont permis d&rsquo;\u00e9tablir que plusieurs voyages entre Marseille et la Corse ont \u00e9t\u00e9 \u00e9tablis par les enqu\u00eateurs au coeur de ce trafic d&rsquo;ampleur. Lors d&rsquo;une perquisition chez Christophe Turban, les policiers auraient m\u00eame saisi plusieurs drones ayant pu servir \u00e0 acheminer de la coca\u00efne, du cannabis, des chargeurs de t\u00e9l\u00e9phone, des t\u00e9l\u00e9phones, cartes SIM et divers objets, vers le centre p\u00e9nitentiaire de Borgo. Christophe Turban a \u00e9galement \u00e9t\u00e9 mis en examen pour ces faits-l\u00e0.<\/p>\n<p>Les enqu\u00eateurs ont \u00e9galement saisi des armes de poing, des ballots de coca\u00efne conditionn\u00e9s pour \u00eatre transport\u00e9s par drone, mais aussi plusieurs milliers d&rsquo;euros en liquide. Selon l&rsquo;accusation, les stup\u00e9fiants auraient pu servir \u00e0 alimenter un trafic depuis la prison. Contact\u00e9e, Me Val\u00e9rie Vincenti, l&rsquo;avocate de Christophe Turban, indique que son client \u00ab\u00a0compte r\u00e9server ses r\u00e9ponses au magistrat instructeur.\u00a0\u00bb<\/p>\n<p>Deux kilos de coca\u00efne d\u00e9j\u00e0 saisis<\/p>\n<p>Dans ce m\u00eame dossier, trois personnes avaient \u00e9t\u00e9 plac\u00e9es en d\u00e9tention provisoire, en f\u00e9vrier\u00a0: Yousri Riahi, Jessica Mah\u00e9 et Marie-Jeanne Tomasi. Un quatri\u00e8me individu, Abdelhak Riahi, fr\u00e8re de l&rsquo;une des personnes incarc\u00e9r\u00e9es, avait \u00e9t\u00e9 plac\u00e9 sous contr\u00f4le judiciaire.<\/p>\n<p>Deux kilos de coca\u00efne et 300 grammes de cannabis d\u00e9j\u00e0 saisis en f\u00e9vrier<\/p>\n<p>Des perquisitions men\u00e9es dans la foul\u00e9e des interpellations avaient permis aux enqu\u00eateurs de la direction interd\u00e9partementale de la police nationale (DIPN) de Haute-Corse de saisir une quantit\u00e9 importante de stup\u00e9fiants dans un immeuble du quartier de Montesoro, \u00e0 Bastia.<\/p>\n<p>Deux kilos de coca\u00efne et 300 grammes de cannabis avaient \u00e9t\u00e9 saisis ainsi que cinq v\u00e9hicules ayant probablement servi dans le cadre de ce trafic, trois voitures et deux motos.<\/p>\n","protected":false},"excerpt":{"rendered":"Les pr\u00e9sentations devant le juge d&rsquo;instruction ont eu lieu, ce vendredi 23 mai, au palais de justice de&hellip;\n","protected":false},"author":2,"featured_media":114976,"comment_status":"","ping_status":"","sticky":false,"template":"","format":"standard","meta":{"footnotes":""},"categories":[2814],"tags":[17,1111,11,2517,1052,2834,1777,674,274,1011,27,1101,884,12,882,9702,25,1097],"class_list":{"0":"post-122742","1":"post","2":"type-post","3":"status-publish","4":"format-standard","5":"has-post-thumbnail","7":"category-marseille","8":"tag-17","9":"tag-actu","10":"tag-actualites","11":"tag-corse","12":"tag-drogue","13":"tag-entre","14":"tag-eu","15":"tag-europe","16":"tag-faits-divers-justice","17":"tag-fr","18":"tag-france","19":"tag-hommes","20":"tag-marseille","21":"tag-news","22":"tag-provence-alpes-cote-dazur","23":"tag-quatre","24":"tag-republique-francaise","25":"tag-trafic"},"share_on_mastodon":{"url":"https:\/\/pubeurope.com\/@fr\/114558834264474043","error":""},"_links":{"self":[{"href":"https:\/\/www.europesays.com\/fr\/wp-json\/wp\/v2\/posts\/122742","targetHints":{"allow":["GET"]}}],"collection":[{"href":"https:\/\/www.europesays.com\/fr\/wp-json\/wp\/v2\/posts"}],"about":[{"href":"https:\/\/www.europesays.com\/fr\/wp-json\/wp\/v2\/types\/post"}],"author":[{"embeddable":true,"href":"https:\/\/www.europesays.com\/fr\/wp-json\/wp\/v2\/users\/2"}],"replies":[{"embeddable":true,"href":"https:\/\/www.europesays.com\/fr\/wp-json\/wp\/v2\/comments?post=122742"}],"version-history":[{"count":0,"href":"https:\/\/www.europesays.com\/fr\/wp-json\/wp\/v2\/posts\/122742\/revisions"}],"wp:featuredmedia":[{"embeddable":true,"href":"https:\/\/www.europesays.com\/fr\/wp-json\/wp\/v2\/media\/114976"}],"wp:attachment":[{"href":"https:\/\/www.europesays.com\/fr\/wp-json\/wp\/v2\/media?parent=122742"}],"wp:term":[{"taxonomy":"category","embeddable":true,"href":"https:\/\/www.europesays.com\/fr\/wp-json\/wp\/v2\/categories?post=122742"},{"taxonomy":"post_tag","embeddable":true,"href":"https:\/\/www.europesays.com\/fr\/wp-json\/wp\/v2\/tags?post=122742"}],"curies":[{"name":"wp","href":"https:\/\/api.w.org\/{rel}","templated":true}]}}