{"id":122743,"date":"2025-05-23T19:37:22","date_gmt":"2025-05-23T19:37:22","guid":{"rendered":"https:\/\/www.europesays.com\/fr\/122743\/"},"modified":"2025-05-23T19:37:22","modified_gmt":"2025-05-23T19:37:22","slug":"rhone-que-faire-ce-week-end-nos-bons-plans-dans-lest-lyonnais","status":"publish","type":"post","link":"https:\/\/www.europesays.com\/fr\/122743\/","title":{"rendered":"Rh\u00f4ne. Que faire ce week-end\u00a0? Nos bons plans dans l\u2019Est Lyonnais"},"content":{"rendered":"<p>  Ce week-end, c\u2019est la F\u00eate de la Nature<\/p>\n<p>C\u2019est le week-end de la F\u00eate de la Nature, un \u00e9v\u00e9nement d\u00e9clin\u00e9 dans de nombreuses communes. A Saint-Priest par exemple, ce samedi de 12h30 \u00e0 16h au Parc du Fort pour d\u00e9couvrir les deux jeunes for\u00eats Miyawaki plant\u00e9es en\u00a02023 et\u00a02025, partager un pique-nique, reconna\u00eetre le chant des oiseaux. Ou \u00e0 Mions de 9h30 \u00e0 17h \u00e0 l\u2019espace Danon (rue de la R\u00e9publique) pour d\u00e9couvrir le rucher municipal ou participer au concours de clafoutis. A Genas, l\u2019association Genas Club Nature propose ce dimanche de 14h \u00e0 18h la d\u00e9couverte du parc des \u00e9tangs de Mathan.<\/p>\n<p>Au Grand Parc de Miribel Jonage, <a href=\"https:\/\/www.grand-parc.fr\/agenda\/evenement-fete-de-la-science-observation-soleil-refuge-de-la-diversite\" target=\"_blank\" rel=\"noopener\">la f\u00eate dure tout le week-end \u00e0 l\u2019Iloz (gratuit sur inscriptions)<\/a> \u00a0: fabrication de mini-haies s\u00e8ches, balades d\u00e9couvertes, observation du soleil et de la biodiversit\u00e9. Avec une grande soir\u00e9e samedi pour observer la vie nocturne des animaux jusqu\u2019\u00e0 23h30.<\/p>\n<p>A Solaize, sur l\u2019\u00eele de la table ronde de 9h30 \u00e0 17h30, <a href=\"https:\/\/www.billetweb.fr\/fete-de-la-nature-30-ans-du-smiril\" target=\"_blank\" rel=\"noopener\">le Smiril f\u00eate ses 30 ans<\/a> et propose balades, jeu d\u2019enqu\u00eate, lecture, d\u00e9couvertes de la faune, des ateliers artistiques,\u00a0etc&#8230;<\/p>\n<p>  Journ\u00e9e de la jeunesse \u00e0 Saint-Priest<\/p>\n<p>Apr\u00e8s le succ\u00e8s de <a href=\"https:\/\/www.leprogres.fr\/culture-loisirs\/2024\/05\/26\/une-journee-dediee-a-la-jeunesse-autour-du-sport-et-du-benevolat\" target=\"_blank\" rel=\"noopener\"> sa premi\u00e8re \u00e9dition en 2024<\/a> , la Journ\u00e9e de la Jeunesse revient. Destin\u00e9 \u00e0 tous les 11-25 ans, cet \u00e9v\u00e9nement vise \u00e0 valoriser les projets et l\u2019engagement des jeunes San-Priots dans la vie de la commune. Cette journ\u00e9e festive a pour ambition de valoriser l\u2019\u00e9nergie, les initiatives et les r\u00e9ussites des jeunes. Elles et ils seront plus d\u2019une centaine pr\u00e9sentes et pr\u00e9sents pour partager leurs exp\u00e9riences et leurs aspirations.<\/p>\n<p>L\u2019\u00e9v\u00e9nement se veut r\u00e9solument attractif et ludique, avec une multitude d\u2019espaces d\u2019animations pour tous les go\u00fbts\u00a0: Terrains libres, Ninja Warrior, escalade, foot freestyle, basket, trampoline, tennis de table, rugby, street workout, espace e-sport, espace engagement, d\u00e9tente\u2026 et Show de cl\u00f4ture \u00e0 18\u00a0h\u00a000.<\/p>\n<p>Animations gratuites ouvertes aux 11-25 ans.<\/p>\n<p>Restauration possible sur place<\/p>\n<p>Infos pratiques, ce samedi de 14\u00a0h \u00e0 18\u00a0h. Esplanade du parking Colette, 13 Rue Colette, 69\u00a0800, Saint-Priest<\/p>\n<p>  Concert au conservatoire de Saint-Priest<\/p>\n<p>Le Ch\u0153ur de femmes vous invite \u00e0 un voyage musical empreint d\u2019\u00e9motions profondes et de transcendance.<\/p>\n<p>En deuxi\u00e8me partie, le Ch\u0153ur mixte explore le r\u00e9pertoire romantique \u00e0 travers des \u0153uvres qui refl\u00e8tent l\u2019intensit\u00e9 \u00e9motionnelle et la richesse expressive de cette p\u00e9riode.<\/p>\n<p>Par les ch\u0153urs du Conservatoire Sous la direction de Ludovic Perez<\/p>\n<p>Ce samedi \u00e0 17\u00a0h\u00a000, salle le Concorde, 10 avenue de la gare, Saint-Priest. Entr\u00e9e libre et gratuite.<\/p>\n<p>  F\u00eate du nautisme \u00e0 Meyzieu<\/p>\n<p>Dimanche, <a href=\"https:\/\/www.leprogres.fr\/culture-loisirs\/2024\/06\/02\/(re)vivez-la-fete-du-nautisme-celebree-au-grand-large\" target=\"_blank\" rel=\"noopener\"> on prend le Grand Large<\/a> en testant diff\u00e9rentes embarcations\u00a0! Sans inscription pr\u00e9alable, de 9\u00a0h\u00a030 \u00e0 18\u00a0h. On s\u2019essaiera aux catamarans, d\u00e9riveurs, habitables, optimistes, \u00e0 la p\u00eache \u00e0 la ligne, l\u2019aviron, l\u2019ergom\u00e8tre, le kayak et bien plus encore\u00a0! Base nautique municipale Meyzieu Grand Large, 121 avenue du Carreau, 69330 Meyzieu<\/p>\n<p>C\u2019est gratuit<\/p>\n<p>  Quartiers en f\u00eate \u00e0 Corbas<\/p>\n<p>Corbas f\u00eate ce samedi (\u00e0 partir de 15h) ses conseils de quartier avec <a href=\"https:\/\/corbas.fr\/evenement\/quartiers-en-fete-decouvrez-le-programme\/\" target=\"_blank\" rel=\"noopener\">une f\u00eate des quartiers<\/a> au Parc des loisirs. Au programme\u00a0: des ch\u00e2teaux gonflables, des p\u00eaches \u00e0 la ligne, un atelier peinture, des animations, un repas partag\u00e9 et une soir\u00e9e musicale.<\/p>\n<p>  Nocturne des sports \u00e9questres \u00e0 l\u2019hippodrome de Bron<\/p>\n<p>Toujours ce samedi, d\u00e8s 17\u00a0h\u00a030, la Grande Nocturne des sports \u00e9questres. La traditionnelle soir\u00e9e aura lieu cette ann\u00e9e ce samedi d\u00e8s 17h avec au programme\u00a0: le Grand Prix de la Ville de Bron, un spectacle \u00e9questre et un feu d\u2019artifice\u00a0!<\/p>\n<p>De 17\u00a0h\u00a030 \u00e0 21\u00a0h\u00a000, place aux trotteurs\u00a0! <a href=\"https:\/\/www.leprogres.fr\/culture-loisirs\/2025\/05\/07\/garden-party-courses-concert-visite-des-coulisses-l-hippodrome-de-parilly-fete-ses-60-ans-sous-le-signe-de-l-elegance\" target=\"_blank\" rel=\"noopener\">La belle r\u00e9union de courses<\/a> qui nous emm\u00e8ne, comme tous les ans, jusqu\u2019au cr\u00e9puscule.<\/p>\n<p>\u00c0 21\u00a0h\u00a000, spectacle d\u2019art \u00e9questre propos\u00e9 cette ann\u00e9e par la compagnie Cavalflip et ses num\u00e9ros empreints de po\u00e9sie, inspir\u00e9s du cirque et de la voltige.<\/p>\n<p>\u00c0 22\u00a0h\u00a015 dans une ambiance festive, le traditionnel feu d\u2019artifice sur le th\u00e8me \u00ab\u00a060 ans de rock\u00a0\u00bb, sous la houlette de l\u2019artificier Pyragric.<\/p>\n<p>Hippodrome de Parilly, 4-6 Av. Pierre Mend\u00e8s France, 69500 Bron. Tel\u00a0: 04\u00a078\u00a077\u00a045\u00a045<\/p>\n","protected":false},"excerpt":{"rendered":"Ce week-end, c\u2019est la F\u00eate de la Nature C\u2019est le week-end de la F\u00eate de la Nature, un&hellip;\n","protected":false},"author":2,"featured_media":122744,"comment_status":"","ping_status":"","sticky":false,"template":"","format":"standard","meta":{"footnotes":""},"categories":[1889],"tags":[1111,11,2430,9492,24503,1687,3152,1777,674,1011,27,24502,2428,12497,21446,12,25,4605,4606,13170,5070],"class_list":{"0":"post-122743","1":"post","2":"type-post","3":"status-publish","4":"format-standard","5":"has-post-thumbnail","7":"category-lyon","8":"tag-actu","9":"tag-actualites","10":"tag-auvergne-rhone-alpes","11":"tag-bron","12":"tag-corbas","13":"tag-culture-loisirs","14":"tag-edition-est-lyonnais","15":"tag-eu","16":"tag-europe","17":"tag-fr","18":"tag-france","19":"tag-genas","20":"tag-lyon","21":"tag-meyzieu","22":"tag-mions","23":"tag-news","24":"tag-republique-francaise","25":"tag-saint-priest","26":"tag-saint-priest-ville","27":"tag-solaize","28":"tag-vaulx-en-velin"},"share_on_mastodon":{"url":"https:\/\/pubeurope.com\/@fr\/114558837941728138","error":""},"_links":{"self":[{"href":"https:\/\/www.europesays.com\/fr\/wp-json\/wp\/v2\/posts\/122743","targetHints":{"allow":["GET"]}}],"collection":[{"href":"https:\/\/www.europesays.com\/fr\/wp-json\/wp\/v2\/posts"}],"about":[{"href":"https:\/\/www.europesays.com\/fr\/wp-json\/wp\/v2\/types\/post"}],"author":[{"embeddable":true,"href":"https:\/\/www.europesays.com\/fr\/wp-json\/wp\/v2\/users\/2"}],"replies":[{"embeddable":true,"href":"https:\/\/www.europesays.com\/fr\/wp-json\/wp\/v2\/comments?post=122743"}],"version-history":[{"count":0,"href":"https:\/\/www.europesays.com\/fr\/wp-json\/wp\/v2\/posts\/122743\/revisions"}],"wp:featuredmedia":[{"embeddable":true,"href":"https:\/\/www.europesays.com\/fr\/wp-json\/wp\/v2\/media\/122744"}],"wp:attachment":[{"href":"https:\/\/www.europesays.com\/fr\/wp-json\/wp\/v2\/media?parent=122743"}],"wp:term":[{"taxonomy":"category","embeddable":true,"href":"https:\/\/www.europesays.com\/fr\/wp-json\/wp\/v2\/categories?post=122743"},{"taxonomy":"post_tag","embeddable":true,"href":"https:\/\/www.europesays.com\/fr\/wp-json\/wp\/v2\/tags?post=122743"}],"curies":[{"name":"wp","href":"https:\/\/api.w.org\/{rel}","templated":true}]}}