{"id":122751,"date":"2025-05-23T19:41:08","date_gmt":"2025-05-23T19:41:08","guid":{"rendered":"https:\/\/www.europesays.com\/fr\/122751\/"},"modified":"2025-05-23T19:41:08","modified_gmt":"2025-05-23T19:41:08","slug":"jusqua-trois-ans-de-prison-ferme-pour-les-papys-braqueurs","status":"publish","type":"post","link":"https:\/\/www.europesays.com\/fr\/122751\/","title":{"rendered":"jusqu&rsquo;\u00e0 trois ans de prison ferme pour les papys braqueurs"},"content":{"rendered":"<p>            Par<br \/>\n        <strong><br \/>\n            <a href=\"https:\/\/actu.fr\/auteur\/thomas-martin\" title=\"Consulter tous les articles de Thomas Martin\" target=\"_blank\" rel=\"noopener\">Thomas Martin<\/a><br \/>\n        <\/strong><\/p>\n<p>        Publi\u00e9 le<\/p>\n<p>            23 mai 2025 \u00e0 20h53        <\/p>\n<p>Un spectaculaire braquage de superstar am\u00e9ricaine en pleine Fashion Week de Paris, et neuf ans apr\u00e8s, le verdict.\u00a0La cour d\u2019assises de Paris a condamn\u00e9 ce vendredi 23 mai 2025 les <a href=\"https:\/\/actu.fr\/ile-de-france\/paris_75056\/paris-douze-braqueurs-aux-cheveux-blancs-juges-pour-l-incroyable-vol-des-bijoux-de-kim-kardashian_62483182.html\" target=\"_blank\" rel=\"noopener\">\u00ab\u00a0papys braqueurs\u00a0\u00bb<\/a> de la star am\u00e9ricaine Kim Kardashian \u00e0 des peines allant jusqu\u2019\u00e0 huit ans de prison dont trois ferme, pour le cerveau de l\u2019op\u00e9ration Aomar A\u00eft Khedache, qui ne purgera cependant pas sa peine en prison.<\/p>\n<p>Kim Kardashian satisfaite du verdict<\/p>\n<p class=\" wall-content\">La cour a en outre acquitt\u00e9 deux hommes accus\u00e9s d\u2019\u00eatre les \u00ab\u00a0taupes\u00a0\u00bb ayant fourni de pr\u00e9cieuses informations sur l\u2019agenda de la reine des influenceuses. \u00ab\u00a0Les peines sont assez peu s\u00e9v\u00e8res, elles ont \u00e9t\u00e9 pens\u00e9es \u00e0 distance de cet \u00e9v\u00e8nement grave qui a marqu\u00e9 les parties civiles et j\u2019entends que vous entendiez, vous avez fait du mal\u00a0\u00bb, a d\u00e9clar\u00e9 le pr\u00e9sident David De Pas en s\u2019adressant aux accus\u00e9s. Kim Kardashian est \u00ab\u00a0satisfaite\u00a0\u00bb du verdict selon ses avocats.\u00a0<\/p>\n<p class=\" wall-content\">La cour d\u2019assises a pris en compte \u00ab\u00a0le temps \u00e9coul\u00e9\u00a0\u00bb et le fait que \u00ab\u00a0aucun d\u2019entre vous n\u2019a fait parler de lui durant ces neuf ann\u00e9es\u00a0\u00bb. Mais aussi, \u00ab\u00a0comment ne pas le voir, comment ne pas l\u2019entendre, l\u2019\u00e9tat de sant\u00e9 des principaux protagonistes interdit \u00e9thiquement d\u2019incarc\u00e9rer quiconque et de fait, il aurait \u00e9t\u00e9 injuste de vous conduire en prison ce soir\u00a0\u00bb, a-t-il ajout\u00e9.<br \/>Aomar A\u00eft Khedache, 69 ans, a \u00e9t\u00e9 reconnu coupable d\u2019avoir \u00e9t\u00e9 le \u00ab\u00a0cerveau\u00a0\u00bb de ce braquage record \u00e0 9 millions d\u2019euros de bijoux qui s\u2019est d\u00e9roul\u00e9 dans la nuit du 2 au 3 octobre 2016 pendant la Fashion Week.<\/p>\n<p class=\" wall-content\">Surnomm\u00e9 \u00ab\u00a0Omar le Vieux\u00a0\u00bb et aujourd\u2019hui sourd et quasiment muet, il a suivi les quatre semaines d\u2019audiences sur un \u00e9cran o\u00f9 \u00e9taient retranscrits les d\u00e9bats.<br \/>Didier Dubreucq ou \u00ab\u00a0Yeux bleus\u00a0\u00bb, 69 ans \u00e9galement, qui jurait ne pas \u00eatre le deuxi\u00e8me homme mont\u00e9 dans la chambre d\u2019h\u00f4tel de Kim Kardashian, s\u2019est vu infliger sept ans de prison dont deux ans ferme.\u00a0 Il \u00e9tait absent du d\u00e9lib\u00e9r\u00e9 \u2013 il suivait une chimioth\u00e9rapie en marge du proc\u00e8s pour un cancer et a d\u00fb \u00eatre hospitalis\u00e9 il y a quelques jours.<\/p>\n<p class=\" wall-content\">Yunice Abbas, 71 ans et Marc-Alexandre Boyer, 35 ans, ont \u00e9t\u00e9 sanctionn\u00e9s de la m\u00eame peine pour avoir fait le guet ce soir-l\u00e0. Le premier a \u00e9t\u00e9 op\u00e9r\u00e9 du coeur pendant sa d\u00e9tention provisoire et est atteint de la maladie de Parkinson.<\/p>\n<p>Vid\u00e9os : en ce moment sur Actu<\/p>\n<p class=\" wall-content\">Le fils d\u2019Aomar A\u00eft Khedache, Harminy, a \u00e9cop\u00e9 de cinq ans dont un an ferme et Cathy Glotin, son ancienne compagne,\u00a0de quatre ans de prison avec sursis.<br \/>En dehors des deux acquitt\u00e9s, les deux derniers accus\u00e9s ont \u00e9t\u00e9 condamn\u00e9s \u00e0 une amende ou du sursis pour des d\u00e9lits connexes.<\/p>\n<p class=\" wall-content\"><strong>Avec AFP<\/strong><\/p>\n<p class=\" wall-content\">Suivez toute l\u2019actualit\u00e9 de vos villes et m\u00e9dias favoris en vous inscrivant \u00e0 <a href=\"https:\/\/moncompte.actu.fr\" title=\"D\u00e9couvez Mon Actu\" rel=\"nofollow noopener\" data-trk=\"{&quot;cta&quot;:{&quot;action&quot;:&quot;https:\\\/\\\/moncompte.actu.fr&quot;,&quot;category&quot;:&quot;mon compte&quot;,&quot;from&quot;:&quot;article footer&quot;,&quot;name&quot;:&quot;Mon actu&quot;,&quot;type&quot;:&quot;cta&quot;}}\" target=\"_blank\">Mon Actu<\/a>.<\/p>\n","protected":false},"excerpt":{"rendered":"Par Thomas Martin Publi\u00e9 le 23 mai 2025 \u00e0 20h53 Un spectaculaire braquage de superstar am\u00e9ricaine en pleine&hellip;\n","protected":false},"author":2,"featured_media":122752,"comment_status":"","ping_status":"","sticky":false,"template":"","format":"standard","meta":{"footnotes":""},"categories":[1888],"tags":[1111,1928,11,1927,1777,674,118,1011,27,303,12,1926,626,1925,973,25,4595],"class_list":{"0":"post-122751","1":"post","2":"type-post","3":"status-publish","4":"format-standard","5":"has-post-thumbnail","7":"category-paris","8":"tag-actu","9":"tag-actu-paris","10":"tag-actualites","11":"tag-actualites-paris","12":"tag-eu","13":"tag-europe","14":"tag-faits-divers","15":"tag-fr","16":"tag-france","17":"tag-justice","18":"tag-news","19":"tag-news-paris","20":"tag-paris","21":"tag-paris-news","22":"tag-people","23":"tag-republique-francaise","24":"tag-tribunal-de-paris"},"share_on_mastodon":{"url":"https:\/\/pubeurope.com\/@fr\/114558853595532060","error":""},"_links":{"self":[{"href":"https:\/\/www.europesays.com\/fr\/wp-json\/wp\/v2\/posts\/122751","targetHints":{"allow":["GET"]}}],"collection":[{"href":"https:\/\/www.europesays.com\/fr\/wp-json\/wp\/v2\/posts"}],"about":[{"href":"https:\/\/www.europesays.com\/fr\/wp-json\/wp\/v2\/types\/post"}],"author":[{"embeddable":true,"href":"https:\/\/www.europesays.com\/fr\/wp-json\/wp\/v2\/users\/2"}],"replies":[{"embeddable":true,"href":"https:\/\/www.europesays.com\/fr\/wp-json\/wp\/v2\/comments?post=122751"}],"version-history":[{"count":0,"href":"https:\/\/www.europesays.com\/fr\/wp-json\/wp\/v2\/posts\/122751\/revisions"}],"wp:featuredmedia":[{"embeddable":true,"href":"https:\/\/www.europesays.com\/fr\/wp-json\/wp\/v2\/media\/122752"}],"wp:attachment":[{"href":"https:\/\/www.europesays.com\/fr\/wp-json\/wp\/v2\/media?parent=122751"}],"wp:term":[{"taxonomy":"category","embeddable":true,"href":"https:\/\/www.europesays.com\/fr\/wp-json\/wp\/v2\/categories?post=122751"},{"taxonomy":"post_tag","embeddable":true,"href":"https:\/\/www.europesays.com\/fr\/wp-json\/wp\/v2\/tags?post=122751"}],"curies":[{"name":"wp","href":"https:\/\/api.w.org\/{rel}","templated":true}]}}