{"id":122755,"date":"2025-05-23T19:45:09","date_gmt":"2025-05-23T19:45:09","guid":{"rendered":"https:\/\/www.europesays.com\/fr\/122755\/"},"modified":"2025-05-23T19:45:09","modified_gmt":"2025-05-23T19:45:09","slug":"cest-une-force-et-un-vrai-defi-dans-les-coulisses-du-nouveau-centre-de-maintenance-ultramoderne-de-la-ratp","status":"publish","type":"post","link":"https:\/\/www.europesays.com\/fr\/122755\/","title":{"rendered":"\u00ab\u00a0C\u2019est une force et un vrai d\u00e9fi\u00a0\u00bb\u00a0: dans les coulisses du nouveau centre de maintenance ultramoderne de la RATP"},"content":{"rendered":"<p class=\"paragraph text_align_left\">C\u2019est l\u00e0, en plein Paris, que, depuis novembre 2024, la RATP a transf\u00e9r\u00e9 son atelier de maintenance des \u00e9quipements (AME) nouvelle g\u00e9n\u00e9ration. Auparavant, il \u00e9tait install\u00e9 \u00e0 Saint-Fargeau dans le XXe arrondissement. Mais \u00e0 l\u2019occasion d\u2019une vaste op\u00e9ration immobili\u00e8re, la RATP a d\u00e9cid\u00e9 de cr\u00e9er un nouvel AME de 12 000 m2 b\u00e2ti sur pilotis, ultramoderne, \u00e0 c\u00f4t\u00e9 des ateliers de maintenance des trains install\u00e9s dans ce quartier du XVe arrondissement depuis 1910.<\/p>\n","protected":false},"excerpt":{"rendered":"C\u2019est l\u00e0, en plein Paris, que, depuis novembre 2024, la RATP a transf\u00e9r\u00e9 son atelier de maintenance des&hellip;\n","protected":false},"author":2,"featured_media":122756,"comment_status":"","ping_status":"","sticky":false,"template":"","format":"standard","meta":{"footnotes":""},"categories":[1888],"tags":[11,1777,674,1011,27,1944,12,626,25,2382],"class_list":{"0":"post-122755","1":"post","2":"type-post","3":"status-publish","4":"format-standard","5":"has-post-thumbnail","7":"category-paris","8":"tag-actualites","9":"tag-eu","10":"tag-europe","11":"tag-fr","12":"tag-france","13":"tag-ma-ville","14":"tag-news","15":"tag-paris","16":"tag-republique-francaise","17":"tag-transport-idf-oise"},"share_on_mastodon":{"url":"https:\/\/pubeurope.com\/@fr\/114558869459749034","error":""},"_links":{"self":[{"href":"https:\/\/www.europesays.com\/fr\/wp-json\/wp\/v2\/posts\/122755","targetHints":{"allow":["GET"]}}],"collection":[{"href":"https:\/\/www.europesays.com\/fr\/wp-json\/wp\/v2\/posts"}],"about":[{"href":"https:\/\/www.europesays.com\/fr\/wp-json\/wp\/v2\/types\/post"}],"author":[{"embeddable":true,"href":"https:\/\/www.europesays.com\/fr\/wp-json\/wp\/v2\/users\/2"}],"replies":[{"embeddable":true,"href":"https:\/\/www.europesays.com\/fr\/wp-json\/wp\/v2\/comments?post=122755"}],"version-history":[{"count":0,"href":"https:\/\/www.europesays.com\/fr\/wp-json\/wp\/v2\/posts\/122755\/revisions"}],"wp:featuredmedia":[{"embeddable":true,"href":"https:\/\/www.europesays.com\/fr\/wp-json\/wp\/v2\/media\/122756"}],"wp:attachment":[{"href":"https:\/\/www.europesays.com\/fr\/wp-json\/wp\/v2\/media?parent=122755"}],"wp:term":[{"taxonomy":"category","embeddable":true,"href":"https:\/\/www.europesays.com\/fr\/wp-json\/wp\/v2\/categories?post=122755"},{"taxonomy":"post_tag","embeddable":true,"href":"https:\/\/www.europesays.com\/fr\/wp-json\/wp\/v2\/tags?post=122755"}],"curies":[{"name":"wp","href":"https:\/\/api.w.org\/{rel}","templated":true}]}}