{"id":122767,"date":"2025-05-23T19:51:12","date_gmt":"2025-05-23T19:51:12","guid":{"rendered":"https:\/\/www.europesays.com\/fr\/122767\/"},"modified":"2025-05-23T19:51:12","modified_gmt":"2025-05-23T19:51:12","slug":"12-blesses-dans-une-attaque-au-couteau-a-la-gare-de-hambourg","status":"publish","type":"post","link":"https:\/\/www.europesays.com\/fr\/122767\/","title":{"rendered":"12 bless\u00e9s dans une attaque au couteau \u00e0 la gare de Hambourg"},"content":{"rendered":"<p class=\"latino-300b text-grey-800\">\n<p>  Par\u00a0<br \/>\nLe Nouvel Obs avec AFP          <\/p>\n<p class=\"latino-300r text-grey-600\">\n      Publi\u00e9 le<\/p>\n<p>    23 mai 2025 \u00e0 21h47<\/p>\n<p>      <img fetchpriority=\"high\" decoding=\"async\" class=\"mx-auto\" src=\"data:image\/svg+xml,%3Csvg%20xmlns%3D%27http%3A%2F%2Fwww.w3.org%2F2000%2Fsvg%27%20fill%3D%22%23e4e4e4%22%20viewBox%3D%270%200%20510%20340%27%20width%3D%22510%22%20height%3D%22340%22%3E%3Cpath%20d%3D%27M0%200h510v340H0z%27%2F%3E%3C%2Fsvg%3E\"  loading=\"eager\" width=\"510\" height=\"340\" data-oncrawl-image-size=\"510x340\" alt=\"Des policiers et des m\u00e9decins \u00e0 la gare de Hambourg, en Allemagne, le 23\u00a0mai 2025.\"\/>      <\/p>\n<p class=\"latino-100m text-grey-600\">\n            Des policiers et des m\u00e9decins \u00e0 la gare de Hambourg, en Allemagne, le 23\u00a0mai 2025.\u00a0GEORG WENDT\/AP\/SIPA        <\/p>\n<p>    Lire\u00a0plus\u00a0tard  <\/p>\n<p><a aria-label=\"Nous suivre sur Google News\" href=\"https:\/\/news.google.com\/publications\/CAAqBwgKMJe4nQkw3dFs?hl=fr&amp;gl=FR&amp;ceid=FR%3Afr\" target=\"_blank\" data-piano=\"Page_Article,Sous_date_publi,Nous_suivre_sur_google_news,1er_clic,action\" class=\"btn btn--small btn--secondary\" rel=\"noopener\"><\/p>\n<p>      Google Actualit\u00e9s<br \/>\n  <\/a><\/p>\n<p>  Partager<\/p>\n<p>        Facebook<\/p>\n<p>        Bluesky<\/p>\n<p>        E-mail<\/p>\n<p>        Copier le lien<\/p>\n<p>      Envoyer<\/p>\n<p>    Temps de lecture\u00a0:\u00a02\u00a0min.<\/p>\n<p class=\"node__paragraphe antonia-750r text-grey-800 pb-24 pb-md-30\">\nUne attaque au couteau a fait 12 bless\u00e9s, dont plusieurs gri\u00e8vement, ce vendredi 23\u00a0mai au soir dans la gare centrale de Hambourg, dans le nord de l\u2019Allemagne, ont indiqu\u00e9 les pompiers et la police qui a interpell\u00e9 une femme de 39\u00a0ans. Une porte-parole de la direction de la police f\u00e9d\u00e9rale a d\u00e9clar\u00e9 qu\u2019il s\u2019agissait d\u2019une attaque au couteau \u00ab\u00a0commise par une femme contre des voyageurs\u00a0\u00bb.<\/p>\n<p class=\"node__paragraphe antonia-750r text-grey-800 pb-24 pb-md-30\">\nL\u2019assaillante pr\u00e9sum\u00e9e, dont les motifs restent \u00e0 d\u00e9terminer, a \u00e9t\u00e9 interpell\u00e9e peu apr\u00e8s les faits, en d\u00e9but de soir\u00e9e, selon la police. Il s\u2019agit d\u2019une femme \u00e2g\u00e9e de 39\u00a0ans dont les autorit\u00e9s pensent \u00ab\u00a0qu\u2019elle a agi seule\u00a0\u00bb. Selon un porte-parole des pompiers de Hambourg joint par l\u2019AFP, plusieurs personnes, parmi les 12 bless\u00e9s, se trouvent dans un \u00e9tat critique.<\/p>\n<p class=\"node__paragraphe antonia-750r text-grey-800 pb-24 pb-md-30\">\nD\u2019apr\u00e8s les premiers \u00e9l\u00e9ments, l\u2019attaque a eu lieu sur un quai de la gare de la deuxi\u00e8me ville la plus peupl\u00e9e d\u2019Allemagne. La police dit \u00ab\u00a0enqu\u00eater sur les circonstances\u00a0\u00bb de l\u2019agression. Une importante op\u00e9ration de secours est en cours, selon la m\u00eame source. Des photos publi\u00e9es par l\u2019AFP montraient des bless\u00e9s pris en charge sur des civi\u00e8res ainsi qu\u2019un quai ferroviaire boucl\u00e9 par les forces de l\u2019ordre.<\/p>\n<p>S\u00e9rie d\u2019attaques<\/p>\n<p class=\"node__paragraphe antonia-750r text-grey-800 pb-24 pb-md-30\">\n\u00ab\u00a0En raison de l\u2019intervention polici\u00e8re en cours, les voies 11 \u00e0 14 de la gare centrale de Hambourg sont actuellement ferm\u00e9es\u00a0\u00bb, a indiqu\u00e9 la compagnie ferroviaire Deutsche Bahn sur le r\u00e9seau social X. L\u2019Allemagne a connu ces derniers mois <a href=\"https:\/\/www.nouvelobs.com\/monde\/20250122.OBS99330\/en-allemagne-deux-morts-dans-une-attaque-au-couteau-dans-un-parc.html\" target=\"_blank\" rel=\"noopener\">plusieurs attaques meurtri\u00e8res \u00e0 l\u2019arme blanche qui ont choqu\u00e9 le pays<\/a>, des attentats \u00e0 motif jihadiste et des violences d\u2019extr\u00eame droite qui ont mis au premier plan les questions de s\u00e9curit\u00e9.<\/p>\n<p class=\"node__paragraphe antonia-750r text-grey-800 pb-24 pb-md-30\">\nSamedi dernier, quatre personnes ont \u00e9t\u00e9 bless\u00e9es lors d\u2019une agression au couteau dans l\u2019ouest du pays. L\u2019auteur pr\u00e9sum\u00e9 est un Syrien de 35\u00a0ans arr\u00eat\u00e9 par les autorit\u00e9s qui suspectent un attentat islamiste. Il avait frapp\u00e9 un groupe de personnes devant un bar du centre-ville de Bielefeld avant de prendre la fuite.<\/p>\n<p class=\"latino-500b text-grey-600 pb-16\">A lire aussi<\/p>\n<p><a href=\"https:\/\/www.nouvelobs.com\/monde\/20241224.OBS98211\/tout-le-monde-a-en-tete-l-attaque-a-magdebourg-au-marche-de-noel-de-sarrebruck-les-visiteurs-entre-craintes-et-incomprehension.html\" data-article-key=\"20241224.OBS98211\" class=\"link--box flex-grow-1\" data-piano=\"Page_Article,Lire_aussi,,Lien1,navigation\" target=\"_blank\" rel=\"noopener\"><\/p>\n<p>                <img decoding=\"async\" src=\"data:image\/svg+xml,%3Csvg%20xmlns%3D%27http%3A%2F%2Fwww.w3.org%2F2000%2Fsvg%27%20fill%3D%22%23e4e4e4%22%20viewBox%3D%270%200%20120%2080%27%20width%3D%22120%22%20height%3D%2280%22%3E%3Cpath%20d%3D%27M0%200h120v80H0z%27%2F%3E%3C%2Fsvg%3E\"  width=\"120\" height=\"80\" loading=\"lazy\" alt=\"Le march\u00e9 de No\u00ebl de Sarrebruck, capitale du Land de la Sarre, dans le sud-ouest de l\u2019Allemagne, le 23\u00a0d\u00e9cembre 2024.\"\/><\/p>\n<p class=\"latino-300r latino-lg-600m text-grey-800\">\n                      <strong class=\"latino-300b latino-lg-600m text-grey-500\">Reportage\u00a0<\/strong><br \/>\n                    \u00ab\u00a0Tout le monde a en t\u00eate l\u2019attaque \u00e0 Magdebourg\u00a0\u00bb\u00a0: au march\u00e9 de No\u00ebl de Sarrebruck, les visiteurs entre craintes et incompr\u00e9hension        <\/p>\n<p><\/a><\/p>\n<p>    Lire\u00a0plus\u00a0tard  <\/p>\n<p class=\"node__paragraphe antonia-750r text-grey-800 pb-24 pb-md-30\">\nL\u2019agression au couteau d\u2019un \u00e9colier de 12\u00a0ans dans la cour de son \u00e9cole par un de ses camarades de 13\u00a0ans a \u00e9galement fait les gros titres de la presse cette semaine.<\/p>\n<p>Durcissement de la l\u00e9gislation<\/p>\n<p class=\"node__paragraphe antonia-750r text-grey-800 pb-24 pb-md-30\">\nSous pression pour faire diminuer le nombre d\u2019agressions \u00e0 l\u2019arme blanche, le gouvernement allemand avait durci l\u2019\u00e9t\u00e9 dernier la l\u00e9gislation sur le port de couteaux, interdits dans les rassemblements publics et dans les transports longue distance. Des villes ont \u00e9galement d\u00e9cr\u00e9t\u00e9 des zones o\u00f9 le port de couteau est interdit, autant de mesures dont l\u2019efficacit\u00e9 est mise en doute par les experts et les syndicats de policier.<\/p>\n<p class=\"node__paragraphe antonia-750r text-grey-800 pb-24 pb-md-30\">\nUn premier durcissement de la l\u00e9gislation avait \u00e9t\u00e9 d\u00e9cid\u00e9 apr\u00e8s <a href=\"https:\/\/www.nouvelobs.com\/monde\/20240825.OBS92770\/attaque-au-couteau-de-solingen-le-suspect-a-reconnu-les-faits.html\" target=\"_blank\" rel=\"noopener\">un attentat commis lors d\u2019une f\u00eate populaire \u00e0 Solingen<\/a> (ouest) o\u00f9 un Syrien avait frapp\u00e9 dans la foule, faisant trois morts et huit bless\u00e9s, une attaque revendiqu\u00e9e par l\u2019organisation jihadiste Etat islamique (EI).<\/p>\n<p class=\"node__paragraphe antonia-750r text-grey-800 pb-24 pb-md-30\">\nQuelques mois plus t\u00f4t, <a href=\"https:\/\/www.nouvelobs.com\/monde\/20240602.OBS89191\/apres-l-attaque-au-couteau-en-allemagne-un-policier-succombe-a-ses-blessures.html\" target=\"_blank\" rel=\"noopener\">une attaque au couteau visant un rassemblement anti-Islam \u00e0 Mannheim<\/a> (ouest) avait fait un mort, un jeune policier qui s\u2019\u00e9tait interpos\u00e9. L\u2019agresseur pr\u00e9sum\u00e9 \u00e9tait un ressortissant afghan.<\/p>\n<p>D\u00e9bat sur la politique migratoire<\/p>\n<p class=\"node__paragraphe antonia-750r text-grey-800 pb-24 pb-md-30\">\nFin janvier, un enfant de deux ans et un homme sont morts dans une attaque au couteau commise dans un parc du sud de l\u2019Allemagne par un Afghan de 28\u00a0ans, aux lourds ant\u00e9c\u00e9dents psychiatriques, qui s\u2019en \u00e9tait pris \u00e0 un groupe d\u2019\u00e9coliers. L\u2019Allemagne a \u00e9galement connu deux attentats \u00e0 la voiture b\u00e9lier qui ont fait plusieurs morts et bless\u00e9s.<\/p>\n<p class=\"latino-500b text-grey-600 pb-16\">A lire aussi<\/p>\n<p><a href=\"https:\/\/www.nouvelobs.com\/monde\/20240404.OBS86664\/extreme-droite-en-allemagne-du-jamais-vu-depuis-la-fin-de-la-seconde-guerre-mondiale.html\" data-article-key=\"20240404.OBS86664\" class=\"link--box flex-grow-1\" data-piano=\"Page_Article,Lire_aussi,,Lien2,navigation\" target=\"_blank\" rel=\"noopener\"><\/p>\n<p>                <img decoding=\"async\" src=\"data:image\/svg+xml,%3Csvg%20xmlns%3D%27http%3A%2F%2Fwww.w3.org%2F2000%2Fsvg%27%20fill%3D%22%23e4e4e4%22%20viewBox%3D%270%200%20120%2080%27%20width%3D%22120%22%20height%3D%2280%22%3E%3Cpath%20d%3D%27M0%200h120v80H0z%27%2F%3E%3C%2Fsvg%3E\"  width=\"120\" height=\"80\" loading=\"lazy\" alt=\"Lors d\u2019une conf\u00e9rence d\u2019Alternative f\u00fcr Deutschland (AfD) \u00e0 J\u00fcterbog, dans le Brandebourg, le 16\u00a0mars 2024. Dans ce Land d\u2019ex-Allemagne de l\u2019Est, o\u00f9 auront lieu des \u00e9lections r\u00e9gionales en septembre, le parti d\u2019extr\u00eame droite recueille 30\u00a0% des intentions de vote.\"\/><\/p>\n<p class=\"latino-300r latino-lg-600m text-grey-800\">\n                      <strong class=\"latino-300b latino-lg-600m text-grey-500\">Entretien\u00a0<\/strong><br \/>\n                    Extr\u00eame droite en Allemagne\u00a0: \u00ab\u00a0Du jamais-vu depuis la fin de la Seconde Guerre mondiale\u00a0\u00bb        <\/p>\n<p><\/a><\/p>\n<p>    Lire\u00a0plus\u00a0tard  <\/p>\n<p class=\"node__paragraphe antonia-750r text-grey-800 pb-24 pb-md-30\">\nCette s\u00e9rie de crimes dont les auteurs ont des origines \u00e9trang\u00e8res a conduit \u00e0 un durcissement du d\u00e9bat sur la politique migratoire avant les \u00e9lections l\u00e9gislatives du 23\u00a0f\u00e9vrier remport\u00e9es par le parti conservateur. Le scrutin a vu <a href=\"https:\/\/www.nouvelobs.com\/monde\/20250223.OBS100686\/allemagne-les-conservateurs-remportent-les-elections-legislatives-l-extreme-droite-en-deuxieme-place.html\" target=\"_blank\" rel=\"noopener\">le parti d\u2019extr\u00eame droite AfD arriver en seconde position<\/a>.<\/p>\n<p class=\"latino-600m text-grey-800\">\n<p>  Par\u00a0<br \/>\nLe Nouvel Obs avec AFP    <\/p>\n","protected":false},"excerpt":{"rendered":"Par\u00a0 Le Nouvel Obs avec AFP Publi\u00e9 le 23 mai 2025 \u00e0 21h47 Des policiers et des m\u00e9decins&hellip;\n","protected":false},"author":2,"featured_media":122768,"comment_status":"","ping_status":"","sticky":false,"template":"","format":"standard","meta":{"footnotes":""},"categories":[1587],"tags":[6888,17,11,672,834,4901,1804,5264,1805,1803,1777,674,7533,1801,1900,74,12,1802],"class_list":{"0":"post-122767","1":"post","2":"type-post","3":"status-publish","4":"format-standard","5":"has-post-thumbnail","7":"category-allemagne","8":"tag-6888","9":"tag-17","10":"tag-actualites","11":"tag-allemagne","12":"tag-attaque","13":"tag-blesses","14":"tag-bundesrepublik-deutschland","15":"tag-couteau","16":"tag-de","17":"tag-deutschland","18":"tag-eu","19":"tag-europe","20":"tag-gare","21":"tag-germany","22":"tag-hambourg","23":"tag-monde","24":"tag-news","25":"tag-republique-federale-dallemagne"},"share_on_mastodon":{"url":"https:\/\/pubeurope.com\/@fr\/114558893228928269","error":""},"_links":{"self":[{"href":"https:\/\/www.europesays.com\/fr\/wp-json\/wp\/v2\/posts\/122767","targetHints":{"allow":["GET"]}}],"collection":[{"href":"https:\/\/www.europesays.com\/fr\/wp-json\/wp\/v2\/posts"}],"about":[{"href":"https:\/\/www.europesays.com\/fr\/wp-json\/wp\/v2\/types\/post"}],"author":[{"embeddable":true,"href":"https:\/\/www.europesays.com\/fr\/wp-json\/wp\/v2\/users\/2"}],"replies":[{"embeddable":true,"href":"https:\/\/www.europesays.com\/fr\/wp-json\/wp\/v2\/comments?post=122767"}],"version-history":[{"count":0,"href":"https:\/\/www.europesays.com\/fr\/wp-json\/wp\/v2\/posts\/122767\/revisions"}],"wp:featuredmedia":[{"embeddable":true,"href":"https:\/\/www.europesays.com\/fr\/wp-json\/wp\/v2\/media\/122768"}],"wp:attachment":[{"href":"https:\/\/www.europesays.com\/fr\/wp-json\/wp\/v2\/media?parent=122767"}],"wp:term":[{"taxonomy":"category","embeddable":true,"href":"https:\/\/www.europesays.com\/fr\/wp-json\/wp\/v2\/categories?post=122767"},{"taxonomy":"post_tag","embeddable":true,"href":"https:\/\/www.europesays.com\/fr\/wp-json\/wp\/v2\/tags?post=122767"}],"curies":[{"name":"wp","href":"https:\/\/api.w.org\/{rel}","templated":true}]}}