{"id":122776,"date":"2025-05-23T19:56:16","date_gmt":"2025-05-23T19:56:16","guid":{"rendered":"https:\/\/www.europesays.com\/fr\/122776\/"},"modified":"2025-05-23T19:56:16","modified_gmt":"2025-05-23T19:56:16","slug":"un-nouveau-variant-responsable-dune-flambee-des-cas-en-chine-detecte-en-france","status":"publish","type":"post","link":"https:\/\/www.europesays.com\/fr\/122776\/","title":{"rendered":"un nouveau variant responsable d&rsquo;une flamb\u00e9e des cas en Chine d\u00e9tect\u00e9 en France"},"content":{"rendered":"<p class=\"articleHead-lead\">\n            Sorti de tous les esprits depuis plusieurs mois, le Covid-19 refait son apparition. Une autre souche du virus vient d\u2019\u00eatre d\u00e9tect\u00e9e en France alors que les cas explosent en Chine.\n        <\/p>\n<p>            <img decoding=\"async\"  src=\"https:\/\/www.europesays.com\/fr\/wp-content\/uploads\/2025\/05\/1748030175_47_picture.jpg\"  class=\"apply-ratio\" alt=\"Le Covid-19 va-t-il faire son retour en France ? Un variant inqui\u00e8te !\"\/><\/p>\n<p>\n                                            \u00a9 Justin Paget\/Getty Images<\/p>\n<p>                                             &#8211; Le Covid-19 va-t-il faire son retour en France ? Un variant inqui\u00e8te !\n                                    <\/p>\n<ul class=\"articleMainFollow-list\">\n<li class=\"articleMainFollow-item\">\n<p>                        Sauvegarder<\/p>\n<p>                        Sauvegard\u00e9<\/p>\n<\/li>\n<li class=\"articleMainFollow-item\">\n<\/li>\n<\/ul>\n<p>\n                    Recevoir les alertes Covid-19\n                <\/p>\n<p><a href=\"https:\/\/www.capital.fr\/economie-politique\/covid-19-jai-des-symptomes-que-dois-je-faire-1479396\" target=\"_blank\" rel=\"noopener\">Le Covid-19<\/a> va-t-il faire son grand retour ? Lors des derni\u00e8res <a href=\"https:\/\/www.capital.fr\/economie-politique\/grippe-bronchiolite-covid-19-vers-un-rebond-inquietant-avant-le-nouvel-an-1507396\" target=\"_blank\" rel=\"noopener\">f\u00eates de fin d\u2019ann\u00e9e<\/a>, Sant\u00e9 publique France avait alert\u00e9 sur un rebond des infections respiratoires aigu\u00ebs en m\u00e9decine de ville et \u00e0 l\u2019h\u00f4pital. Mais \u00e0 l\u2019\u00e9poque, l\u2019activit\u00e9 li\u00e9e au Covid-19 restait plut\u00f4t stable. Sauf qu\u2019aujourd\u2019hui, c\u2019est un nouveau variant du virus qui inqui\u00e8te, rapporte <a href=\"https:\/\/www.bfmtv.com\/sante\/info-bfmtv-covid-19-un-nouveau-variant-inquietant-identifie-pour-la-premiere-fois-en-france_AN-202505230742.html\" target=\"_blank\" rel=\"nofollow noopener\">BFMTV<\/a>. Connue sous le nom de <strong>NB.1.8.1<\/strong>, cette souche a \u00e9t\u00e9 d\u00e9tect\u00e9e pour la premi\u00e8re fois en France, indique le Centre national de r\u00e9f\u00e9rence de Lyon en charge des variants \u00e9mergents.<\/p>\n<p>Au total, quatre cas ont \u00e9t\u00e9 identifi\u00e9s, ce qui est loin d\u2019\u00eatre inqui\u00e9tant pour le moment. \u00abOn en a trouv\u00e9 un peu en France, pas beaucoup, quatre qui ont \u00e9t\u00e9 trouv\u00e9es, \u00e0 la fois \u00e0 l&rsquo;h\u00f4pital et en ville\u00bb, explique \u00e0 nos confr\u00e8res le virologue Bruno Lina. Toutefois, un nombre important de cas de ce variant a \u00e9t\u00e9 rep\u00e9r\u00e9 dans d\u2019autres pays, en particulier en Asie. Ainsi, <strong>la Chine a connu une flamb\u00e9e de cas <\/strong>depuis quelques semaines et les experts surveillent de pr\u00e8s sa circulation. C\u2019est <strong>\u00e0 Hong Kong<\/strong> qu\u2019elle a d\u2019ailleurs \u00e9t\u00e9 la plus \u00e9lev\u00e9e.<\/p>\n<p>        \u00c0 lire aussi :<br \/>\n        <a class=\"articleToRead-link\" href=\"https:\/\/www.capital.fr\/economie-politique\/faut-il-sinquieter-de-ce-coronavirus-identifie-sur-les-chauves-souris-et-pouvant-infecter-lhomme-1509603\" data-wide=\"\" target=\"_blank\" rel=\"noopener\"><br \/>\n            Faut-il s\u2019inqui\u00e9ter de ce coronavirus identifi\u00e9 sur les chauves-souris et pouvant infecter l\u2019homme ?<br \/>\n        <\/a><\/p>\n<p>Un variant pas encore sous surveillance<\/p>\n<p>En dehors de la Chine et de Hong Kong, l\u2019\u00e9pid\u00e9mie s\u00e9virait \u00e0 Ta\u00efwan o\u00f9 les passages aux urgences et le nombre de d\u00e9c\u00e8s ont fortement augment\u00e9. Interrog\u00e9 par BFMTV, le Centre europ\u00e9en de pr\u00e9vention et de contr\u00f4le des maladies (ECDC) confirme <strong>d\u2019autres cas en Europe<\/strong> depuis avril, notamment en Allemagne, en Irlande, en Su\u00e8de ou en Espagne. Mais le centre europ\u00e9en n\u2019a pas encore class\u00e9 <a href=\"https:\/\/www.capital.fr\/economie-politique\/covid-19-xec-ce-nouveau-variant-qui-se-propage-en-europe-1502400\" target=\"_blank\" rel=\"noopener\">ce variant<\/a> \u00absous surveillance\u00bb \u00e0 cause d\u2019un \u00abnombre de s\u00e9quences du SARS-CoV-2 actuellement assez faible\u00bb.<\/p>\n<p>Selon les donn\u00e9es de Sant\u00e9 publique France, les activit\u00e9s li\u00e9es au Covid-19 sont actuellement<strong> \u00e0 des niveaux faibles<\/strong> en ce qui concerne la saison hivernale 2024-2025. Dans son bulletin du 16 avril, l\u2019autorit\u00e9 sanitaire \u00e9voquait une diminution des indicateurs depuis les pics observ\u00e9s en juillet et septembre 2024. Alors pourquoi ce variant inqui\u00e8te-t-il autant actuellement ? Parce qu\u2019il aurait une capacit\u00e9 \u00abd&rsquo;\u00e9vasion immunitaire\u00bb, pr\u00e9cise le virologue Bruno Lina.<\/p>\n<p>        \u00c0 lire aussi :<br \/>\n        <a class=\"articleToRead-link\" href=\"https:\/\/www.capital.fr\/economie-politique\/fin-du-remboursement-des-tests-covid-en-pharmacie-ce-qui-change-au-1er-mars-2025-1508134\" data-wide=\"\" target=\"_blank\" rel=\"noopener\"><br \/>\n            Fin du remboursement des tests Covid en pharmacie : ce qui change au 1er mars 2025<br \/>\n        <\/a><\/p>\n<p>Cela signifie qu\u2019il pourrait <strong>\u00e9chapper aux d\u00e9fenses acquises<\/strong> par les patients en cas d\u2019infection ou de vaccin. Il ajoute : \u00abLes Chinois ont l&rsquo;air de dire que ce variant aurait un avantage de croissance (&#8230;) il rentre plus vite dans les cellules et se reproduit\u00bb, ce qui pourrait le rendre \u00abmajoritaire\u00bb \u00e0 l\u2019avenir. Pour l\u2019heure, les chiffres du Covid-19 restent rassurants, mais ce variant risque d\u2019\u00eatre tr\u00e8s surveill\u00e9.<\/p>\n<p>        Recevez nos derni\u00e8res news<\/p>\n<p>        Tous les jours, la s\u00e9lection des <b>principales infos<\/b> de la journ\u00e9e.<\/p>\n","protected":false},"excerpt":{"rendered":"Sorti de tous les esprits depuis plusieurs mois, le Covid-19 refait son apparition. Une autre souche du virus&hellip;\n","protected":false},"author":2,"featured_media":122777,"comment_status":"","ping_status":"","sticky":false,"template":"","format":"standard","meta":{"footnotes":""},"categories":[4],"tags":[11,4357,1011,27,12,25,8755,24504,5336],"class_list":{"0":"post-122776","1":"post","2":"type-post","3":"status-publish","4":"format-standard","5":"has-post-thumbnail","7":"category-france","8":"tag-actualites","9":"tag-covid-19","10":"tag-fr","11":"tag-france","12":"tag-news","13":"tag-republique-francaise","14":"tag-santu00e9","15":"tag-variant","16":"tag-virus"},"share_on_mastodon":{"url":"https:\/\/pubeurope.com\/@fr\/114558912841434552","error":""},"_links":{"self":[{"href":"https:\/\/www.europesays.com\/fr\/wp-json\/wp\/v2\/posts\/122776","targetHints":{"allow":["GET"]}}],"collection":[{"href":"https:\/\/www.europesays.com\/fr\/wp-json\/wp\/v2\/posts"}],"about":[{"href":"https:\/\/www.europesays.com\/fr\/wp-json\/wp\/v2\/types\/post"}],"author":[{"embeddable":true,"href":"https:\/\/www.europesays.com\/fr\/wp-json\/wp\/v2\/users\/2"}],"replies":[{"embeddable":true,"href":"https:\/\/www.europesays.com\/fr\/wp-json\/wp\/v2\/comments?post=122776"}],"version-history":[{"count":0,"href":"https:\/\/www.europesays.com\/fr\/wp-json\/wp\/v2\/posts\/122776\/revisions"}],"wp:featuredmedia":[{"embeddable":true,"href":"https:\/\/www.europesays.com\/fr\/wp-json\/wp\/v2\/media\/122777"}],"wp:attachment":[{"href":"https:\/\/www.europesays.com\/fr\/wp-json\/wp\/v2\/media?parent=122776"}],"wp:term":[{"taxonomy":"category","embeddable":true,"href":"https:\/\/www.europesays.com\/fr\/wp-json\/wp\/v2\/categories?post=122776"},{"taxonomy":"post_tag","embeddable":true,"href":"https:\/\/www.europesays.com\/fr\/wp-json\/wp\/v2\/tags?post=122776"}],"curies":[{"name":"wp","href":"https:\/\/api.w.org\/{rel}","templated":true}]}}