{"id":12278,"date":"2025-04-09T09:33:15","date_gmt":"2025-04-09T09:33:15","guid":{"rendered":"https:\/\/www.europesays.com\/fr\/12278\/"},"modified":"2025-04-09T09:33:15","modified_gmt":"2025-04-09T09:33:15","slug":"vous-laurez-bien-cherche-a-paris-deux-femmes-en-jupe-accusent-les-agents-dun-parc-de-les-avoir-insultees","status":"publish","type":"post","link":"https:\/\/www.europesays.com\/fr\/12278\/","title":{"rendered":"\u00ab\u00a0Vous l\u2019aurez bien cherch\u00e9\u00a0\u00bb\u00a0: \u00e0 Paris, deux femmes en jupe accusent les agents d\u2019un parc de les avoir insult\u00e9es"},"content":{"rendered":"<p class=\"paragraph text_align_left\">\u00ab Il fait 20 \u00b0C. Nous portons des collants noirs opaques et une jupe. Allong\u00e9es sur une nappe de pique-nique, nous discutons tranquillement \u00bb, recontextualise C\u00e9cilia, l\u2019une des deux Parisiennes vis\u00e9es, dans la publication Instagram. Selon cette professeur d\u2019espagnol en lyc\u00e9e, deux agents municipaux en uniforme les auraient interpell\u00e9es, elle et son amie Sandra, en raison de leurs v\u00eatements. Les deux hommes, \u00e2g\u00e9s respectivement \u00ab d\u2019une quarantaine et d\u2019une cinquantaine d\u2019ann\u00e9es \u00bb, auraient jug\u00e9 leurs tenues ind\u00e9centes au motif qu\u2019elles laissaient \u00ab tout \u00bb voir.<\/p>\n","protected":false},"excerpt":{"rendered":"\u00ab Il fait 20 \u00b0C. Nous portons des collants noirs opaques et une jupe. Allong\u00e9es sur une nappe&hellip;\n","protected":false},"author":2,"featured_media":12279,"comment_status":"","ping_status":"","sticky":false,"template":"","format":"standard","meta":{"footnotes":""},"categories":[1888],"tags":[1111,1928,11,1927,1777,674,1011,27,1944,12,1926,626,1925,25,104],"class_list":{"0":"post-12278","1":"post","2":"type-post","3":"status-publish","4":"format-standard","5":"has-post-thumbnail","7":"category-paris","8":"tag-actu","9":"tag-actu-paris","10":"tag-actualites","11":"tag-actualites-paris","12":"tag-eu","13":"tag-europe","14":"tag-fr","15":"tag-france","16":"tag-ma-ville","17":"tag-news","18":"tag-news-paris","19":"tag-paris","20":"tag-paris-news","21":"tag-republique-francaise","22":"tag-societe"},"share_on_mastodon":{"url":"https:\/\/pubeurope.com\/@fr\/114307321259486488","error":""},"_links":{"self":[{"href":"https:\/\/www.europesays.com\/fr\/wp-json\/wp\/v2\/posts\/12278","targetHints":{"allow":["GET"]}}],"collection":[{"href":"https:\/\/www.europesays.com\/fr\/wp-json\/wp\/v2\/posts"}],"about":[{"href":"https:\/\/www.europesays.com\/fr\/wp-json\/wp\/v2\/types\/post"}],"author":[{"embeddable":true,"href":"https:\/\/www.europesays.com\/fr\/wp-json\/wp\/v2\/users\/2"}],"replies":[{"embeddable":true,"href":"https:\/\/www.europesays.com\/fr\/wp-json\/wp\/v2\/comments?post=12278"}],"version-history":[{"count":0,"href":"https:\/\/www.europesays.com\/fr\/wp-json\/wp\/v2\/posts\/12278\/revisions"}],"wp:featuredmedia":[{"embeddable":true,"href":"https:\/\/www.europesays.com\/fr\/wp-json\/wp\/v2\/media\/12279"}],"wp:attachment":[{"href":"https:\/\/www.europesays.com\/fr\/wp-json\/wp\/v2\/media?parent=12278"}],"wp:term":[{"taxonomy":"category","embeddable":true,"href":"https:\/\/www.europesays.com\/fr\/wp-json\/wp\/v2\/categories?post=12278"},{"taxonomy":"post_tag","embeddable":true,"href":"https:\/\/www.europesays.com\/fr\/wp-json\/wp\/v2\/tags?post=12278"}],"curies":[{"name":"wp","href":"https:\/\/api.w.org\/{rel}","templated":true}]}}