{"id":122786,"date":"2025-05-23T20:03:13","date_gmt":"2025-05-23T20:03:13","guid":{"rendered":"https:\/\/www.europesays.com\/fr\/122786\/"},"modified":"2025-05-23T20:03:13","modified_gmt":"2025-05-23T20:03:13","slug":"une-journee-tres-brouillonne-pour-piastri-ce-vendredi-a-monaco","status":"publish","type":"post","link":"https:\/\/www.europesays.com\/fr\/122786\/","title":{"rendered":"Une \u00ab\u00a0journ\u00e9e tr\u00e8s brouillonne\u00a0\u00bb pour Piastri ce vendredi \u00e0 Monaco"},"content":{"rendered":"<p>Lors de cette premi\u00e8re journ\u00e9e en Principaut\u00e9, ce sont surtout les <a href=\"https:\/\/fr.motorsport.com\/team\/ferrari\/615\/\" target=\"_blank\" rel=\"noopener\">Ferrari<\/a> qui se sont d\u00e9marqu\u00e9es, notamment celle de <a href=\"https:\/\/fr.motorsport.com\/driver\/charles-leclerc\/109632\/\" target=\"_blank\" rel=\"noopener\">Charles Leclerc<\/a>, avec ses deux meilleurs temps lors des s\u00e9ances d&rsquo;essais. Le r\u00e9sultat de la Scuderia est encore plus surprenant quand ce m\u00eame Charles Leclerc d\u00e9clarait que Monaco <a href=\"https:\/\/fr.motorsport.com\/f1\/news\/leclerc-pessimiste-reve-victoire-monaco-ferrari\/10725419\/\" target=\"_blank\" rel=\"noopener\">serait un tr\u00e8s mauvais week-end pour l&rsquo;\u00e9quipe italienne<\/a>, pas plus tard qu&rsquo;hier.<\/p>\n<p>\u00c0 c\u00f4t\u00e9 de cela, ce sont les leaders du championnat constructeurs qui ont eu un peu plus de difficult\u00e9 ce vendredi, avec deux top 3 lors des s\u00e9ances tout de m\u00eame. Le leader du classement pilotes a aussi commis une petite erreur en EL2 : <a href=\"https:\/\/fr.motorsport.com\/driver\/oscar-piastri\/835356\/\" target=\"_blank\" rel=\"noopener\">Oscar Piastri<\/a> a bloqu\u00e9 ses roues \u00e0 l&rsquo;entr\u00e9e de Sainte-D\u00e9vote, allant percuter de plein fouet &#8211; et parfaitement de face &#8211; le Tecpro.<\/p>\n<p>Lire aussi :<\/p>\n<p>Outre un aileron avant endommag\u00e9, l&rsquo;Australien a pu repartir sans souci. Il admet toutefois que cette maladresse refl\u00e9tait la difficult\u00e9 du pilote \u00e0 tout aligner sur ce circuit compliqu\u00e9 : \u00ab\u00a0Toute la journ\u00e9e a \u00e9t\u00e9 un peu en dents de scie. Quand on arrive \u00e0 tout mettre ensemble, le rythme est plut\u00f4t bon, mais ce n&rsquo;est pas facile \u00e0 r\u00e9aliser en ce moment. Il y a des choses \u00e0 analyser, surtout de mon c\u00f4t\u00e9, \u00e7a a \u00e9t\u00e9 une journ\u00e9e tr\u00e8s brouillonne. Donc voil\u00e0, essayer de repartir de z\u00e9ro demain, parce que je pense que la voiture a du potentiel.\u00a0\u00bb<\/p>\n<p>\u00ab\u00a0Je pense que Ferrari semble beaucoup plus solide ici que sur d&rsquo;autres circuits, mais oui, aujourd&rsquo;hui c&rsquo;est surtout de mon c\u00f4t\u00e9 que \u00e7a a \u00e9t\u00e9 un peu chaotique. Il y a pas mal de choses \u00e0 apprendre, et je pense que demain sera une journ\u00e9e int\u00e9ressante.\u00a0\u00bb<\/p>\n<p>Norris reprend confiance\u00a0<br \/>\n   <img decoding=\"async\" draggable=\"false\" src=\"https:\/\/www.europesays.com\/fr\/wp-content\/uploads\/2025\/05\/1748030593_242_lando-norris-mclaren.jpg\" alt=\"Lando Norris (McLaren).\" width=\"1200\" height=\"800\" loading=\"lazy\"\/> <\/p>\n<p class=\"title\">Lando Norris (McLaren).<\/p>\n<p class=\"photographer\">Photo de: Glenn Dunbar \/ Motorsport Images<\/p>\n<p>De l&rsquo;autre c\u00f4t\u00e9 du garage, <a href=\"https:\/\/fr.motorsport.com\/driver\/lando-norris\/289708\/\" target=\"_blank\" rel=\"noopener\">Lando Norris<\/a> a affich\u00e9 une mine un peu plus positive au terme de cette premi\u00e8re journ\u00e9e du Grand Prix de Monaco. En difficult\u00e9 depuis le d\u00e9but de saison au volant de la MCL39, le Britannique a d\u00e9clar\u00e9 se sentir &#8211; pour une fois &#8211; plut\u00f4t bien dans la monoplace.<\/p>\n<p>\u00ab\u00a0C&rsquo;est toujours sympa ici, toujours stressant, mais sympa\u00a0\u00bb, a avou\u00e9 Norris. \u00ab\u00a0C&rsquo;est juste difficile d&rsquo;encha\u00eener des tours propres parfois. Mais j&rsquo;ai eu un bon feeling, je me suis senti \u00e0 l&rsquo;aise d\u00e8s le d\u00e9but, mais il faut encore progresser sur certains points.\u00a0\u00bb<\/p>\n<p>Le pilote <a href=\"https:\/\/fr.motorsport.com\/team\/mclaren\/609\/\" target=\"_blank\" rel=\"noopener\">McLaren<\/a> a ainsi appuy\u00e9 les commentaires de son co\u00e9quipier, affirmant qu&rsquo;il \u00e9tait compliqu\u00e9 de signer un tour parfait dans les rues de la Principaut\u00e9, tant tout \u00e9tait millim\u00e9tr\u00e9 et pr\u00e9cis.<\/p>\n<p>\u00ab\u00a0C&rsquo;est difficile \u00e0 d\u00e9crire, mais on parle de petites choses, ce n&rsquo;est pas \u00e9norme\u00a0\u00bb, a-t-il expliqu\u00e9. \u00ab\u00a0Mais quand chaque centi\u00e8me compte ici, ce sont plein de petits d\u00e9tails qui s&rsquo;additionnent. C&rsquo;est juste difficile de trouver le bon freinage, la bonne entr\u00e9e en virage, d&rsquo;avoir les pneus, le grip, le feeling tous ensemble dans la fen\u00eatre parfaite. Il n&rsquo;y a pas une seule r\u00e9ponse \u00e0 cette question, c&rsquo;est plein de petites choses combin\u00e9es.\u00a0\u00bb<\/p>\n<p>Lire aussi :<\/p>\n<p>Dans cet article<\/p>\n<p>    T\u00e9ha Courbon\n<\/p>\n<p>    Formule 1\n<\/p>\n<p>    Lando Norris\n<\/p>\n<p>    Oscar Piastri\n<\/p>\n<p>    McLaren\n<\/p>\n<p>Soyez le premier inform\u00e9 et souscrivez aux alertes mails pour recevoir les infos en temps r\u00e9el<\/p>\n<p>    S&rsquo;abonner aux alertes de news<\/p>\n","protected":false},"excerpt":{"rendered":"Lors de cette premi\u00e8re journ\u00e9e en Principaut\u00e9, ce sont surtout les Ferrari qui se sont d\u00e9marqu\u00e9es, notamment celle&hellip;\n","protected":false},"author":2,"featured_media":122787,"comment_status":"","ping_status":"","sticky":false,"template":"","format":"standard","meta":{"footnotes":""},"categories":[1412],"tags":[1451,1452,1453,1454,1455,1011,27,23310,2243,4475,5386,2241,60],"class_list":{"0":"post-122786","1":"post","2":"type-post","3":"status-publish","4":"format-standard","5":"has-post-thumbnail","7":"category-f1","8":"tag-f1","9":"tag-formula-1","10":"tag-formula1","11":"tag-formule-1","12":"tag-formule1","13":"tag-fr","14":"tag-france","15":"tag-gp-de-monaco","16":"tag-lando-norris","17":"tag-mclaren","18":"tag-monte-carlo","19":"tag-oscar-piastri","20":"tag-sports"},"share_on_mastodon":{"url":"https:\/\/pubeurope.com\/@fr\/114558940209382418","error":""},"_links":{"self":[{"href":"https:\/\/www.europesays.com\/fr\/wp-json\/wp\/v2\/posts\/122786","targetHints":{"allow":["GET"]}}],"collection":[{"href":"https:\/\/www.europesays.com\/fr\/wp-json\/wp\/v2\/posts"}],"about":[{"href":"https:\/\/www.europesays.com\/fr\/wp-json\/wp\/v2\/types\/post"}],"author":[{"embeddable":true,"href":"https:\/\/www.europesays.com\/fr\/wp-json\/wp\/v2\/users\/2"}],"replies":[{"embeddable":true,"href":"https:\/\/www.europesays.com\/fr\/wp-json\/wp\/v2\/comments?post=122786"}],"version-history":[{"count":0,"href":"https:\/\/www.europesays.com\/fr\/wp-json\/wp\/v2\/posts\/122786\/revisions"}],"wp:featuredmedia":[{"embeddable":true,"href":"https:\/\/www.europesays.com\/fr\/wp-json\/wp\/v2\/media\/122787"}],"wp:attachment":[{"href":"https:\/\/www.europesays.com\/fr\/wp-json\/wp\/v2\/media?parent=122786"}],"wp:term":[{"taxonomy":"category","embeddable":true,"href":"https:\/\/www.europesays.com\/fr\/wp-json\/wp\/v2\/categories?post=122786"},{"taxonomy":"post_tag","embeddable":true,"href":"https:\/\/www.europesays.com\/fr\/wp-json\/wp\/v2\/tags?post=122786"}],"curies":[{"name":"wp","href":"https:\/\/api.w.org\/{rel}","templated":true}]}}