{"id":122788,"date":"2025-05-23T20:04:08","date_gmt":"2025-05-23T20:04:08","guid":{"rendered":"https:\/\/www.europesays.com\/fr\/122788\/"},"modified":"2025-05-23T20:04:08","modified_gmt":"2025-05-23T20:04:08","slug":"tour-de-la-manche-chute-collective-course-arretee-des-ex-aequo-et-un-nouveau-maillot-jaune-actualite","status":"publish","type":"post","link":"https:\/\/www.europesays.com\/fr\/122788\/","title":{"rendered":"Tour de la Manche : Chute collective, course arr\u00eat\u00e9e, des ex aequo et un nouveau maillot jaune &#8211; Actualit\u00e9"},"content":{"rendered":"<p style=\"text-align: justify;\">En attaquant \u00e0 un peu plus de quinze kilom\u00e8tres de l\u2019arriv\u00e9e, Adam Howell (Muc-Off-SRCT-Storck) n\u2019aurait pas imagin\u00e9 une telle issue. Un tour plus tard, il voit le retour de L\u00e9andre Huck (VC Rouen 76) et \u00e0 deux boucles du but,\u00a0les deux fuyards passent sur la ligne avec 28 secondes d\u2019avance sur le peloton. Ce sera l\u2019\u00e9cart au classement de cette troisi\u00e8me \u00e9tape du Tour de la Manche o\u00f9 les deux coureurs seront m\u00eame d\u00e9clar\u00e9s vainqueurs ex aequo. La faute \u00e0 une chute massive intervenue au sein du peloton \u00e0 la cloche. \u201cIl y a eu des roues qui se sont touch\u00e9es et puis \u00e7a a fait un ch\u00e2teau de cartes\u201d, rapporte l\u2019organisateur, Michel Ecroignard, au micro de DirectVelo.<\/p>\n<p><strong>UNE D\u00c9CISION COMPRISE<\/strong><\/p>\n<p>Neutralis\u00e9e dans un premier temps, la course est arr\u00eat\u00e9e apr\u00e8s une grosse vingtaine de minutes. La d\u00e9cision du jury des arbitres est comprise par l\u2019organisateur. \u201cC&rsquo;est emb\u00eatant pour la commune qui nous re\u00e7oit. Il n&rsquo;y a pas de sprint final et de spectacle, mais c&rsquo;\u00e9tait la d\u00e9cision qui s&rsquo;imposait parce que tout aurait \u00e9t\u00e9 fauss\u00e9\u201d. Les coureurs vont \u00e9galement en majorit\u00e9 dans ce sens, m\u00eame si aucun n&rsquo;est gravement bless\u00e9.\u00a0\u201cS&rsquo;ils avaient essay\u00e9 de relancer la course, \u00e7a aurait \u00e9t\u00e9 le chaos de toute fa\u00e7on\u201d, imagine Adam Howell, pr\u00e9sent \u00e0 l\u2019avant. L\u00e9andre Huck, son comp\u00e8re d\u2019\u00e9chapp\u00e9e, est d&rsquo;accord.\u00a0\u201cPour les sponsors et le public, ce n\u2019est peut-\u00eatre pas plaisant, mais je pense que pour la s\u00e9curit\u00e9 des coureurs, c&rsquo;est mieux. Le parcours \u00e9tait quand m\u00eame assez sinueux, notamment la descente et un passage en ville\u201d.<\/p>\n<p>Quelques minutes apr\u00e8s avoir rejoint la ligne, en convoi, Adam Howell ne poss\u00e8de pas toutes les informations. S\u2019il se f\u00e9licite de \u201cr\u00e9cup\u00e9rer du temps au classement g\u00e9n\u00e9ral\u201d, il ignore \u00eatre \u00e9galement co-laur\u00e9at de l\u2019\u00e9tape. \u201cJe suis d\u00e9\u00e7u, car cela aurait pu \u00eatre un bon r\u00e9sultat. J&rsquo;aurais pu gagner\u201d, confiait-il avant de comprendre que la victoire d&rsquo;\u00e9tape lui revenait.<\/p>\n<p><strong>\u00ab AVOIR CE CARACT\u00c8RE DE LEADER \u00bb<\/strong><\/p>\n<p>Avant de rejoindre \u00e0 ses c\u00f4t\u00e9s le podium, L\u00e9andre Huck arrivait tout de m\u00eame \u00e0 appr\u00e9cier ce succ\u00e8s, son premier de la saison. \u201cC&rsquo;est vraiment bizarre. J&rsquo;aurais vraiment pr\u00e9f\u00e9r\u00e9 qu&rsquo;il n&rsquo;y ait pas de chute et qu&rsquo;on fasse \u00e7a \u00e0 la r\u00e9guli\u00e8re. Mais, c&rsquo;est comme \u00e7a\u2026 Je suis souvent pr\u00e9sent, mais rarement gagnant. Je cherchais une victoire parce que j&rsquo;ai l&rsquo;intention de passer professionnel l&rsquo;ann\u00e9e prochaine. Il faut que je me cr\u00e9e un palmar\u00e8s pour qu&rsquo;on commence \u00e0 me conna\u00eetre et pour aller voir les \u00e9quipes\u201d.<\/p>\n<p>Le coureur du VC Rouen 76 r\u00e9cup\u00e8re aussi le maillot jaune et il lui reste deux \u00e9tapes pour enrichir son palmar\u00e8s avec une victoire finale. Le nouveau leader du Tour de la Manche, qui compte huit secondes d&rsquo;avance sur l&rsquo;ancien leader Artus Jaladeau (<strong><a href=\"https:\/\/www.directvelo.com\/actualite\/120862\/tour-de-la-manche-et-3-classements\" target=\"_blank\" rel=\"noopener\">voir classements<\/a><\/strong>), n\u2019est pas habitu\u00e9 \u00e0 se retrouver dans une telle situation. L\u00e9andre Huck estime \u00eatre dans la bonne \u00e9quipe pour recevoir de pr\u00e9cieux conseils. \u201cJe vais \u00e9couter Jean-Philippe (Yon). Il y a aussi Cl\u00e9ment (Petit) et Flo (Lecamus-Lambert) qui ont beaucoup d&rsquo;exp\u00e9rience. \u00c7a va m&rsquo;aider. C&rsquo;est \u00e0 moi aussi d&rsquo;avoir les jambes et ce caract\u00e8re de leader pour aller chercher cette victoire. On a une tr\u00e8s grosse \u00e9quipe. Il y a aussi Guillaume (Adam) qui n&rsquo;est vraiment pas loin. Je pense qu&rsquo;on va pouvoir jouer avec lui aussi\u201d.<\/p>\n","protected":false},"excerpt":{"rendered":"En attaquant \u00e0 un peu plus de quinze kilom\u00e8tres de l\u2019arriv\u00e9e, Adam Howell (Muc-Off-SRCT-Storck) n\u2019aurait pas imagin\u00e9 une&hellip;\n","protected":false},"author":2,"featured_media":122789,"comment_status":"","ping_status":"","sticky":false,"template":"","format":"standard","meta":{"footnotes":""},"categories":[1411],"tags":[834,828,836,829,837,827,83,826,824,823,1154,207,814,817,815,816,822,821,832,211,839,1011,27,820,818,819,835,831,830,833,838,60,212,208,825],"class_list":{"0":"post-122788","1":"post","2":"type-post","3":"status-publish","4":"format-standard","5":"has-post-thumbnail","7":"category-cyclisme","8":"tag-attaque","9":"tag-belgique","10":"tag-braquet","11":"tag-bretagne","12":"tag-chute","13":"tag-competition","14":"tag-coupe-de-france","15":"tag-coureur","16":"tag-course-cyclisme","17":"tag-course-cycliste","18":"tag-cycling","19":"tag-cyclisme","20":"tag-direct","21":"tag-direct-velo","22":"tag-directvelo","23":"tag-directvelo-com","24":"tag-epreuve","25":"tag-epreuve-cycliste","26":"tag-federation-francaise-de-cyclisme","27":"tag-ffc","28":"tag-flandres","29":"tag-fr","30":"tag-france","31":"tag-live","32":"tag-live-course","33":"tag-live-epreuve","34":"tag-peloton","35":"tag-radio-peloton","36":"tag-radio-tour","37":"tag-ravitaillement","38":"tag-relance","39":"tag-sports","40":"tag-uci","41":"tag-velo","42":"tag-velos"},"share_on_mastodon":{"url":"","error":"Validation failed: Text character limit of 500 exceeded"},"_links":{"self":[{"href":"https:\/\/www.europesays.com\/fr\/wp-json\/wp\/v2\/posts\/122788","targetHints":{"allow":["GET"]}}],"collection":[{"href":"https:\/\/www.europesays.com\/fr\/wp-json\/wp\/v2\/posts"}],"about":[{"href":"https:\/\/www.europesays.com\/fr\/wp-json\/wp\/v2\/types\/post"}],"author":[{"embeddable":true,"href":"https:\/\/www.europesays.com\/fr\/wp-json\/wp\/v2\/users\/2"}],"replies":[{"embeddable":true,"href":"https:\/\/www.europesays.com\/fr\/wp-json\/wp\/v2\/comments?post=122788"}],"version-history":[{"count":0,"href":"https:\/\/www.europesays.com\/fr\/wp-json\/wp\/v2\/posts\/122788\/revisions"}],"wp:featuredmedia":[{"embeddable":true,"href":"https:\/\/www.europesays.com\/fr\/wp-json\/wp\/v2\/media\/122789"}],"wp:attachment":[{"href":"https:\/\/www.europesays.com\/fr\/wp-json\/wp\/v2\/media?parent=122788"}],"wp:term":[{"taxonomy":"category","embeddable":true,"href":"https:\/\/www.europesays.com\/fr\/wp-json\/wp\/v2\/categories?post=122788"},{"taxonomy":"post_tag","embeddable":true,"href":"https:\/\/www.europesays.com\/fr\/wp-json\/wp\/v2\/tags?post=122788"}],"curies":[{"name":"wp","href":"https:\/\/api.w.org\/{rel}","templated":true}]}}