{"id":122796,"date":"2025-05-23T20:08:25","date_gmt":"2025-05-23T20:08:25","guid":{"rendered":"https:\/\/www.europesays.com\/fr\/122796\/"},"modified":"2025-05-23T20:08:25","modified_gmt":"2025-05-23T20:08:25","slug":"apres-la-publication-du-livre-enquete-la-meute-sur-les-dessous-du-systeme-melenchon-lediteur-deplore-des-menaces-contre-ses-auteurs-liberation","status":"publish","type":"post","link":"https:\/\/www.europesays.com\/fr\/122796\/","title":{"rendered":"Apr\u00e8s la publication du livre-enqu\u00eate \u00abla Meute\u00bb sur les dessous du syst\u00e8me M\u00e9lenchon, l\u2019\u00e9diteur d\u00e9plore des \u00abmenaces\u00bb contre ses auteurs \u2013 Lib\u00e9ration"},"content":{"rendered":"<p class=\"sc-ksZaOG ehjQrN text-element\">Les \u00e9ditions Flammarion ont d\u00e9plor\u00e9 ce vendredi 23 mai les \u00abmenaces\u00bb prof\u00e9r\u00e9es contre les journalistes Charlotte Bela\u00efch et Olivier P\u00e9rou, auteurs de <a href=\"https:\/\/www.liberation.fr\/politique\/systeme-melenchon-on-en-parle-en-direct-avec-les-journalistes-charlotte-belaich-et-olivier-perou-20250509_P6FUHQ6HE5B5BGF6E663HNQWLA\/\" target=\"_blank\" rel=\"noreferrer noopener\" title=\"https:\/\/www.liberation.fr\/politique\/systeme-melenchon-on-en-parle-en-direct-avec-les-journalistes-charlotte-belaich-et-olivier-perou-20250509_P6FUHQ6HE5B5BGF6E663HNQWLA\/\">la Meute, un livre enqu\u00eate<\/a> o\u00f9 est d\u00e9crit le fonctionnement interne de La France insoumise.<\/p>\n<p class=\"sc-ksZaOG ehjQrN text-element\">\u00abNous tenons \u00e0 exprimer notre plein et entier soutien face aux attaques personnelles dont sont victimes les journalistes Charlotte Bela\u00efch et Olivier P\u00e9rou, notamment sur les r\u00e9seaux sociaux\u00bb, a \u00e9crit la maison d\u2019\u00e9dition dans un communiqu\u00e9. \u00abLes attaques ad hominem \u00e0 [leur] encontre sont inacceptables. [\u2026] Les journalistes et auteurs doivent pouvoir exercer leur m\u00e9tier sans crainte de menaces, d\u2019intimidation ou de repr\u00e9sailles.\u00bb<\/p>\n<p class=\"sc-ksZaOG ehjQrN text-element\">Publi\u00e9 le 7 mai, l\u2019ouvrage est le fruit d\u2019une plong\u00e9e de deux ans dans les m\u00e9caniques du mouvement cr\u00e9\u00e9 par Jean-Luc M\u00e9lenchon. Les auteurs ont interrog\u00e9 quelque 200 personnes et d\u00e9crivent une formation totalement organis\u00e9e autour de la personnalit\u00e9 de son leader, ses purges et sa violence intrins\u00e8que, o\u00f9 intimidations et menaces sont monnaie courante.<\/p>\n<p class=\"sc-ksZaOG ehjQrN text-element\">Lors d\u2019une r\u00e9union publique \u00e0 Aubenas (Ard\u00e8che) le 13 mai, <a href=\"https:\/\/www.liberation.fr\/culture\/livres\/top-des-ventes-de-livres-la-meute-fait-enrager-melenchon-et-gagne-les-sommets-20250517_5QND5IBFMJCSTKEKR3PCVHCNCY\/\" target=\"_blank\" rel=\"noreferrer noopener\" title=\"https:\/\/www.liberation.fr\/culture\/livres\/top-des-ventes-de-livres-la-meute-fait-enrager-melenchon-et-gagne-les-sommets-20250517_5QND5IBFMJCSTKEKR3PCVHCNCY\/\">Jean-Luc M\u00e9lenchon s\u2019en \u00e9tait pris aux auteurs<\/a>, qualifi\u00e9s de \u00abgens d\u00e9g\u00e9n\u00e9r\u00e9s\u00bb qui auraient \u00abrelu et r\u00e9invent\u00e9\u00bb la vie priv\u00e9e des dirigeants de son parti. De son propre aveu, le chef de file de LFI \u00abne [l\u2019a] m\u00eame pas lu\u00bb : \u00abJe ne veux pas le lire. Je ne veux pas qu\u2019il m\u2019ab\u00eeme. Je ne veux pas qu\u2019il me rentre dans la t\u00eate.\u00bb De nombreuses autres voix du mouvement ont critiqu\u00e9 l\u2019ouvrage, \u00e0 l\u2019image de Mathilde Panot, \u00e0 la t\u00eate des d\u00e9put\u00e9s insoumis, qui a d\u00e9nonc\u00e9 un livre \u00e0 charge, \u00abfactuellement faux et contestable\u00bb. En l\u2019esp\u00e8ce, une r\u00e9futation de passages qui paraissent anecdotiques en miroir de la th\u00e8se de ce dernier, comme le rappelait Lib\u00e9ration dans un pr\u00e9c\u00e9dent article.<\/p>\n","protected":false},"excerpt":{"rendered":"Les \u00e9ditions Flammarion ont d\u00e9plor\u00e9 ce vendredi 23 mai les \u00abmenaces\u00bb prof\u00e9r\u00e9es contre les journalistes Charlotte Bela\u00efch et&hellip;\n","protected":false},"author":2,"featured_media":122797,"comment_status":"","ping_status":"","sticky":false,"template":"","format":"standard","meta":{"footnotes":""},"categories":[1357],"tags":[416,1379,58,59,1011,27,3081,780,1380],"class_list":{"0":"post-122796","1":"post","2":"type-post","3":"status-publish","4":"format-standard","5":"has-post-thumbnail","7":"category-livres","8":"tag-assemblee-nationale","9":"tag-books","10":"tag-divertissement","11":"tag-entertainment","12":"tag-fr","13":"tag-france","14":"tag-jean-luc-melenchon","15":"tag-lfi","16":"tag-livres"},"share_on_mastodon":{"url":"https:\/\/pubeurope.com\/@fr\/114558959958410405","error":""},"_links":{"self":[{"href":"https:\/\/www.europesays.com\/fr\/wp-json\/wp\/v2\/posts\/122796","targetHints":{"allow":["GET"]}}],"collection":[{"href":"https:\/\/www.europesays.com\/fr\/wp-json\/wp\/v2\/posts"}],"about":[{"href":"https:\/\/www.europesays.com\/fr\/wp-json\/wp\/v2\/types\/post"}],"author":[{"embeddable":true,"href":"https:\/\/www.europesays.com\/fr\/wp-json\/wp\/v2\/users\/2"}],"replies":[{"embeddable":true,"href":"https:\/\/www.europesays.com\/fr\/wp-json\/wp\/v2\/comments?post=122796"}],"version-history":[{"count":0,"href":"https:\/\/www.europesays.com\/fr\/wp-json\/wp\/v2\/posts\/122796\/revisions"}],"wp:featuredmedia":[{"embeddable":true,"href":"https:\/\/www.europesays.com\/fr\/wp-json\/wp\/v2\/media\/122797"}],"wp:attachment":[{"href":"https:\/\/www.europesays.com\/fr\/wp-json\/wp\/v2\/media?parent=122796"}],"wp:term":[{"taxonomy":"category","embeddable":true,"href":"https:\/\/www.europesays.com\/fr\/wp-json\/wp\/v2\/categories?post=122796"},{"taxonomy":"post_tag","embeddable":true,"href":"https:\/\/www.europesays.com\/fr\/wp-json\/wp\/v2\/tags?post=122796"}],"curies":[{"name":"wp","href":"https:\/\/api.w.org\/{rel}","templated":true}]}}