{"id":122798,"date":"2025-05-23T20:09:07","date_gmt":"2025-05-23T20:09:07","guid":{"rendered":"https:\/\/www.europesays.com\/fr\/122798\/"},"modified":"2025-05-23T20:09:07","modified_gmt":"2025-05-23T20:09:07","slug":"mask-singer-pierre-palmade-au-plus-mal-lhumoriste-a-vomi-dans-son-casque-de-cosmonaute","status":"publish","type":"post","link":"https:\/\/www.europesays.com\/fr\/122798\/","title":{"rendered":"\u00ab\u00a0Mask Singer\u00a0\u00bb : Pierre Palmade au plus mal, l\u2019humoriste a vomi dans son casque de Cosmonaute"},"content":{"rendered":"<p><a href=\"https:\/\/www.public.fr\/tag\/pierre-palmade\" target=\"_blank\" rel=\"noopener\">Pierre Palmade<\/a>, avant de conna\u00eetre des ennuis avec la justice, a \u00e9galement connu des moments compliqu\u00e9s dans <strong>\u00ab\u00a0Mask Singer\u00a0\u00bb<\/strong>. Pour rappel, l\u2019humoriste \u00e2g\u00e9 de 57 ans a pris part \u00e0 la troisi\u00e8me saison du programme de TF1 pr\u00e9sent\u00e9 par <a href=\"https:\/\/www.public.fr\/tag\/camille-combal\" target=\"_blank\" rel=\"noopener\">Camille Combal<\/a>.<\/p>\n<p>Malheureusement pour <a href=\"https:\/\/www.public.fr\/muriel-robin-attaquee-de-toutes-parts-repond-a-pierre-palmade-en-direct-de-c-a-vous-laccident-nest-pas-a-lorigine-de-leur-rupture\" target=\"_blank\" rel=\"noopener\">l\u2019ancien acolyte de Muriel Robin<\/a>, son aventure a pris fin d\u00e8s le troisi\u00e8me prime. Pas de quoi attrister le principal int\u00e9ress\u00e9. Lors de son passage sur RTL, le 7 juin 2022, il r\u00e9v\u00e9lait avoir pris beaucoup de plaisir en prenant part \u00e0 l\u2019\u00e9mission, m\u00eame s\u2019il avait accept\u00e9 la proposition, au d\u00e9part, \u00ab\u00a0pour l\u2019argent\u00a0\u00bb.<\/p>\n<p>Camille Combal revient sur la participation de Pierre Palmade dans \u00ab\u00a0Mask Singer\u00a0\u00bb<\/p>\n<p>\u00ab\u00a0C&rsquo;est beaucoup plus sympa \u00e0 faire qu&rsquo;on pense&#8230;.\u00a0Pour \u00eatre honn\u00eate j&rsquo;y suis all\u00e9 un peu pour l&rsquo;argent, et je suis reparti en disant &lsquo;Je me suis bien marr\u00e9 !\u2019\u00a0\u00bb, r\u00e9v\u00e9lait-il \u00e0 Laurent Ruquier lors de son passage dans <strong>\u00ab\u00a0Les Grosses T\u00eates\u00a0\u00bb<\/strong>.<\/p>\n<p>S\u2019il s\u2019est bien marr\u00e9, Pierre Palmade a tout de m\u00eame v\u00e9cu un moment compliqu\u00e9 en plein tournage. C\u2019est en tout cas ce qu\u2019a r\u00e9v\u00e9l\u00e9 <a href=\"https:\/\/vsd.fr\/tag\/camille-combal\/\" target=\"_blank\" rel=\"noopener\">Camille Combal<\/a> dans le podcast <strong>\u00ab\u00a0Tenez, goutez, c\u2019est d\u00e9licieux\u00a0\u00bb<\/strong>, disponible depuis le 5 mai 2025 sur Spotify.<\/p>\n<p>Dans ce podcast, anim\u00e9 par Jonathan Lambert et Fred Testot, le compagnon de Marie Treille Stefani a fait une r\u00e9v\u00e9lation de taille au sujet de Pierre Palmade. Notamment en racontant une anecdote sur l\u2019humoriste, et la difficult\u00e9 \u00e0 laquelle il a fait face sous son costume de cosmonaute.\u00a0<\/p>\n<p>L&rsquo;humoriste a vomi dans son costume<\/p>\n<p>\u00ab\u00a0<strong>On a eu Pierre Palmade, il \u00e9tait dans le costume du Cosmonaute.<\/strong>\u00a0Et \u00e0 un moment donn\u00e9, j&rsquo;appelle : &lsquo;prochain duel de la soir\u00e9e, j&rsquo;accueille le Brocoli&rsquo;, qui arrive donc sur sc\u00e8ne, &lsquo;et face \u00e0 lui, l&rsquo;Astronaute !&rsquo;, ah, pas d\u2019astronaute\u2026\u00a0\u00bb, s\u2019est souvenu Camille Combal.<\/p>\n<p>Avant de r\u00e9v\u00e9ler que les \u00e9quipes techniques de <strong>\u00ab\u00a0Mask Singer\u00a0\u00bb<\/strong> l\u2019auraient inform\u00e9 dans l\u2019oreillette : \u00ab\u00a0<strong>on a un petit probl\u00e8me, il a vomi dans son casque<\/strong>\u2026\u00a0\u00bb. \u00ab\u00a0Vous imaginez bien que si Thomas Pesquet il a bu une Margarita de trop, c&rsquo;est un aquarium ! Donc on a d\u00fb enlever et laver le costume, pour pouvoir reprendre. Il y a eu une petite demi-heure de pause\u00a0\u00bb, a poursuivi le pr\u00e9sentateur.\u00a0<\/p>\n<p>Comme le notent nos confr\u00e8res de Purepeople, apr\u00e8s avoir racont\u00e9 l\u2019anecdote au sujet de Pierre Palmade, Camille Combal a propos\u00e9 \u00e0 Jonathan Lambert et Fred Testot de couper cet extrait. Et, ce, en raison de <a href=\"https:\/\/www.public.fr\/pierre-palmade-libere-et-muet-a-sa-sortie-de-prison-la-raison-de-son-mutisme-devoilee\" target=\"_blank\" rel=\"noopener\">la condamnation de l\u2019humoriste<\/a> pour blessures involontaire apr\u00e8s le grave accident qu\u2019il provoquait le 10 f\u00e9vrier 2023 alors qu\u2019il conduisait sous l\u2019empire des stup\u00e9fiants sur une route de Seine-et-Marne.<\/p>\n<p>      Mentionn\u00e9s dans cet article<\/p>\n<p>\u00c0 lire aussi<\/p>\n","protected":false},"excerpt":{"rendered":"Pierre Palmade, avant de conna\u00eetre des ennuis avec la justice, a \u00e9galement connu des moments compliqu\u00e9s dans \u00ab\u00a0Mask&hellip;\n","protected":false},"author":2,"featured_media":122799,"comment_status":"","ping_status":"","sticky":false,"template":"","format":"standard","meta":{"footnotes":""},"categories":[1356],"tags":[193,58,59,1011,27,20669,24506,5983,1250,252,1364],"class_list":{"0":"post-122798","1":"post","2":"type-post","3":"status-publish","4":"format-standard","5":"has-post-thumbnail","7":"category-television","8":"tag-camille-combal","9":"tag-divertissement","10":"tag-entertainment","11":"tag-fr","12":"tag-france","13":"tag-fred-testot","14":"tag-jonathan-lambert","15":"tag-mask-singer","16":"tag-pierre-palmade","17":"tag-television","18":"tag-tv"},"share_on_mastodon":{"url":"https:\/\/pubeurope.com\/@fr\/114558964262989710","error":""},"_links":{"self":[{"href":"https:\/\/www.europesays.com\/fr\/wp-json\/wp\/v2\/posts\/122798","targetHints":{"allow":["GET"]}}],"collection":[{"href":"https:\/\/www.europesays.com\/fr\/wp-json\/wp\/v2\/posts"}],"about":[{"href":"https:\/\/www.europesays.com\/fr\/wp-json\/wp\/v2\/types\/post"}],"author":[{"embeddable":true,"href":"https:\/\/www.europesays.com\/fr\/wp-json\/wp\/v2\/users\/2"}],"replies":[{"embeddable":true,"href":"https:\/\/www.europesays.com\/fr\/wp-json\/wp\/v2\/comments?post=122798"}],"version-history":[{"count":0,"href":"https:\/\/www.europesays.com\/fr\/wp-json\/wp\/v2\/posts\/122798\/revisions"}],"wp:featuredmedia":[{"embeddable":true,"href":"https:\/\/www.europesays.com\/fr\/wp-json\/wp\/v2\/media\/122799"}],"wp:attachment":[{"href":"https:\/\/www.europesays.com\/fr\/wp-json\/wp\/v2\/media?parent=122798"}],"wp:term":[{"taxonomy":"category","embeddable":true,"href":"https:\/\/www.europesays.com\/fr\/wp-json\/wp\/v2\/categories?post=122798"},{"taxonomy":"post_tag","embeddable":true,"href":"https:\/\/www.europesays.com\/fr\/wp-json\/wp\/v2\/tags?post=122798"}],"curies":[{"name":"wp","href":"https:\/\/api.w.org\/{rel}","templated":true}]}}