{"id":122800,"date":"2025-05-23T20:10:08","date_gmt":"2025-05-23T20:10:08","guid":{"rendered":"https:\/\/www.europesays.com\/fr\/122800\/"},"modified":"2025-05-23T20:10:08","modified_gmt":"2025-05-23T20:10:08","slug":"miley-cyrus-confie-etre-atteinte-dune-maladie-rare-mais-ne-pas-vouloir-se-faire-operer-ca-provoque-une-brulure-vocale-intense","status":"publish","type":"post","link":"https:\/\/www.europesays.com\/fr\/122800\/","title":{"rendered":"Miley Cyrus confie \u00eatre atteinte d&rsquo;une maladie rare, mais ne pas vouloir se faire op\u00e9rer : \u00ab\u00a0\u00c7a provoque une br\u00fblure vocale intense\u00a0\u00bb"},"content":{"rendered":"<p>\u00ab\u00a0Je ne suis pas pr\u00eate \u00e0 le retirer\u00a0\u00bb <\/p>\n<p class=\"ap-StoryElement ap-StoryElement--mb ap-StoryText\">Si \u00ab\u00a0avoir 21 ans, boire, fumer et faire la f\u00eate apr\u00e8s chaque concert n&rsquo;arrange rien\u00a0\u00bb, elle explique que ce n&rsquo;est pas la cause, dans son cas. \u00ab\u00a0Ma voix a toujours sonn\u00e9 comme \u00e7a ; c&rsquo;est une partie de mon anatomie unique.\u00a0\u00bb<\/p>\n<p><a href=\"https:\/\/www.parismatch.be\/actualites\/people\/2025\/04\/28\/miley-cyrus-debarque-a-paris-douze-ans-apres-sa-derniere-apparition-dans-la-capitale-et-met-ses-fans-en-ebullition-EYJA4TUFGNFPRB2QCXDH6UAMJ4\/\" target=\"_blank\" rel=\"noopener noreferrer\" class=\"ap-StoryInterstitialLink ap-StoryElement ap-StoryElement--mb\">Miley Cyrus d\u00e9barque \u00e0 Paris douze ans apr\u00e8s sa derni\u00e8re apparition dans la capitale et met ses fans en \u00e9bullition<\/a><\/p>\n<p class=\"ap-StoryElement ap-StoryElement--mb ap-StoryText\">Comme l&rsquo;explique le Huff Post, cette maladie rare, qui peut \u00eatre provoqu\u00e9e par une allergie, provoque une accumulation de liquide dans la couche externe des cordes vocales, dans le cas de <a href=\"https:\/\/www.parismatch.be\/actualites\/people\/2024\/03\/08\/miley-cyrus-chante-en-francais-et-cest-loin-de-convaincre-la-toile-cest-en-sims-TJC4JO6W3ZBVLO7KFWEWA6SAI4\/\" target=\"_self\" rel=\"noopener\">Miley Cyrus<\/a>. Cela rend alors sa voix plus grave et rauque. Elle raconte d&rsquo;ailleurs que c&rsquo;est \u00ab\u00a0gr\u00e2ce\u00a0\u00bb \u00e0 cette maladie qu&rsquo;elle peut atteindre certaines notes dans ses chansons.<\/p>\n<p class=\"ap-StoryElement ap-StoryElement--mb ap-StoryText\">\u00ab\u00a0J&rsquo;ai un gros polype sur mes cordes vocales\u00a0\u00bb, explique-t-elle. \u00ab\u00a0Et je ne suis pas pr\u00eate \u00e0 le retirer, car il est fort probable que je me r\u00e9veille d&rsquo;une op\u00e9ration sans avoir la voix qui me corresponde.\u00a0\u00bb <\/p>\n<p class=\"ap-StoryElement ap-StoryElement--mb ap-StoryText\">M\u00eame si elle ne veut pas se faire op\u00e9rer, cette maladie la fait souffrir. \u00ab\u00a0C&rsquo;est extr\u00eamement difficile de performer avec\u00a0\u00bb, confie la chanteuse de \u00ab\u00a0<a href=\"https:\/\/www.parismatch.be\/actualites\/people\/2023\/03\/01\/liam-hemsworth-poursuit-miley-cyrus-en-diffamation-apres-le-succes-de-son-titre-flowers-WRQE6KJM7RHAFH7UXKHMOTO5BM\/\" target=\"_self\" rel=\"noopener\">Flowers<\/a>\u00ab\u00a0. Elle explique d&rsquo;aillerus que c&rsquo;est comme \u00ab\u00a0courir un marathon avec des poids aux chevilles\u00a0\u00bb. \u00ab\u00a0Parfois , en fin de journ\u00e9e, j&rsquo;appelle ma m\u00e8re et elle me dit : &lsquo;Oh, on dirait que tu parles \u00e0 la radio&rsquo;. C&rsquo;est comme \u00e7a qu&rsquo;on sait que je suis vraiment fatigu\u00e9e, car \u00e7a provoque une br\u00fblure vocale intense.\u00a0\u00bb <\/p>\n<p><a href=\"https:\/\/www.parismatch.be\/actualites\/people\/2024\/09\/20\/miley-cyrus-amoureuse-loin-des-regards-rare-sortie-avec-maxx-morando-S6KIS5JDIBEQZOETJBKVHAYDSE\/\" target=\"_blank\" rel=\"noopener noreferrer\" class=\"ap-StoryInterstitialLink ap-StoryElement ap-StoryElement--mb\">Miley Cyrus amoureuse, loin des regards : rare sortie avec Maxx Morando<\/a><\/p>\n<p class=\"ap-StoryElement ap-StoryElement--mb ap-StoryText\">Malgr\u00e9 tout, Miley Cyrus refuse de chanter en playback. \u00ab\u00a0Je chante en live, et ces chansons sont m\u00e9morables. je n&rsquo;\u00e9cris pas de petites chansons.\u00a0\u00bb <\/p>\n","protected":false},"excerpt":{"rendered":"\u00ab\u00a0Je ne suis pas pr\u00eate \u00e0 le retirer\u00a0\u00bb Si \u00ab\u00a0avoir 21 ans, boire, fumer et faire la f\u00eate&hellip;\n","protected":false},"author":2,"featured_media":122801,"comment_status":"","ping_status":"","sticky":false,"template":"","format":"standard","meta":{"footnotes":""},"categories":[1355],"tags":[58,59,1011,27,3751,1227,1361,873],"class_list":{"0":"post-122800","1":"post","2":"type-post","3":"status-publish","4":"format-standard","5":"has-post-thumbnail","7":"category-musique","8":"tag-divertissement","9":"tag-entertainment","10":"tag-fr","11":"tag-france","12":"tag-headshot","13":"tag-horizontal","14":"tag-music","15":"tag-musique"},"share_on_mastodon":{"url":"https:\/\/pubeurope.com\/@fr\/114558967810592761","error":""},"_links":{"self":[{"href":"https:\/\/www.europesays.com\/fr\/wp-json\/wp\/v2\/posts\/122800","targetHints":{"allow":["GET"]}}],"collection":[{"href":"https:\/\/www.europesays.com\/fr\/wp-json\/wp\/v2\/posts"}],"about":[{"href":"https:\/\/www.europesays.com\/fr\/wp-json\/wp\/v2\/types\/post"}],"author":[{"embeddable":true,"href":"https:\/\/www.europesays.com\/fr\/wp-json\/wp\/v2\/users\/2"}],"replies":[{"embeddable":true,"href":"https:\/\/www.europesays.com\/fr\/wp-json\/wp\/v2\/comments?post=122800"}],"version-history":[{"count":0,"href":"https:\/\/www.europesays.com\/fr\/wp-json\/wp\/v2\/posts\/122800\/revisions"}],"wp:featuredmedia":[{"embeddable":true,"href":"https:\/\/www.europesays.com\/fr\/wp-json\/wp\/v2\/media\/122801"}],"wp:attachment":[{"href":"https:\/\/www.europesays.com\/fr\/wp-json\/wp\/v2\/media?parent=122800"}],"wp:term":[{"taxonomy":"category","embeddable":true,"href":"https:\/\/www.europesays.com\/fr\/wp-json\/wp\/v2\/categories?post=122800"},{"taxonomy":"post_tag","embeddable":true,"href":"https:\/\/www.europesays.com\/fr\/wp-json\/wp\/v2\/tags?post=122800"}],"curies":[{"name":"wp","href":"https:\/\/api.w.org\/{rel}","templated":true}]}}