{"id":122813,"date":"2025-05-23T20:17:09","date_gmt":"2025-05-23T20:17:09","guid":{"rendered":"https:\/\/www.europesays.com\/fr\/122813\/"},"modified":"2025-05-23T20:17:09","modified_gmt":"2025-05-23T20:17:09","slug":"une-attaque-au-couteau-fait-au-moins-12-blesses-a-la-gare-de-hambourg","status":"publish","type":"post","link":"https:\/\/www.europesays.com\/fr\/122813\/","title":{"rendered":"une attaque au couteau fait au moins 12 bless\u00e9s \u00e0 la gare de Hambourg"},"content":{"rendered":"<p class=\"article-p mdl\">Une attaque au couteau s&rsquo;est d\u00e9roul\u00e9e ce vendredi 23 mai 2025 \u00e0 la gare centrale de Hambourg dans le Nord de l&rsquo;Allemagne. Au moins 12 personnes ont \u00e9t\u00e9 bless\u00e9es, dont plusieurs gri\u00e8vement, ont indiqu\u00e9 les pompiers et la police.\u00a0<\/p>\n<p class=\"article-p mdl\">L\u2019assaillante, <strong>une femme<\/strong>, a \u00e9t\u00e9 interpell\u00e9e par la police de Hambourg, qui a confirm\u00e9 l&rsquo;information en d\u00e9but de soir\u00e9e. Elle a \u00e9t\u00e9 arr\u00eat\u00e9e sur les lieux du drame peu apr\u00e8s 18h.<\/p>\n<p class=\"article-p mdl\">Une vid\u00e9o circulant sur les r\u00e9seaux sociaux montre trois policiers en train d\u2019\u00e9vacuer la suspecte : une jeune femme \u00e9lanc\u00e9e, aux cheveux mi-longs, v\u00eatue d\u2019un pantalon de jogging, de chaussures de sport et d\u2019une capuche rabattue sur le visage.<\/p>\n<p class=\"article-p mdl\">Selon les premiers \u00e9l\u00e9ments de l\u2019enqu\u00eate, elle aurait<strong> attaqu\u00e9 ses victimes au hasard<\/strong> parmi les voyageurs qui attendaient un train r\u00e9gional.<\/p>\n<p class=\"article-p mdl\">Le bilan provisoire fait \u00e9tat de <strong>trois bless\u00e9s en \u00e9tat critique dont une femme gri\u00e8vement atteinte<\/strong> , trois autres personnes gravement bless\u00e9es, ainsi que plusieurs victimes plus l\u00e9g\u00e8rement touch\u00e9es.\u00a0<\/p>\n<p class=\"article-p mdl\"><strong>Plus d&rsquo;informations \u00e0 venir sur RTL.fr&#8230;<\/strong><\/p>\n<p class=\"s-newsletter__title\">\n                L\u2019actualit\u00e9 par la r\u00e9daction de RTL dans votre bo\u00eete mail.\n            <\/p>\n<p class=\"s-newsletter__subtitle\">\n                Gr\u00e2ce \u00e0 votre compte RTL abonnez-vous \u00e0 la newsletter RTL info pour suivre toute l&rsquo;actualit\u00e9 au quotidien\n            <\/p>\n<p>\n                                    Lire la suite\n                                <\/p>\n","protected":false},"excerpt":{"rendered":"Une attaque au couteau s&rsquo;est d\u00e9roul\u00e9e ce vendredi 23 mai 2025 \u00e0 la gare centrale de Hambourg dans&hellip;\n","protected":false},"author":2,"featured_media":122814,"comment_status":"","ping_status":"","sticky":false,"template":"","format":"standard","meta":{"footnotes":""},"categories":[5],"tags":[11,898,672,118,107,1011,27,1900,14,12,28],"class_list":{"0":"post-122813","1":"post","2":"type-post","3":"status-publish","4":"format-standard","5":"has-post-thumbnail","7":"category-international","8":"tag-actualites","9":"tag-alerte","10":"tag-allemagne","11":"tag-faits-divers","12":"tag-fil-info","13":"tag-fr","14":"tag-france","15":"tag-hambourg","16":"tag-international","17":"tag-news","18":"tag-world"},"share_on_mastodon":{"url":"https:\/\/pubeurope.com\/@fr\/114558995306606313","error":""},"_links":{"self":[{"href":"https:\/\/www.europesays.com\/fr\/wp-json\/wp\/v2\/posts\/122813","targetHints":{"allow":["GET"]}}],"collection":[{"href":"https:\/\/www.europesays.com\/fr\/wp-json\/wp\/v2\/posts"}],"about":[{"href":"https:\/\/www.europesays.com\/fr\/wp-json\/wp\/v2\/types\/post"}],"author":[{"embeddable":true,"href":"https:\/\/www.europesays.com\/fr\/wp-json\/wp\/v2\/users\/2"}],"replies":[{"embeddable":true,"href":"https:\/\/www.europesays.com\/fr\/wp-json\/wp\/v2\/comments?post=122813"}],"version-history":[{"count":0,"href":"https:\/\/www.europesays.com\/fr\/wp-json\/wp\/v2\/posts\/122813\/revisions"}],"wp:featuredmedia":[{"embeddable":true,"href":"https:\/\/www.europesays.com\/fr\/wp-json\/wp\/v2\/media\/122814"}],"wp:attachment":[{"href":"https:\/\/www.europesays.com\/fr\/wp-json\/wp\/v2\/media?parent=122813"}],"wp:term":[{"taxonomy":"category","embeddable":true,"href":"https:\/\/www.europesays.com\/fr\/wp-json\/wp\/v2\/categories?post=122813"},{"taxonomy":"post_tag","embeddable":true,"href":"https:\/\/www.europesays.com\/fr\/wp-json\/wp\/v2\/tags?post=122813"}],"curies":[{"name":"wp","href":"https:\/\/api.w.org\/{rel}","templated":true}]}}