{"id":122819,"date":"2025-05-23T20:20:15","date_gmt":"2025-05-23T20:20:15","guid":{"rendered":"https:\/\/www.europesays.com\/fr\/122819\/"},"modified":"2025-05-23T20:20:15","modified_gmt":"2025-05-23T20:20:15","slug":"saint-priest-en-jarez-une-quarantaine-de-tout-petits-observent-la-nature-du-parc-du-clos-bayard","status":"publish","type":"post","link":"https:\/\/www.europesays.com\/fr\/122819\/","title":{"rendered":"Saint-Priest-en-Jarez. Une quarantaine de tout-petits observent la nature du Parc du Clos Bayard"},"content":{"rendered":"<p>Mercredi, une quarantaine d\u2019enfants de 3 \u00e0 11 ans du p\u00f4le enfance jeunesse se sont int\u00e9ress\u00e9s \u00e0 la faune et la flore du Clos Bayard. Ils ont particip\u00e9 \u00e0 des animations autour de ces th\u00e8mes, et des personnes de la m\u00e9diath\u00e8que sont venues leur raconter des histoires. Jade Coraud, animatrice, explique\u00a0: \u00ab\u00a0Les activit\u00e9s que nous proposons sont vari\u00e9es et ont toujours un objectif \u00e9ducatif. La participation financi\u00e8re des familles est d\u00e9finie par la mairie en fonction du quotient familial. \u00c0 Saint-Priest-en-Jarez nous avons la chance de pouvoir disposer du magnifique parc du Clos Bayard.\u00a0\u00bb<\/p>\n","protected":false},"excerpt":{"rendered":"Mercredi, une quarantaine d\u2019enfants de 3 \u00e0 11 ans du p\u00f4le enfance jeunesse se sont int\u00e9ress\u00e9s \u00e0 la&hellip;\n","protected":false},"author":2,"featured_media":122820,"comment_status":"","ping_status":"","sticky":false,"template":"","format":"standard","meta":{"footnotes":""},"categories":[9653],"tags":[1111,11,2430,7539,1057,1777,674,1011,27,10425,12,25,4001,9664,15696],"class_list":{"0":"post-122819","1":"post","2":"type-post","3":"status-publish","4":"format-standard","5":"has-post-thumbnail","7":"category-saint-etienne","8":"tag-actu","9":"tag-actualites","10":"tag-auvergne-rhone-alpes","11":"tag-edition-loire-sud","12":"tag-education","13":"tag-eu","14":"tag-europe","15":"tag-fr","16":"tag-france","17":"tag-maternelle-elementaire","18":"tag-news","19":"tag-republique-francaise","20":"tag-saint-etienne","21":"tag-saint-etienne-bassin","22":"tag-saint-priest-en-jarez"},"share_on_mastodon":{"url":"https:\/\/pubeurope.com\/@fr\/114559006973380561","error":""},"_links":{"self":[{"href":"https:\/\/www.europesays.com\/fr\/wp-json\/wp\/v2\/posts\/122819","targetHints":{"allow":["GET"]}}],"collection":[{"href":"https:\/\/www.europesays.com\/fr\/wp-json\/wp\/v2\/posts"}],"about":[{"href":"https:\/\/www.europesays.com\/fr\/wp-json\/wp\/v2\/types\/post"}],"author":[{"embeddable":true,"href":"https:\/\/www.europesays.com\/fr\/wp-json\/wp\/v2\/users\/2"}],"replies":[{"embeddable":true,"href":"https:\/\/www.europesays.com\/fr\/wp-json\/wp\/v2\/comments?post=122819"}],"version-history":[{"count":0,"href":"https:\/\/www.europesays.com\/fr\/wp-json\/wp\/v2\/posts\/122819\/revisions"}],"wp:featuredmedia":[{"embeddable":true,"href":"https:\/\/www.europesays.com\/fr\/wp-json\/wp\/v2\/media\/122820"}],"wp:attachment":[{"href":"https:\/\/www.europesays.com\/fr\/wp-json\/wp\/v2\/media?parent=122819"}],"wp:term":[{"taxonomy":"category","embeddable":true,"href":"https:\/\/www.europesays.com\/fr\/wp-json\/wp\/v2\/categories?post=122819"},{"taxonomy":"post_tag","embeddable":true,"href":"https:\/\/www.europesays.com\/fr\/wp-json\/wp\/v2\/tags?post=122819"}],"curies":[{"name":"wp","href":"https:\/\/api.w.org\/{rel}","templated":true}]}}