{"id":122821,"date":"2025-05-23T20:21:21","date_gmt":"2025-05-23T20:21:21","guid":{"rendered":"https:\/\/www.europesays.com\/fr\/122821\/"},"modified":"2025-05-23T20:21:21","modified_gmt":"2025-05-23T20:21:21","slug":"flashe-a-257-km-h-il-tente-de-se-justifier-je-nai-pas-aime-mon-week-end-a-saint-etienne","status":"publish","type":"post","link":"https:\/\/www.europesays.com\/fr\/122821\/","title":{"rendered":"Flash\u00e9 \u00e0 257 km\/h, il tente de se justifier : \u00ab\u00a0je n&rsquo;ai pas aim\u00e9 mon week-end \u00e0 Saint-\u00c9tienne\u00a0\u00bb"},"content":{"rendered":"<p>Apr\u00e8s son week-end \u00e0 Saint-\u00c9tienne, un jeune conducteur suisse a d\u00e9cid\u00e9 de rentrer chez lui (trop) vite. Interpell\u00e9 par les forces de l&rsquo;ordre, il ne s&rsquo;est pas d\u00e9mont\u00e9 et a tent\u00e9 de se justifier.<\/p>\n<p>C&rsquo;est ce qu&rsquo;on appelle un \u00e9norme exc\u00e8s de vitesse. \u00c7a s&rsquo;est pass\u00e9 le samedi 10 mai sur l&rsquo;<b>A43<\/b>, \u00e0 Saint-Quentin-Fallavier dans le Nord Is\u00e8re.<\/p>\n<p>\u00ab\u00a0Je n&rsquo;ai pas aim\u00e9 mon week-end \u00e0 Saint-\u00c9tienne\u00a0\u00bb<\/p>\n<p>Un conducteur suisse de <b>27 ans<\/b> a \u00e9t\u00e9 flash\u00e9 \u00e0 <b>257 km\/h<\/b> sur une portion limit\u00e9e \u00e0 130.<\/p>\n<p>Le jeune homme a tent\u00e9 de se justifier \u00e0 sa fa\u00e7on aupr\u00e8s des gendarmes : \u00ab\u00a0Je n&rsquo;ai pas aim\u00e9 mon week-end \u00e0 Saint Etienne\u00a0\u00bb. Une excuse qui a sans doute fait rire les militaires.<\/p>\n<p>Pour autant, le v\u00e9hicule, une <b>Mercedes<\/b>, a fil\u00e9 tout droit \u00e0 la fourri\u00e8re. Le permis a lui \u00e9t\u00e9 retir\u00e9.<img loading=\"lazy\" decoding=\"async\" src=\"https:\/\/www.europesays.com\/fr\/wp-content\/uploads\/2025\/05\/1748031681_497_img\" width=\"350\" height=\"200\" border=\"0\" title=\"Des pompiers en intervention sur l'autoroute\"\/><\/p>\n<p>\u25baTrafic<\/p>\n<p style=\"font-size: 22px;\"><b>Rh\u00f4ne : un mort dans un accident sur l&rsquo;A6, l&rsquo;autoroute a rouvert<\/b><\/p>\n<p>La circulation a \u00e9t\u00e9 tr\u00e8s perturb\u00e9e sur l&rsquo;autoroute&#8230;<\/p>\n<p><\/p>\n","protected":false},"excerpt":{"rendered":"Apr\u00e8s son week-end \u00e0 Saint-\u00c9tienne, un jeune conducteur suisse a d\u00e9cid\u00e9 de rentrer chez lui (trop) vite. Interpell\u00e9&hellip;\n","protected":false},"author":2,"featured_media":122822,"comment_status":"","ping_status":"","sticky":false,"template":"","format":"standard","meta":{"footnotes":""},"categories":[9653],"tags":[24514,1111,11,2430,1777,674,24513,1106,1011,27,4320,12,25,4001,6956],"class_list":{"0":"post-122821","1":"post","2":"type-post","3":"status-publish","4":"format-standard","5":"has-post-thumbnail","7":"category-saint-etienne","8":"tag-a43","9":"tag-actu","10":"tag-actualites","11":"tag-auvergne-rhone-alpes","12":"tag-eu","13":"tag-europe","14":"tag-excs","15":"tag-flash","16":"tag-fr","17":"tag-france","18":"tag-mercedes","19":"tag-news","20":"tag-republique-francaise","21":"tag-saint-etienne","22":"tag-vitesse"},"share_on_mastodon":{"url":"https:\/\/pubeurope.com\/@fr\/114559011073102953","error":""},"_links":{"self":[{"href":"https:\/\/www.europesays.com\/fr\/wp-json\/wp\/v2\/posts\/122821","targetHints":{"allow":["GET"]}}],"collection":[{"href":"https:\/\/www.europesays.com\/fr\/wp-json\/wp\/v2\/posts"}],"about":[{"href":"https:\/\/www.europesays.com\/fr\/wp-json\/wp\/v2\/types\/post"}],"author":[{"embeddable":true,"href":"https:\/\/www.europesays.com\/fr\/wp-json\/wp\/v2\/users\/2"}],"replies":[{"embeddable":true,"href":"https:\/\/www.europesays.com\/fr\/wp-json\/wp\/v2\/comments?post=122821"}],"version-history":[{"count":0,"href":"https:\/\/www.europesays.com\/fr\/wp-json\/wp\/v2\/posts\/122821\/revisions"}],"wp:featuredmedia":[{"embeddable":true,"href":"https:\/\/www.europesays.com\/fr\/wp-json\/wp\/v2\/media\/122822"}],"wp:attachment":[{"href":"https:\/\/www.europesays.com\/fr\/wp-json\/wp\/v2\/media?parent=122821"}],"wp:term":[{"taxonomy":"category","embeddable":true,"href":"https:\/\/www.europesays.com\/fr\/wp-json\/wp\/v2\/categories?post=122821"},{"taxonomy":"post_tag","embeddable":true,"href":"https:\/\/www.europesays.com\/fr\/wp-json\/wp\/v2\/tags?post=122821"}],"curies":[{"name":"wp","href":"https:\/\/api.w.org\/{rel}","templated":true}]}}