{"id":122826,"date":"2025-05-23T20:24:08","date_gmt":"2025-05-23T20:24:08","guid":{"rendered":"https:\/\/www.europesays.com\/fr\/122826\/"},"modified":"2025-05-23T20:24:08","modified_gmt":"2025-05-23T20:24:08","slug":"le-president-du-club-de-rugby-dollioules-decede-brutalement-a-lage-de-44-ans","status":"publish","type":"post","link":"https:\/\/www.europesays.com\/fr\/122826\/","title":{"rendered":"Le pr\u00e9sident du club de rugby d&rsquo;Ollioules d\u00e9c\u00e8de brutalement \u00e0 l\u2019\u00e2ge de 44 ans"},"content":{"rendered":"<p>Le Rugby club ollioulais est sous le choc. Le pr\u00e9sident est d\u00e9c\u00e9d\u00e9 subitement \u00e0 l\u2019\u00e2ge de 44 ans, \u00e0 l\u2019h\u00f4pital.<\/p>\n<p>Alors que l\u2019\u00e9quipe senior doit jouer son seizi\u00e8me de finale de champion de France Challenge contre Lerins Club Rugby (Mandelieu) ce dimanche \u00e0 Brignoles, les joueurs s\u2019entra\u00eenaient d\u2019arrache pied cette semaine. Jeudi soir en r\u00e9union de bureau, le pr\u00e9sident Maximilien Marcialis, dit Maximus, se plaint de perte de m\u00e9moire, de maux de t\u00eate. La tr\u00e9sori\u00e8re Karen Giatti et la secr\u00e9taire g\u00e9n\u00e9rale Muriel H\u00e9risson le somment d\u2019aller \u00e0 l\u2019h\u00f4pital. Ce qu\u2019il fera.<\/p>\n<p>Au petit matin de vendredi, le patient se plaint de nouveau de maux de t\u00eate et de poitrine. Il d\u00e9c\u00e9dera quelques minutes plus tard. Connu pour sa bienveillance, sa disponibilit\u00e9, son \u00e9coute, Maximilien Marcialis \u00e9tait papa de deux gar\u00e7ons de quatorze et dix-huit ans.<\/p>\n","protected":false},"excerpt":{"rendered":"Le Rugby club ollioulais est sous le choc. Le pr\u00e9sident est d\u00e9c\u00e9d\u00e9 subitement \u00e0 l\u2019\u00e2ge de 44 ans,&hellip;\n","protected":false},"author":2,"featured_media":122827,"comment_status":"","ping_status":"","sticky":false,"template":"","format":"standard","meta":{"footnotes":""},"categories":[9619],"tags":[1111,11,1777,674,1011,27,12,882,25,2310,3366],"class_list":{"0":"post-122826","1":"post","2":"type-post","3":"status-publish","4":"format-standard","5":"has-post-thumbnail","7":"category-toulon","8":"tag-actu","9":"tag-actualites","10":"tag-eu","11":"tag-europe","12":"tag-fr","13":"tag-france","14":"tag-news","15":"tag-provence-alpes-cote-dazur","16":"tag-republique-francaise","17":"tag-toulon","18":"tag-vie-locale"},"share_on_mastodon":{"url":"https:\/\/pubeurope.com\/@fr\/114559022710865629","error":""},"_links":{"self":[{"href":"https:\/\/www.europesays.com\/fr\/wp-json\/wp\/v2\/posts\/122826","targetHints":{"allow":["GET"]}}],"collection":[{"href":"https:\/\/www.europesays.com\/fr\/wp-json\/wp\/v2\/posts"}],"about":[{"href":"https:\/\/www.europesays.com\/fr\/wp-json\/wp\/v2\/types\/post"}],"author":[{"embeddable":true,"href":"https:\/\/www.europesays.com\/fr\/wp-json\/wp\/v2\/users\/2"}],"replies":[{"embeddable":true,"href":"https:\/\/www.europesays.com\/fr\/wp-json\/wp\/v2\/comments?post=122826"}],"version-history":[{"count":0,"href":"https:\/\/www.europesays.com\/fr\/wp-json\/wp\/v2\/posts\/122826\/revisions"}],"wp:featuredmedia":[{"embeddable":true,"href":"https:\/\/www.europesays.com\/fr\/wp-json\/wp\/v2\/media\/122827"}],"wp:attachment":[{"href":"https:\/\/www.europesays.com\/fr\/wp-json\/wp\/v2\/media?parent=122826"}],"wp:term":[{"taxonomy":"category","embeddable":true,"href":"https:\/\/www.europesays.com\/fr\/wp-json\/wp\/v2\/categories?post=122826"},{"taxonomy":"post_tag","embeddable":true,"href":"https:\/\/www.europesays.com\/fr\/wp-json\/wp\/v2\/tags?post=122826"}],"curies":[{"name":"wp","href":"https:\/\/api.w.org\/{rel}","templated":true}]}}