{"id":122834,"date":"2025-05-23T20:28:09","date_gmt":"2025-05-23T20:28:09","guid":{"rendered":"https:\/\/www.europesays.com\/fr\/122834\/"},"modified":"2025-05-23T20:28:09","modified_gmt":"2025-05-23T20:28:09","slug":"pour-les-historiens-locaux-lhistoire-de-la-liberation-nest-jamais-finie-decrire","status":"publish","type":"post","link":"https:\/\/www.europesays.com\/fr\/122834\/","title":{"rendered":"pour les historiens locaux, l&rsquo;histoire de la Lib\u00e9ration n&rsquo;est \u00ab jamais finie d&rsquo;\u00e9crire \u00bb"},"content":{"rendered":"<p>            Par<br \/>\n        <strong><br \/>\n            <a href=\"https:\/\/actu.fr\/auteur\/le-journal-delbeuf\" title=\"Consulter tous les articles de R\u00e9daction Elbeuf\" rel=\"nofollow noopener\" target=\"_blank\">R\u00e9daction Elbeuf<\/a><br \/>\n        <\/strong><\/p>\n<p>        Publi\u00e9 le<\/p>\n<p>            23 mai 2025 \u00e0 21h51        <\/p>\n<p>Dans la continuit\u00e9 des <b>comm\u00e9morations du 8-Mai<\/b> et en compl\u00e9ment du <a href=\"https:\/\/actu.fr\/normandie\/elbeuf_76231\/seine-maritime-le-court-metrage-sur-la-liberation-de-la-ville-a-bluffe-les-premiers-spectateurs_62626357.html\" rel=\"nofollow noopener\" target=\"_blank\">long-m\u00e9trage r\u00e9alis\u00e9 par les fr\u00e8res Choquard et l\u2019association C\u0153ur de bleuet<\/a> (maintenant disponible sur YouTube), c\u2019est une <b>conf\u00e9rence sur la lib\u00e9ration<\/b> d\u2019<a href=\"https:\/\/actu.fr\/normandie\/elbeuf_76231\" rel=\"nofollow noopener\" target=\"_blank\">Elbeuf (Seine-Maritime)<\/a> qu\u2019accueillait la m\u00e9diath\u00e8que, le vendredi 16 mai 2025.<\/p>\n<p class=\" wall-content\">Avec de nombreuses photos d\u2019\u00e9poque, comme des clich\u00e9s d\u2019avions de reconnaissance, de reporters de guerres ou de civils, et des extraits de journaux intimes comme celui de Raymond Tremblin, d\u00e9j\u00e0 mis \u00e0 l\u2019honneur lors de la c\u00e9r\u00e9monie comm\u00e9morative, Alain Becchia, pr\u00e9sident de la Soci\u00e9t\u00e9 d\u2019Histoire d\u2019Elbeuf, a emmen\u00e9 son auditoire d\u2019environ 80\u00a0personnes sur les pas des combattants et anonymes qui ont v\u00e9cu les terribles journ\u00e9es des 23 au 28\u00a0ao\u00fbt 1944.<\/p>\n<p>De l\u2019\u00e9motion pour les descendants<\/p>\n<p class=\" wall-content\">Des pr\u00e9mices de la d\u00e9bandade allemande jusqu\u2019aux sanglants combats d\u2019Orival et de La Londe (ces derniers ayant\u00a0co\u00fbt\u00e9 la vie \u00e0 une centaine de soldats canadiens), le r\u00e9cit riche en anecdotes est d\u2019autant plus concret et captivant que l\u2019on reconna\u00eet les lieux sur les photos : ici la rue de la R\u00e9publique, l\u00e0 le champ de foire\u2026<\/p>\n<p class=\" wall-content\">Un r\u00e9cit qui \u00e9meut particuli\u00e8rement Manon, 16\u00a0ans, et sa m\u00e8re Nathalie, descendantes de Raymond Tremplin. \u00ab C\u2019est tr\u00e8s int\u00e9ressant, \u00e7a donne plus de pr\u00e9cisions sur ce qu\u2019on apprend en classe. Le fait que \u00e7a soit aussi notre histoire familiale rajoute une dimension particuli\u00e8re au r\u00e9cit \u00bb, t\u00e9moigne la jeune fille.<\/p>\n<p>Vid\u00e9os : en ce moment sur Actu<br \/>\n    <img   decoding=\"async\" loading=\"lazy\" class=\"size-large\" src=\"https:\/\/www.europesays.com\/fr\/wp-content\/uploads\/2025\/05\/993c58b7e92869d3c58b7e928714c5v-960x640.jpg\" alt=\"M\u00eame apr\u00e8s la fin de la conf\u00e9rence, on ne peut s'emp\u00eacher de commenter ce que l'on voit sur les photos\" width=\"960\" height=\"640\"\/><br \/>\n    M\u00eame apr\u00e8s la fin de la conf\u00e9rence, on ne peut s\u2019emp\u00eacher de commenter ce que l\u2019on voit sur les photos. \u00a9Le Journal d\u2019Elbeuf<\/p>\n<p class=\" wall-content\">Alain Becchia, reste cependant conscient du caract\u00e8re survol\u00e9 et parcellaire de ses explications, bien que l\u2019heure pr\u00e9vue pour la conf\u00e9rence ait \u00e9t\u00e9 largement d\u00e9pass\u00e9e.<\/p>\n<blockquote class=\"ac-article-quote wall-content\">\n<p>Il reste tant \u00e0 d\u00e9couvrir ! Aucune histoire n\u2019est jamais finie d\u2019\u00e9crire. Il y a toujours des personnes qui nous apportent \u00e0 l\u2019association des photos et des souvenirs de cette p\u00e9riode.<\/p>\n<p>Alain Becchia<\/p><\/blockquote>\n<p class=\" wall-content\">Puis il r\u00e9pond \u00e0 quelques questions du public et lance un appel : tout int\u00e9ress\u00e9 peut rejoindre l\u2019association, qui se r\u00e9unit une fois par mois dans la salle des associations d\u2019Elbeuf.<\/p>\n<p class=\" wall-content\">\u00ab Surtout une personne f\u00e9rue d\u2019informatique, nous serons ravis de l\u2019accueillir ! \u00bb, pr\u00e9cise-t-il encore avec une pointe d\u2019amusement.<\/p>\n<p>Encore quelques temps forts<\/p>\n<p class=\" wall-content\">Le programme d\u2019animations li\u00e9es au <b>80e anniversaire de l\u2019armistice<\/b> de 1945 prendra fin le 27 mai 2025, avec la diffusion au cin\u00e9ma Grand Mercure du film documentaire N\u00e9s sous une mauvaise \u00e9toile, retra\u00e7ant la vie des juifs \u00e0 Elbeuf depuis leur fuite d\u2019Alsace, leur installation \u00e0 Elbeuf, les pers\u00e9cutions qu\u2019ils ont subies durant la guerre et leur contribution significative \u00e0 la vie industrielle et \u00e9conomique de la ville (projection gratuite \u00e0 19 h).<\/p>\n<p class=\" wall-content\">La Fabrique des savoirs accueillera quant \u00e0 elle une exposition sur la reconstruction de la ville, \u00e0 partir du 1er\u00a0juin prochain.<\/p>\n<p class=\" wall-content\">Suivez toute l\u2019actualit\u00e9 de vos villes et m\u00e9dias favoris en vous inscrivant \u00e0 <a href=\"https:\/\/moncompte.actu.fr\" title=\"D\u00e9couvez Mon Actu\" rel=\"nofollow noopener\" data-trk=\"{&quot;cta&quot;:{&quot;action&quot;:&quot;https:\\\/\\\/moncompte.actu.fr&quot;,&quot;category&quot;:&quot;mon compte&quot;,&quot;from&quot;:&quot;article footer&quot;,&quot;name&quot;:&quot;Mon actu&quot;,&quot;type&quot;:&quot;cta&quot;}}\" target=\"_blank\">Mon Actu<\/a>.<\/p>\n","protected":false},"excerpt":{"rendered":"Par R\u00e9daction Elbeuf Publi\u00e9 le 23 mai 2025 \u00e0 21h51 Dans la continuit\u00e9 des comm\u00e9morations du 8-Mai et&hellip;\n","protected":false},"author":2,"featured_media":122835,"comment_status":"","ping_status":"","sticky":false,"template":"","format":"standard","meta":{"footnotes":""},"categories":[9587],"tags":[1111,11,1777,674,1011,27,937,9985,12,5161,25,9590,104],"class_list":{"0":"post-122834","1":"post","2":"type-post","3":"status-publish","4":"format-standard","5":"has-post-thumbnail","7":"category-rouen","8":"tag-actu","9":"tag-actualites","10":"tag-eu","11":"tag-europe","12":"tag-fr","13":"tag-france","14":"tag-histoire","15":"tag-liberation","16":"tag-news","17":"tag-normandie","18":"tag-republique-francaise","19":"tag-rouen","20":"tag-societe"},"share_on_mastodon":{"url":"https:\/\/pubeurope.com\/@fr\/114559038592750094","error":""},"_links":{"self":[{"href":"https:\/\/www.europesays.com\/fr\/wp-json\/wp\/v2\/posts\/122834","targetHints":{"allow":["GET"]}}],"collection":[{"href":"https:\/\/www.europesays.com\/fr\/wp-json\/wp\/v2\/posts"}],"about":[{"href":"https:\/\/www.europesays.com\/fr\/wp-json\/wp\/v2\/types\/post"}],"author":[{"embeddable":true,"href":"https:\/\/www.europesays.com\/fr\/wp-json\/wp\/v2\/users\/2"}],"replies":[{"embeddable":true,"href":"https:\/\/www.europesays.com\/fr\/wp-json\/wp\/v2\/comments?post=122834"}],"version-history":[{"count":0,"href":"https:\/\/www.europesays.com\/fr\/wp-json\/wp\/v2\/posts\/122834\/revisions"}],"wp:featuredmedia":[{"embeddable":true,"href":"https:\/\/www.europesays.com\/fr\/wp-json\/wp\/v2\/media\/122835"}],"wp:attachment":[{"href":"https:\/\/www.europesays.com\/fr\/wp-json\/wp\/v2\/media?parent=122834"}],"wp:term":[{"taxonomy":"category","embeddable":true,"href":"https:\/\/www.europesays.com\/fr\/wp-json\/wp\/v2\/categories?post=122834"},{"taxonomy":"post_tag","embeddable":true,"href":"https:\/\/www.europesays.com\/fr\/wp-json\/wp\/v2\/tags?post=122834"}],"curies":[{"name":"wp","href":"https:\/\/api.w.org\/{rel}","templated":true}]}}