{"id":12284,"date":"2025-04-09T09:36:19","date_gmt":"2025-04-09T09:36:19","guid":{"rendered":"https:\/\/www.europesays.com\/fr\/12284\/"},"modified":"2025-04-09T09:36:19","modified_gmt":"2025-04-09T09:36:19","slug":"les-dernieres-annonces-de-poutine-interpellent-la-russie-ressemble-de-plus-en-plus-a-la-coree-du-nord","status":"publish","type":"post","link":"https:\/\/www.europesays.com\/fr\/12284\/","title":{"rendered":"Les derni\u00e8res annonces de Poutine interpellent: \u00ab\u00a0La Russie ressemble de plus en plus \u00e0 la Cor\u00e9e du Nord\u00a0\u00bb"},"content":{"rendered":"<p>Pourquoi une telle mobilisation ?<\/p>\n<p class=\"ap-StoryElement ap-StoryElement--mb ap-StoryText\">Jean-Paul Perruche, ancien directeur g\u00e9n\u00e9ral de l&rsquo;\u00c9tat-major militaire de l&rsquo;Union europ\u00e9enne, estime que les Russes manquent actuellement de moyens mat\u00e9riels et humains : \u00ab\u00a0Il y a un essoufflement des Russes. Ils ont fait un tr\u00e8s gros effort pour essayer de percer depuis l&rsquo;\u00e9t\u00e9 dernier. Comme on dit souvent chez les militaires, on ne peut pas faire effort tout le temps. Il y a un moment o\u00f9 tout s&rsquo;essouffle, on n&rsquo;arrive plus \u00e0 tenir la cadence, c&rsquo;est s\u00fbrement ce qu&rsquo;ont connu les Russes dans les derni\u00e8res semaines. Peut-\u00eatre que l&rsquo;\u00e9lection de Trump leur a permis de voir l&rsquo;attention se porter ailleurs. Mais maintenant, s&rsquo;il mobilise 160 000 hommes, c&rsquo;est qu&rsquo;il en a besoin. Il veut renforcer ses lignes et mettre la pression sur les Ukrainiens\u00a0\u00bb.<\/p>\n<p><a href=\"https:\/\/www.lalibre.be\/international\/europe\/guerre-ukraine-russie\/2025\/04\/04\/en-ukraine-les-mines-tuent-et-mutilent-sans-discrimination-elles-touchent-principalement-les-civils-T3OHXAUWRFDG3BHSPOHGNY63HQ\/\" target=\"_blank\" rel=\"noopener noreferrer\" class=\"ap-StoryInterstitialLink ap-StoryElement ap-StoryElement--mb\">D\u00e9miner l&rsquo;Ukraine, une t\u00e2che \u00ab\u00a0immense\u00a0\u00bb mais n\u00e9cessaire pour les futures g\u00e9n\u00e9rations<\/a><\/p>\n<p class=\"ap-StoryElement ap-StoryElement--mb ap-StoryText\">Si le Kremlin a assur\u00e9 que ces soldats n&rsquo;iraient pas au front, les contrats sign\u00e9s ne vont pas dans ce sens. Selon, l&rsquo;expert, <a href=\"https:\/\/www.lalibre.be\/international\/europe\/guerre-ukraine-russie\/2025\/03\/29\/ce-que-vladimir-poutine-est-en-train-de-faire-est-phenomenal-il-va-acquerir-une-stature-plus-importante-que-staline-dans-lhistoire-russe-NYY5LHLMVZCWHNYTWHXJM7UGAE\/\" target=\"_blank\" rel=\"noopener\">Poutine<\/a> n&rsquo;engagera pas les 160 000 hommes \u00e0 la fois, il mettra des renforts seulement l\u00e0 o\u00f9 ils peuvent affaiblir les Ukrainiens. Comme souvent en temps de guerre, m\u00eame si ces futurs soldats recevront une courte formation, c&rsquo;est la pratique sur le front qui primera : \u00ab\u00a0Il arrive toujours \u00e0 recruter, dans les prisons, \u00e0 l&rsquo;ext\u00e9rieur\u2026 L\u00e0, il fait des ponts d&rsquo;or aux gens pour qu&rsquo;ils s&rsquo;engagent, cela repr\u00e9sente 10 fois ou 15 fois ce qu&rsquo;ils peuvent gagner dans la situation actuelle\u00a0\u00bb. Au-del\u00e0 des sommes promises, les efforts de propagande russe ne cessent de s&rsquo;amplifier. Jean-Paul Perruche commente : \u00ab\u00a0La Russie de Poutine ressemble de plus en plus<a href=\"https:\/\/www.lalibre.be\/international\/europe\/guerre-ukraine-russie\/2025\/03\/27\/guerre-en-ukraine-la-coree-du-nord-a-envoye-3000-soldats-supplementaires-en-russie-cette-annee-selon-seoul-E6SXFXMLIZCMJJI7NJHFSLD3ZY\/\" target=\"_blank\" rel=\"noopener\"> \u00e0 la Cor\u00e9e du Nord, son alli\u00e9<\/a>. Ce n&rsquo;est pas pour rien qu&rsquo;ils s&rsquo;allient ensemble.\u00a0\u00bb<\/p>\n<p><a href=\"https:\/\/www.lalibre.be\/international\/europe\/guerre-ukraine-russie\/2025\/04\/04\/guerre-en-ukraine-la-russie-a-continue-ses-crimes-de-guerre-5ABC5IZYZFCQBB6CK37CU3PMAA\/\" target=\"_blank\" rel=\"noopener noreferrer\" class=\"ap-StoryInterstitialLink ap-StoryElement ap-StoryElement--mb\">Guerre en Ukraine: \u00ab\u00a0La Russie a continu\u00e9 ses crimes de guerre\u00a0\u00bb<\/a>Quelle r\u00e9action ukrainienne face \u00e0 la mobilisation ?<\/p>\n<p class=\"ap-StoryElement ap-StoryElement--mb ap-StoryText\">Pour Jean-Paul Perruche, cette mobilisation est vue comme un challenge c\u00f4t\u00e9 ukrainien : \u00ab\u00a0Le challenge pour les Ukrainiens c&rsquo;est de compenser ces effectifs russes qui sont quand m\u00eame massifs par de la qualit\u00e9 d&rsquo;armement, de l&rsquo;agilit\u00e9 dans la man\u0153uvre, de fa\u00e7on \u00e0 vraiment causer plus de d\u00e9g\u00e2ts aux Russes. C&rsquo;est le grand challenge actuel. C&rsquo;est pour \u00e7a que les Europ\u00e9ens essayent d&rsquo;aider les Ukrainiens, notamment l&rsquo;industrie de d\u00e9fense ukrainienne, \u00e0 trouver des syst\u00e8mes et \u00e0 les produire en quantit\u00e9 suffisante pour compenser ce d\u00e9savantage num\u00e9rique en soldats.\u00a0\u00bb<\/p>\n<p>Poutine a-t-il des intentions de paix ?<\/p>\n<p class=\"ap-StoryElement ap-StoryElement--mb ap-StoryText\">Cette campagne de conscription semble confirmer le fait que Poutine n&rsquo;est pas pr\u00eat \u00e0 faire la paix, malgr\u00e9 certaines de ses d\u00e9clarations officielles. Interrog\u00e9 sur les intentions de paix russe, Jean-Paul Perruche r\u00e9torque : \u00ab\u00a0Pourquoi voulez-vous qu&rsquo;il fasse la paix ? Puisque <a href=\"https:\/\/www.lalibre.be\/actualite\/personne\/donald-trump\/\" target=\"_blank\" rel=\"noopener\">Trump<\/a> lui a valid\u00e9 un certain nombre de ses options. Il va essayer d&rsquo;en avoir plus. Poutine c&rsquo;est un dictateur, il a annonc\u00e9 la couleur, il veut cravater l&rsquo;Ukraine. Donc ce n&rsquo;est pas en c\u00e9dant \u00e0 ses demandes qu&rsquo;on va le calmer. Si les Am\u00e9ricains montrent qu&rsquo;ils ne veulent plus faire la guerre du tout, apr\u00e8s l&rsquo;Ukraine, ce sera les Baltes, la G\u00e9orgie, la Moldavie, que sais-je.\u00a0\u00bb<\/p>\n<p><a href=\"https:\/\/www.lalibre.be\/international\/europe\/guerre-ukraine-russie\/2025\/04\/04\/guerre-en-ukraine-nous-saurons-dici-quelques-semaines-si-la-russie-veut-la-paix-assure-le-chef-de-la-diplomatie-americaine-I3IVCYDAFBFX5GMQXZENQ3AFM4\/\" target=\"_blank\" rel=\"noopener noreferrer\" class=\"ap-StoryInterstitialLink ap-StoryElement ap-StoryElement--mb\">Guerre en Ukraine : \u00ab\u00a0Nous saurons d&rsquo;ici quelques semaines\u00a0\u00bb si la Russie veut la paix, assure le chef de la diplomatie am\u00e9ricaine<\/a>Un changement de strat\u00e9gie am\u00e9ricaine ?<\/p>\n<p class=\"ap-StoryElement ap-StoryElement--mb ap-StoryText\"><a href=\"https:\/\/www.lalibre.be\/international\/europe\/guerre-ukraine-russie\/2025\/04\/04\/guerre-en-ukraine-donald-trump-optera-t-il-pour-une-nouvelle-strategie-pour-faire-plier-vladimir-poutine-QQZ4UL3GBBFFFBAWTDOR24PX3U\/\" target=\"_blank\" rel=\"noopener\">Selon plusieurs sources, certains proches de Trump lui auraient conseill\u00e9 <\/a>de ne plus parler \u00e0 <a href=\"https:\/\/www.lalibre.be\/international\/europe\/guerre-ukraine-russie\/2025\/04\/01\/vladimir-poutine-nen-fait-qua-sa-tete-trump-perd-patience-NBFHACSV75HWBBWTLC354SVWKA\/\" target=\"_blank\" rel=\"noopener\">Vladimir Poutine,<\/a> tant qu&rsquo;il ne montre pas de volont\u00e9 d&rsquo;aboutir \u00e0 un cessez-le-feu. Les deux hommes ont pourtant pr\u00e9vu de s&rsquo;appeler dans les prochaines semaines. Poutine a d&rsquo;ailleurs exprim\u00e9 sa volont\u00e9 de \u00ab\u00a0rester ouvert \u00e0 tout contact\u00a0\u00bb. Cet \u00e9ventuel changement de strat\u00e9gie conseill\u00e9 par les proches du pr\u00e9sident am\u00e9ricain va-t-il \u00eatre mis en place ? Jean-Paul Perruche r\u00e9pond par la n\u00e9gative : \u00ab\u00a0Le seul changement de strat\u00e9gie, si Trump avait vraiment voulu la paix, aurait d\u00fb arriver d\u00e8s son arriv\u00e9e. Il aurait accord\u00e9 des aides en armement tr\u00e8s sophistiqu\u00e9es, les meilleures, en masse, aux Ukrainiens. L\u00e0, je pense qu&rsquo;il avait une chance de faire plier Poutine, mais pas l&rsquo;inverse. Les Am\u00e9ricains depuis le d\u00e9but, et Biden aussi, avaient peur de mettre Poutine en difficult\u00e9. \u00ab\u00a0S&rsquo;il semble que le changement de strat\u00e9gie aurait d\u00fb \u00eatre fait depuis le d\u00e9but, celui-ci n&rsquo;est cependant pas impossible aujourd&rsquo;hui : \u00ab\u00a0C&rsquo;est toujours possible. Mais apr\u00e8s s&rsquo;\u00eatre exclam\u00e9 en disant &lsquo;je vais faire la paix en 24 heures&rsquo;, s&rsquo;il fait une guerre plus sauvage encore en 6 mois, il y a des gens qui vont commencer \u00e0 se gratter la t\u00eate. Mais avec Trump, comme il est impr\u00e9visible, il peut changer d&rsquo;avis du jour au lendemain\u00a0\u00bb. Enfin, l&rsquo;expert estime que m\u00eame dans le cas o\u00f9 Trump appliquerait la strat\u00e9gie propos\u00e9e par ses proches, Poutine n&rsquo;en aurait pas grand-chose \u00e0 faire : \u00ab\u00a0Je pense que Poutine s&rsquo;en contre fout, il continuera \u00e0 avancer. Il va gagner du temps. Plut\u00f4t, il va faire perdre du temps \u00e0 Trump\u00a0\u00bb.<\/p>\n<p><a href=\"https:\/\/www.lalibre.be\/international\/europe\/guerre-ukraine-russie\/2025\/03\/31\/une-cooperation-qui-a-ete-bien-plus-loin-que-prevu-les-secrets-de-laide-des-a-lukraine-ZJGVUXWZPZHWBIWXRQHKRMLL7A\/\" target=\"_blank\" rel=\"noopener noreferrer\" class=\"ap-StoryInterstitialLink ap-StoryElement ap-StoryElement--mb\">\u00ab\u00a0Une coop\u00e9ration qui a \u00e9t\u00e9 bien plus loin que pr\u00e9vu\u00a0\u00bb : les secrets de l&rsquo;aide des \u00c9tats-Unis \u00e0 l&rsquo;Ukraine<\/a><\/p>\n","protected":false},"excerpt":{"rendered":"Pourquoi une telle mobilisation ? Jean-Paul Perruche, ancien directeur g\u00e9n\u00e9ral de l&rsquo;\u00c9tat-major militaire de l&rsquo;Union europ\u00e9enne, estime que&hellip;\n","protected":false},"author":2,"featured_media":12285,"comment_status":"","ping_status":"","sticky":false,"template":"","format":"standard","meta":{"footnotes":""},"categories":[1591],"tags":[11,1887,457,12,5693,1885,1886,132,135],"class_list":{"0":"post-12284","1":"post","2":"type-post","3":"status-publish","4":"format-standard","5":"has-post-thumbnail","7":"category-russie","8":"tag-actualites","9":"tag-federation-de-russie","10":"tag-joe-biden","11":"tag-news","12":"tag-promotions-amazon","13":"tag-russia","14":"tag-russian-federation","15":"tag-russie","16":"tag-vladimir-poutine"},"share_on_mastodon":{"url":"https:\/\/pubeurope.com\/@fr\/114307333072069561","error":""},"_links":{"self":[{"href":"https:\/\/www.europesays.com\/fr\/wp-json\/wp\/v2\/posts\/12284","targetHints":{"allow":["GET"]}}],"collection":[{"href":"https:\/\/www.europesays.com\/fr\/wp-json\/wp\/v2\/posts"}],"about":[{"href":"https:\/\/www.europesays.com\/fr\/wp-json\/wp\/v2\/types\/post"}],"author":[{"embeddable":true,"href":"https:\/\/www.europesays.com\/fr\/wp-json\/wp\/v2\/users\/2"}],"replies":[{"embeddable":true,"href":"https:\/\/www.europesays.com\/fr\/wp-json\/wp\/v2\/comments?post=12284"}],"version-history":[{"count":0,"href":"https:\/\/www.europesays.com\/fr\/wp-json\/wp\/v2\/posts\/12284\/revisions"}],"wp:featuredmedia":[{"embeddable":true,"href":"https:\/\/www.europesays.com\/fr\/wp-json\/wp\/v2\/media\/12285"}],"wp:attachment":[{"href":"https:\/\/www.europesays.com\/fr\/wp-json\/wp\/v2\/media?parent=12284"}],"wp:term":[{"taxonomy":"category","embeddable":true,"href":"https:\/\/www.europesays.com\/fr\/wp-json\/wp\/v2\/categories?post=12284"},{"taxonomy":"post_tag","embeddable":true,"href":"https:\/\/www.europesays.com\/fr\/wp-json\/wp\/v2\/tags?post=12284"}],"curies":[{"name":"wp","href":"https:\/\/api.w.org\/{rel}","templated":true}]}}