{"id":122844,"date":"2025-05-23T20:36:34","date_gmt":"2025-05-23T20:36:34","guid":{"rendered":"https:\/\/www.europesays.com\/fr\/122844\/"},"modified":"2025-05-23T20:36:34","modified_gmt":"2025-05-23T20:36:34","slug":"10-idees-pour-bien-se-marrer-avec-ses-potes-avant-le-mariage","status":"publish","type":"post","link":"https:\/\/www.europesays.com\/fr\/122844\/","title":{"rendered":"10 id\u00e9es pour bien se marrer avec ses potes avant le mariage"},"content":{"rendered":"<p>    <img loading=\"lazy\" width=\"1800\" height=\"900\" src=\"https:\/\/www.europesays.com\/fr\/wp-content\/uploads\/2025\/04\/jeanne-callthepolice.jpg\" class=\"attachment-full size-full\" alt=\"\" id=\"imageLove\" decoding=\"async\"  \/><\/p>\n<p id=\"breadcrumbs\"><a href=\"https:\/\/pokaa.fr\/\" target=\"_blank\" rel=\"noopener\">Accueil<\/a> \/ <a href=\"https:\/\/pokaa.fr\/categories\/ses-sorties\/\" target=\"_blank\" rel=\"noopener\">Sorties<\/a> \/ EVJF et EVJG \u00e0 Strasbourg : 10 id\u00e9es pour bien se marrer avec ses potes avant le mariage<\/p>\n<p>                    Sorties<\/p>\n<p><strong>Le printemps est de retour et la saison des mariages approche \u00e0 grands pas. Si vous \u00eates t\u00e9moin ou demoiselle d\u2019honneur, une mission de taille vous attend : organiser un EVJF\/EVJG inoubliable. Et Strasbourg est une destination id\u00e9ale pour s\u2019amuser et cr\u00e9er de beaux souvenirs. Que vous soyez en qu\u00eate d\u2019aventure, de d\u00e9tente ou d\u2019activit\u00e9s insolites, on vous a pr\u00e9par\u00e9 une liste de 10 id\u00e9es. C\u2019est parti !\u00a0<\/strong><\/p>\n<p>Id\u00e9e n\u00b01 : le caf\u00e9 c\u00e9ramique, pour r\u00e9veiller l\u2019artiste qui sommeille en vous<\/p>\n<p><strong>Si la ou le mari\u00e9(e) aime les activit\u00e9s manuelles et la d\u00e9co,<\/strong> un atelier dans un caf\u00e9 c\u00e9ramique est l\u2019option parfaite ! <b>Tendance et conviviale<\/b>, cette activit\u00e9 permet de personnaliser la vaisselle de son choix : tasse, bol, assiette, vase\u2026 <\/p>\n<p><strong>C\u2019est aussi une super occasion de cr\u00e9er du lien entre les participant(e)s,<\/strong> surtout si tout le monde ne se conna\u00eet pas encore. Pour ajouter une touche fun, pourquoi ne pas lancer un petit d\u00e9fi en imposant un th\u00e8me original ? <b>Laissez parler votre cr\u00e9ativit\u00e9<\/b> et repartez avec une pi\u00e8ce personnalis\u00e9e en souvenir de cet EVJF\/EVJG.\u00a0<\/p>\n<p>                <img width=\"375\" height=\"500\" src=\"https:\/\/www.europesays.com\/fr\/wp-content\/uploads\/2025\/05\/img-4236-375x500.jpeg\" class=\"attachment-gallery size-gallery\" alt=\"La Boutique des Bouleaux caf\u00e9 C\u00e9ramique\" data-full-url=\"https:\/\/pokaa.fr\/wp-content\/uploads\/2024\/11\/20\/img-4236.jpeg\" decoding=\"async\" loading=\"lazy\"  \/>            <\/p>\n<p>                <img width=\"375\" height=\"500\" src=\"https:\/\/www.europesays.com\/fr\/wp-content\/uploads\/2025\/05\/img-9448-375x500.jpeg\" class=\"attachment-gallery size-gallery\" alt=\"La Boutique des Bouleaux caf\u00e9 C\u00e9ramique\" data-full-url=\"https:\/\/pokaa.fr\/wp-content\/uploads\/2024\/11\/20\/img-9448.jpeg\" decoding=\"async\" loading=\"lazy\"  \/>            <\/p>\n<p>                <img width=\"375\" height=\"500\" src=\"https:\/\/www.europesays.com\/fr\/wp-content\/uploads\/2025\/05\/img-9683-375x500.jpeg\" class=\"attachment-gallery size-gallery\" alt=\"La Boutique des Bouleaux caf\u00e9 C\u00e9ramique\" data-full-url=\"https:\/\/pokaa.fr\/wp-content\/uploads\/2024\/11\/20\/img-9683.jpeg\" decoding=\"async\" loading=\"lazy\"  \/>            <\/p>\n<p>                    \u00a9 Bastien Pietronave \/ Pokaa<\/p>\n<p>Id\u00e9e n\u00b02 : des cours de cuisine, pour r\u00e9galer vos papilles<\/p>\n<p><strong>Votre ami(e) est du style \u00e0 passer ses mercredis soir devant Top Chef<\/strong> et \u00e0 r\u00eaver de pouvoir un jour d\u00e9guster tous ces bons plats ? N\u2019attendez plus pour lui offrir un atelier cuisine aupr\u00e8s d\u2019un(e) pro. <strong>Partagez ce moment gourmand ensemble<\/strong>, d\u00e9bloquez des nouveaux talents et surtout, d\u00e9gustez vos chefs-d\u2019\u0153uvre juste apr\u00e8s.<\/p>\n<p>    <img width=\"800\" height=\"533\" src=\"https:\/\/www.europesays.com\/fr\/wp-content\/uploads\/2025\/05\/pop-up-cafoutche-stamtish-julia-wencker-30-800x533.jpg\" class=\"attachment-image-size-L size-image-size-L\" alt=\"Pop Up Cafoutche Stamtish Julia Wencker cuisine (30)\" decoding=\"async\" loading=\"lazy\"  \/>         \u00a9 Julia Wencker \/ Pokaa <\/p>\n<p>Id\u00e9e n\u00b03 : l&rsquo;atelier d&rsquo;\u0153nologie, pour devenir un(e) pro en vin<\/p>\n<p>Si, \u00e0 l\u2019inverse, la\/le futur(e) mari\u00e9(e) pr\u00e9f\u00e8re le vin, <strong>alors rien de tel qu\u2019un <\/strong><strong>atelier \u0153nologique<\/strong><strong> !<\/strong> Accompagn\u00e9(e)s par un(e) expert(e) passionn\u00e9(e), <strong>vous plongerez dans l\u2019univers du vin en apprenant \u00e0 distinguer les ar\u00f4mes et \u00e0 accorder les saveurs.<\/strong> Fini les m\u00e9langes douteux de vos soir\u00e9es \u00e9tudiantes, place \u00e0 la <b>d\u00e9gustation raffin\u00e9e<\/b> et aux connaissances qui impressionneront.<\/p>\n<p>    <img width=\"800\" height=\"600\" src=\"https:\/\/www.europesays.com\/fr\/wp-content\/uploads\/2025\/05\/alsace-a-boire-bar-a-vins-1.jpeg\" class=\"attachment-image-size-L size-image-size-L\" alt=\"Alsace a\u0300 boire bar a\u0300 vins (1)\" decoding=\"async\" loading=\"lazy\"  \/>         \u00a9 Bastien Pietronave \/ Pokaa <\/p>\n<p>Id\u00e9e n\u00b04 : l&rsquo;exp\u00e9rience VR, pour plonger dans un monde virtuel<\/p>\n<p>Envie d\u2019une activit\u00e9 originale et immersive ? <strong>Offrez-vous une <\/strong><b>exp\u00e9rience en r\u00e9alit\u00e9 virtuelle. <\/b>Coop\u00e9ration, fun et adr\u00e9naline seront au rendez-vous alors que <strong>vous explorerez ensemble des univers incroyables.<\/strong> Seul inconv\u00e9nient ? La petite marque du casque sur le front \u00e0 la fin\u2026 Mais \u00e7a, ce n\u2019est qu\u2019un d\u00e9tail.<\/p>\n<p>                <img width=\"377\" height=\"500\" src=\"https:\/\/www.europesays.com\/fr\/wp-content\/uploads\/2025\/05\/image00016-5.jpeg\" class=\"attachment-gallery size-gallery\" alt=\"DreamAway Salle r\u00e9alit\u00e9 virtuelle\" data-full-url=\"https:\/\/www.europesays.com\/fr\/wp-content\/uploads\/2025\/05\/image00016-5.jpeg\" decoding=\"async\" loading=\"lazy\"  \/>            <\/p>\n<p>                <img width=\"667\" height=\"500\" src=\"https:\/\/www.europesays.com\/fr\/wp-content\/uploads\/2025\/05\/image00035.jpeg\" class=\"attachment-gallery size-gallery\" alt=\"EVA r\u00e9alit\u00e9 virtuelle\" data-full-url=\"https:\/\/www.europesays.com\/fr\/wp-content\/uploads\/2025\/05\/image00035.jpeg\" decoding=\"async\" loading=\"lazy\"  \/>            <\/p>\n<p>                <img width=\"667\" height=\"500\" src=\"https:\/\/www.europesays.com\/fr\/wp-content\/uploads\/2025\/05\/arena-vr-e-sport-image00020.jpeg\" class=\"attachment-gallery size-gallery\" alt=\"ARENA VR E-SPORT image00020\" data-full-url=\"https:\/\/www.europesays.com\/fr\/wp-content\/uploads\/2025\/05\/arena-vr-e-sport-image00020.jpeg\" decoding=\"async\" loading=\"lazy\"  \/>            <\/p>\n<p>                    \u00a9 Bastien Pietronave \/ Pokaa<\/p>\n<p>Id\u00e9e n\u00b05 : le spa, pour une pause d\u00e9tente<\/p>\n<p>Pour celles et ceux qui aiment <b>prendre le temps et papoter<\/b>, rien de mieux qu\u2019un apr\u00e8s-midi au spa. Entre jacuzzi, hammam et massages, c\u2019est l\u2019activit\u00e9 parfaite pour <b>recharger les batteries<\/b> et chouchouter la\/le futur(e) mari\u00e9e comme il se doit, avant le grand jour.<\/p>\n<p>Aux alentours de Strasbourg :<\/p>\n<p>                <a href=\"https:\/\/pokaa.fr\/2023\/12\/26\/bien-etre-7-spas-immanquables-autour-de-strasbourg\/\" target=\"_blank\" rel=\"noopener\"><br \/>\n                    <img width=\"450\" height=\"261\" src=\"https:\/\/www.europesays.com\/fr\/wp-content\/uploads\/2025\/05\/bruche-pokaa-strasborug.png\" class=\"attachment-card-horizontal--same-subject size-card-horizontal--same-subject wp-post-image\" alt=\"\" decoding=\"async\" loading=\"lazy\"  \/>                <\/a><\/p>\n<p>                <img width=\"667\" height=\"500\" src=\"https:\/\/www.europesays.com\/fr\/wp-content\/uploads\/2025\/05\/img-0507-667x500.jpeg\" class=\"attachment-gallery size-gallery\" alt=\"Alsace verte march\u00e9 de noel patisserie spa dune chalet wissembourg\" data-full-url=\"https:\/\/pokaa.fr\/wp-content\/uploads\/2024\/12\/06\/img-0507.jpeg\" decoding=\"async\" loading=\"lazy\"  \/>            <\/p>\n<p>                <img width=\"375\" height=\"500\" src=\"https:\/\/www.europesays.com\/fr\/wp-content\/uploads\/2025\/05\/img-0485-375x500.jpeg\" class=\"attachment-gallery size-gallery\" alt=\"Alsace verte march\u00e9 de noel patisserie spa dune chalet wissembourg\" data-full-url=\"https:\/\/pokaa.fr\/wp-content\/uploads\/2024\/12\/06\/img-0485.jpeg\" decoding=\"async\" loading=\"lazy\"  \/>            <\/p>\n<p>                <img width=\"749\" height=\"500\" src=\"https:\/\/www.europesays.com\/fr\/wp-content\/uploads\/2025\/05\/405004356-843201661141895-7994377326052581198-n-749x500.jpg\" class=\"attachment-gallery size-gallery\" alt=\"les haras\" data-full-url=\"https:\/\/pokaa.fr\/wp-content\/uploads\/2024\/12\/03\/405004356-843201661141895-7994377326052581198-n.jpg\" decoding=\"async\" loading=\"lazy\"  \/>            <\/p>\n<p>                    \u00a9 Bastien Pietronave \/ Pokaa<\/p>\n<p>Id\u00e9e n\u00b06 : Un tour en bateau sur notre belle Ill<\/p>\n<p>Pour les marins d\u2019eau douce qui ont envie de d\u00e9couvrir Strasbourg autrement, <strong>montez \u00e0 bord d\u2019un bateau \u00e9lectrique privatisable.<\/strong> C\u2019est le moment de se rafraichir, cheveux au vent et main dans l\u2019eau\u2026 en croisant les doigts pour que la future mari\u00e9e ne s\u2019appelle pas Rose, et que cette croisi\u00e8re ne finisse pas comme celle du Titanic !<\/p>\n<p>                <img width=\"667\" height=\"500\" src=\"https:\/\/www.europesays.com\/fr\/wp-content\/uploads\/2025\/05\/image00033-4.jpeg\" class=\"attachment-gallery size-gallery\" alt=\"Nao navette Batorama\" data-full-url=\"https:\/\/www.europesays.com\/fr\/wp-content\/uploads\/2025\/05\/image00033-4.jpeg\" decoding=\"async\" loading=\"lazy\"  \/>            <\/p>\n<p>                <img width=\"375\" height=\"500\" src=\"https:\/\/www.europesays.com\/fr\/wp-content\/uploads\/2025\/04\/image00002-10.jpeg\" class=\"attachment-gallery size-gallery\" alt=\"Nao navette Batorama\" data-full-url=\"https:\/\/www.europesays.com\/fr\/wp-content\/uploads\/2025\/04\/image00002-10.jpeg\" decoding=\"async\" loading=\"lazy\"  \/>            <\/p>\n<p>                <img width=\"667\" height=\"500\" src=\"https:\/\/www.europesays.com\/fr\/wp-content\/uploads\/2025\/04\/image00017-7.jpeg\" class=\"attachment-gallery size-gallery\" alt=\"Nao navette Batorama\" data-full-url=\"https:\/\/www.europesays.com\/fr\/wp-content\/uploads\/2025\/04\/image00017-7.jpeg\" decoding=\"async\" loading=\"lazy\"  \/>            <\/p>\n<p>                    \u00a9 Bastien Pietronave \/ Pokaa<\/p>\n<p>Id\u00e9e n\u00b07 : l&rsquo;incontournable espace game<\/p>\n<p>Envie de tester vos nerfs, votre logique et vos liens d\u2019amiti\u00e9 ? <strong>Enfermez-vous avec la\/le futur(e) mari\u00e9(e) dans un escape game !<\/strong> Pendant une heure, vous devrez fouiller, r\u00e9fl\u00e9chir, paniquer (juste ce qu\u2019il faut) et surtout beaucoup rire. Entre celle\/celui qui crie d\u00e8s qu\u2019une porte s\u2019ouvre, celle\/celui qui trouve tous les indices sans savoir comment et celle\/celui qui panique,<strong> vous d\u00e9couvrirez la vraie nature de chacun(e).<\/strong><\/p>\n<p>                <img width=\"667\" height=\"500\" src=\"https:\/\/www.europesays.com\/fr\/wp-content\/uploads\/2025\/05\/john-doe-escape-game-salle-dreamland-fete-forraineimg-6364-2-667x500.jpeg\" class=\"attachment-gallery size-gallery\" alt=\"John doe escape game salle dreamland f\u00eate forraineIMG_6364 2\" data-full-url=\"https:\/\/pokaa.fr\/wp-content\/uploads\/2025\/02\/18\/john-doe-escape-game-salle-dreamland-fete-forraineimg-6364-2.jpeg\" decoding=\"async\" loading=\"lazy\"  \/>            <\/p>\n<p>                <img width=\"750\" height=\"500\" src=\"https:\/\/www.europesays.com\/fr\/wp-content\/uploads\/2025\/05\/little-red-doorimg_4179.jpg\" class=\"attachment-gallery size-gallery\" alt=\"LITTLE RED DOORIMG_4179\" data-full-url=\"https:\/\/www.europesays.com\/fr\/wp-content\/uploads\/2025\/05\/little-red-doorimg_4179.jpg\" decoding=\"async\" loading=\"lazy\"  \/>            <\/p>\n<p>                <img width=\"500\" height=\"500\" src=\"https:\/\/www.europesays.com\/fr\/wp-content\/uploads\/2025\/05\/les-secrets-du-sablier-1-500x500.jpg\" class=\"attachment-gallery size-gallery\" alt=\"Les Secrets du Sablier\" data-full-url=\"https:\/\/pokaa.fr\/wp-content\/uploads\/2023\/03\/les-secrets-du-sablier-1.jpg\" decoding=\"async\" loading=\"lazy\"  \/>            <\/p>\n<p>                    1. \u00a9 Bastien Pietronave \/ Pokaa ; 2. 3. \u00a9 Documents remis<\/p>\n<p>Id\u00e9e n\u00b08 : des activit\u00e9s pour faire monter l&rsquo;adr\u00e9naline<\/p>\n<p><strong>Pour plus de sensations fortes<\/strong>, voici trois activit\u00e9s qui mettront \u00e0 l\u2019\u00e9preuve votre esprit de comp\u00e9tition ! Entre les \u00e9clats de peinture du paintball, les virages serr\u00e9s du karting et les lancers de hache fa\u00e7on guerrier\/\u00e8re viking, pr\u00e9parez-vous \u00e0 transpirer\u2026<\/p>\n<ul>\n<li><strong>Le karting<\/strong> : <a href=\"https:\/\/www.straskart.fr\/\" target=\"_blank\" rel=\"noopener\"><strong>Stras Kart<\/strong><\/a> \u2013 14 rue des Fr\u00e8res-Lumi\u00e8re (Eckbolsheim) \/<a href=\"https:\/\/speedpark.fr\/strasbourg\/\" target=\"_blank\" rel=\"noopener\"><strong> Speedpark<\/strong> <\/a>\u2013 6 boulevard des Enseignes (Reichstett)<\/li>\n<li><strong>Le paintball <\/strong>:<strong><a href=\"https:\/\/www.straspaintball.fr\/\" target=\"_blank\" rel=\"noopener\"> Stras Paintball <\/a><\/strong>\u2013 14 rue des Fr\u00e8res-Lumi\u00e8re (Eckbolsheim) \/ <a href=\"https:\/\/www.fun-parc-brumath.fr\/activites-terrestres\/paintball\/\" target=\"_blank\" rel=\"noopener\"><strong>Fun Paint\u2019<\/strong><\/a> \u2013 rue du Plan-d\u2019Eau (Brumath)<\/li>\n<li><strong>Le lancer de hache <\/strong>: <strong><a href=\"https:\/\/levillagesecret.fr\/lancer-de-hache\/\" target=\"_blank\" rel=\"noopener\">Le Village Secret<\/a><\/strong> \u2013 47 rue du lac (Lingolsheim) \/ <a href=\"https:\/\/www.doozescape.com\/bars-a-jeux\/vanaheim\" target=\"_blank\" rel=\"noopener\"><strong>Vanaheim<\/strong><\/a> \u2013 20 rue du Commerce (Vendenheim)<\/li>\n<\/ul>\n<p>    <img width=\"800\" height=\"600\" src=\"https:\/\/www.europesays.com\/fr\/wp-content\/uploads\/2025\/05\/image00025-1.jpeg\" class=\"attachment-image-size-L size-image-size-L\" alt=\"Vanaheim lancer de hache bar viking\" decoding=\"async\" loading=\"lazy\"  \/>         \u00a9 Bastien Pietronave \/ Pokaa <\/p>\n<p>Id\u00e9e n\u00b09 : le karaok\u00e9, pour laisser s&rsquo;exprimer la C\u00e9line Dion qui est en vous<\/p>\n<p>\u00c0 d\u00e9faut de pouvoir faire partie de la Star Academy, vivez <strong>votre r\u00eave de chanteur\/se<\/strong> autour d\u2019un karaok\u00e9 enflamm\u00e9 ! Des classiques de C\u00e9line aux chansons de Patrick S\u00e9bastien, tout est permis, surtout les chor\u00e9graphies improvis\u00e9es. De quoi repartir avec des souvenirs m\u00e9morables\u2026 et peut-\u00eatre quelques vid\u00e9os compromettantes !<\/p>\n<p>    <img width=\"800\" height=\"600\" src=\"https:\/\/www.europesays.com\/fr\/wp-content\/uploads\/2025\/05\/groove-box-karaoke-japonais-strasbourgimage00050.jpeg\" class=\"attachment-image-size-L size-image-size-L\" alt=\"Groove Box Karaoke\u0301 japonais Strasbourgimage00050\" decoding=\"async\" loading=\"lazy\"  \/>         \u00a9 Bastien Pietronave \/ Pokaa <\/p>\n<p>Id\u00e9e n\u00b010 : les bars \u00e0 ambiance, pour mettre le feu \u00e0 votre soir\u00e9e<\/p>\n<p><strong>Blind test endiabl\u00e9, show drag flamboyant ou fou rire garanti devant un stand-up :<\/strong> Strasbourg ne manque pas de bars o\u00f9 l\u2019ennui n\u2019a pas sa place. Pour un EVJF\/EVJG, misez sur l\u2019ambiance et laissez-vous porter par l\u2019\u00e9nergie de ces lieux o\u00f9 chaque soir\u00e9e a son lot de rebondissements.<\/p>\n<p>                <a href=\"https:\/\/pokaa.fr\/2023\/03\/23\/blind-test-stand-up-ou-drag-show-7-bars-strasbourgeois-dans-lesquels-on-ne-sennuie-jamais\/\" target=\"_blank\" rel=\"noopener\"><br \/>\n                    <img width=\"450\" height=\"270\" src=\"https:\/\/www.europesays.com\/fr\/wp-content\/uploads\/2025\/05\/336356110-1694885707634209-936831240605582636-n-450x270.jpg\" class=\"attachment-card-horizontal--same-subject size-card-horizontal--same-subject wp-post-image\" alt=\"\" decoding=\"async\" loading=\"lazy\"\/>                <\/a><\/p>\n<p>                <img width=\"334\" height=\"500\" src=\"https:\/\/www.europesays.com\/fr\/wp-content\/uploads\/2025\/05\/dsc-3098-334x500.jpg\" class=\"attachment-gallery size-gallery\" alt=\"longevity festival musique danse electro\" data-full-url=\"https:\/\/pokaa.fr\/wp-content\/uploads\/2023\/08\/dsc-3098.jpg\" decoding=\"async\" loading=\"lazy\"  \/>            <\/p>\n<p>                <img width=\"376\" height=\"500\" src=\"https:\/\/www.europesays.com\/fr\/wp-content\/uploads\/2025\/05\/img-20240515-162436-868-376x500.jpg\" class=\"attachment-gallery size-gallery\" alt=\"Bingo drag\" data-full-url=\"https:\/\/pokaa.fr\/wp-content\/uploads\/2024\/05\/15\/img-20240515-162436-868.jpg\" decoding=\"async\" loading=\"lazy\"  \/>            <\/p>\n<p>                <img width=\"667\" height=\"500\" src=\"https:\/\/www.europesays.com\/fr\/wp-content\/uploads\/2025\/05\/local-bar-concert-krutenau3-667x500.jpeg\" class=\"attachment-gallery size-gallery\" alt=\"local-bar-concert-krutenau3\" data-full-url=\"https:\/\/pokaa.fr\/wp-content\/uploads\/2024\/12\/04\/local-bar-concert-krutenau3-1500x1125.jpeg\" decoding=\"async\" loading=\"lazy\"  \/>            <\/p>\n<p>                    1. \u00a9 Mathilde Cybulski \/ Pokaa ; 2. \u00a9 Coraline Lafon \/ Pokaa<\/p>\n<p style=\"text-align: center;\"><strong>Et vous, c\u2019est quoi vos id\u00e9es pour un EVJF\/EVJG r\u00e9ussi ?\u00a0<\/strong><\/p>\n<p>\u00a0<\/p>\n","protected":false},"excerpt":{"rendered":"Accueil \/ Sorties \/ EVJF et EVJG \u00e0 Strasbourg : 10 id\u00e9es pour bien se marrer avec ses&hellip;\n","protected":false},"author":2,"featured_media":122845,"comment_status":"","ping_status":"","sticky":false,"template":"","format":"standard","meta":{"footnotes":""},"categories":[2820],"tags":[9835,1111,11,1777,674,24515,24516,4768,1011,27,775,1930,12,25,640],"class_list":{"0":"post-122844","1":"post","2":"type-post","3":"status-publish","4":"format-standard","5":"has-post-thumbnail","7":"category-strasbourg","8":"tag-activites","9":"tag-actu","10":"tag-actualites","11":"tag-eu","12":"tag-europe","13":"tag-evjf","14":"tag-evjg","15":"tag-fete","16":"tag-fr","17":"tag-france","18":"tag-grand-est","19":"tag-mariage","20":"tag-news","21":"tag-republique-francaise","22":"tag-strasbourg"},"share_on_mastodon":{"url":"https:\/\/pubeurope.com\/@fr\/114559070531148795","error":""},"_links":{"self":[{"href":"https:\/\/www.europesays.com\/fr\/wp-json\/wp\/v2\/posts\/122844","targetHints":{"allow":["GET"]}}],"collection":[{"href":"https:\/\/www.europesays.com\/fr\/wp-json\/wp\/v2\/posts"}],"about":[{"href":"https:\/\/www.europesays.com\/fr\/wp-json\/wp\/v2\/types\/post"}],"author":[{"embeddable":true,"href":"https:\/\/www.europesays.com\/fr\/wp-json\/wp\/v2\/users\/2"}],"replies":[{"embeddable":true,"href":"https:\/\/www.europesays.com\/fr\/wp-json\/wp\/v2\/comments?post=122844"}],"version-history":[{"count":0,"href":"https:\/\/www.europesays.com\/fr\/wp-json\/wp\/v2\/posts\/122844\/revisions"}],"wp:featuredmedia":[{"embeddable":true,"href":"https:\/\/www.europesays.com\/fr\/wp-json\/wp\/v2\/media\/122845"}],"wp:attachment":[{"href":"https:\/\/www.europesays.com\/fr\/wp-json\/wp\/v2\/media?parent=122844"}],"wp:term":[{"taxonomy":"category","embeddable":true,"href":"https:\/\/www.europesays.com\/fr\/wp-json\/wp\/v2\/categories?post=122844"},{"taxonomy":"post_tag","embeddable":true,"href":"https:\/\/www.europesays.com\/fr\/wp-json\/wp\/v2\/tags?post=122844"}],"curies":[{"name":"wp","href":"https:\/\/api.w.org\/{rel}","templated":true}]}}