{"id":122846,"date":"2025-05-23T20:37:15","date_gmt":"2025-05-23T20:37:15","guid":{"rendered":"https:\/\/www.europesays.com\/fr\/122846\/"},"modified":"2025-05-23T20:37:15","modified_gmt":"2025-05-23T20:37:15","slug":"mehdi-boucheliga-une-histoire-en-lignes","status":"publish","type":"post","link":"https:\/\/www.europesays.com\/fr\/122846\/","title":{"rendered":"Mehdi Boucheliga, une histoire en lignes"},"content":{"rendered":"<p>\u00ab\u00a0J\u2019ai 40 ans, je finirai ce samedi mes 20es Internationaux de Strasbourg, peut-\u00eatre pour mon dernier match en tant que juge de ligne d\u2019un grand tournoi. C\u2019est un compte rond, peut-\u00eatre un signe qu\u2019il est temps de boucler la boucle\u00a0?\u00a0\u00bb Mehdi Boucheliga ne peut s\u2019emp\u00eacher d\u2019\u00eatre un brin nostalgique \u00e0 la veille de la finale d\u2019un tournoi qui a grandi avec lui.<\/p>\n<p>Le Strasbourgeois avait 16\u00a0ans en 2001 lorsqu\u2019il a particip\u00e9 \u00e0 sa toute premi\u00e8re \u00e9dition des IS, au centre de ligue de Hautepierre. Il n\u2019a manqu\u00e9 que celles de 2006, 2007 et 2012 parce qu\u2019il officiait au m\u00eame moment aux qualifications de Roland-Garros, et celles de 2008 et de 2009 pour raisons professionnelles.<\/p>\n<p>Ce boulanger de formation et pizza\u00efolo par passion \u0153uvre depuis un an dans&#8230;<\/p>\n","protected":false},"excerpt":{"rendered":"\u00ab\u00a0J\u2019ai 40 ans, je finirai ce samedi mes 20es Internationaux de Strasbourg, peut-\u00eatre pour mon dernier match en&hellip;\n","protected":false},"author":2,"featured_media":122847,"comment_status":"","ping_status":"","sticky":false,"template":"","format":"standard","meta":{"footnotes":""},"categories":[2820],"tags":[1111,11,1777,674,1011,27,775,16055,12,25,517,640,1467],"class_list":{"0":"post-122846","1":"post","2":"type-post","3":"status-publish","4":"format-standard","5":"has-post-thumbnail","7":"category-strasbourg","8":"tag-actu","9":"tag-actualites","10":"tag-eu","11":"tag-europe","12":"tag-fr","13":"tag-france","14":"tag-grand-est","15":"tag-internationaux-de-strasbourg","16":"tag-news","17":"tag-republique-francaise","18":"tag-sport","19":"tag-strasbourg","20":"tag-tennis"},"share_on_mastodon":{"url":"https:\/\/pubeurope.com\/@fr\/114559073849414296","error":""},"_links":{"self":[{"href":"https:\/\/www.europesays.com\/fr\/wp-json\/wp\/v2\/posts\/122846","targetHints":{"allow":["GET"]}}],"collection":[{"href":"https:\/\/www.europesays.com\/fr\/wp-json\/wp\/v2\/posts"}],"about":[{"href":"https:\/\/www.europesays.com\/fr\/wp-json\/wp\/v2\/types\/post"}],"author":[{"embeddable":true,"href":"https:\/\/www.europesays.com\/fr\/wp-json\/wp\/v2\/users\/2"}],"replies":[{"embeddable":true,"href":"https:\/\/www.europesays.com\/fr\/wp-json\/wp\/v2\/comments?post=122846"}],"version-history":[{"count":0,"href":"https:\/\/www.europesays.com\/fr\/wp-json\/wp\/v2\/posts\/122846\/revisions"}],"wp:featuredmedia":[{"embeddable":true,"href":"https:\/\/www.europesays.com\/fr\/wp-json\/wp\/v2\/media\/122847"}],"wp:attachment":[{"href":"https:\/\/www.europesays.com\/fr\/wp-json\/wp\/v2\/media?parent=122846"}],"wp:term":[{"taxonomy":"category","embeddable":true,"href":"https:\/\/www.europesays.com\/fr\/wp-json\/wp\/v2\/categories?post=122846"},{"taxonomy":"post_tag","embeddable":true,"href":"https:\/\/www.europesays.com\/fr\/wp-json\/wp\/v2\/tags?post=122846"}],"curies":[{"name":"wp","href":"https:\/\/api.w.org\/{rel}","templated":true}]}}