{"id":122850,"date":"2025-05-23T20:39:10","date_gmt":"2025-05-23T20:39:10","guid":{"rendered":"https:\/\/www.europesays.com\/fr\/122850\/"},"modified":"2025-05-23T20:39:10","modified_gmt":"2025-05-23T20:39:10","slug":"musique-defile-socca-grande-fete-populaire-pour-inaugurer-le-tunnel-de-la-sortie-ouest-de-la-voie-mathis-a-nice","status":"publish","type":"post","link":"https:\/\/www.europesays.com\/fr\/122850\/","title":{"rendered":"Musique, d\u00e9fil\u00e9, socca&#8230; Grande f\u00eate populaire pour inaugurer le tunnel de la sortie ouest de la voie Mathis \u00e0 Nice"},"content":{"rendered":"<p>Il \u00e9tait attendu par les Ni\u00e7ois. Le tunnel de la sortie ouest de la voie Mathis a \u00e9t\u00e9 inaugur\u00e9, vendredi soir, dans une grande f\u00eate populaire.<\/p>\n<p>Sur le sol humant encore l\u2019odeur du goudron frais, le projet a \u00e9t\u00e9 applaudi par le public, tant il \u00e9tait esp\u00e9r\u00e9. Ces 850 m\u00e8tres de tunnel permettront de d\u00e9sengorger plusieurs axes, dont l\u2019avenue Grinda, souvent encombr\u00e9s aux heures de pointe.<\/p>\n<p>Gain de temps estim\u00e9: entre 10 et 30 minutes en fonction du trafic.<\/p>\n<p>Ce sera aussi des nuisances sonores en moins et moins de pollution atmosph\u00e9rique. Sa construction, qui a co\u00fbt\u00e9 195 millions d\u2019euros, avait d\u00e9but\u00e9 en juin 2021.<\/p>\n<p>Chaque jour, la voie Mathis est emprunt\u00e9e par pr\u00e8s de 70.000 v\u00e9hicules.<\/p>\n<p>              <img ci-src=\"https:\/\/www.nicematin.com\/urbanisme\/protec\/DATA_ART_15577409-JU0flHBj.jpg?vh=5967be&amp;ci_seal=65c76f73da\" alt=\"\"\/><br \/>\n         <strong>Photo C. D..<\/strong> <\/p>\n<p>Une ferveur populaire s\u2019est fait sentir sous l\u2019\u00e9difice, exceptionnellement ouvert aux pi\u00e9tons (s\u00fbrement pour la derni\u00e8re fois). Tout le monde avait \u00e9t\u00e9 invit\u00e9! Une grande foule a rempli l\u2019entr\u00e9e pour l\u2019inauguration, tous press\u00e9s de d\u00e9couvrir l\u2019ouvrage.<\/p>\n<p>\u00ab\u00a0Je me devais d\u2019\u00eatre ici, c\u2019est m\u00e9morable. Je passerai le tunnel en voiture demain matin\u00a0\u00bb, sourit Irina, \u00e0 Nice depuis 20 ans. De son c\u00f4t\u00e9, Roland souhaitait voir l\u2019\u00a0\u00bbinfrastructure dont on parlait depuis des ann\u00e9es. C\u2019est un progr\u00e8s \u00ab\u00a0.<\/p>\n<p>              <img ci-src=\"https:\/\/www.nicematin.com\/urbanisme\/protec\/DATA_ART_15577405-tdEH1jLP.jpg?vh=1523e5&amp;ci_seal=6766af959c\" alt=\"\"\/><br \/>\n         <strong>Photo C. D..<\/strong> <\/p>\n<p>Musique, d\u00e9fil\u00e9, socca et autres r\u00e9jouissances ont fait prendre des couleurs \u00e0 l\u2019ouvrage de b\u00e9ton. Des foodtrucks avaient \u00e9t\u00e9 command\u00e9s pour l\u2019occasion et des stands gratuits proposaient de la pissaladi\u00e8re et de la tourte aux blettes (tout s\u2019est envol\u00e9 tr\u00e8s vite au passage du public).<\/p>\n<p>La fanfare de la garde municipale a interpr\u00e9t\u00e9 des musiques traditionnelles et de films, accompagn\u00e9e par de jeunes Ni\u00e7ois en costumes traditionnels. Un DJ avait \u00e9galement \u00e9t\u00e9 convi\u00e9.<\/p>\n<p>              <img ci-src=\"https:\/\/www.nicematin.com\/urbanisme\/protec\/DATA_ART_15577408-VUengmHP.jpg?vh=9f8f11&amp;ci_seal=859a1eaae5\" alt=\"\"\/><br \/>\n         <strong>Infographie Ville de Nice.<\/strong> <\/p>\n<p>Le tunnel suit le parcours a\u00e9rien: il plonge depuis la voie Mathis, juste avant de prendre le virage qui permettra d\u2019aller par exemple \u00e0 la Victorine et ressort sur l\u2019avenue Giscard-d\u2019Estaing.<\/p>\n<p>Sur 850 m\u00e8tres de longueur, il permet de rejoindre l\u2019autoroute sans croiser de feu rouge. Attention, il est interdit aux poids lourds.<\/p>\n<p>              <img ci-src=\"https:\/\/www.nicematin.com\/urbanisme\/protec\/DATA_ART_15577407-Jw3PzVsk.jpg?vh=c22cff&amp;ci_seal=74461a1c35\" alt=\"\"\/><\/p>\n<p>Des personnalit\u00e9s officielles \u00e9taient pr\u00e9sentes, notamment le ministre des Transports, Philippe Tabarot. \u00ab\u00a0Nice est une des villes les plus dynamiques en mati\u00e8re de mobilit\u00e9. Ce tunnel, ce n\u2019est pas qu\u2019un projet routier, c\u2019est aussi un projet de d\u00e9carbonation \u00ab\u00a0, a-t-il expliqu\u00e9.<\/p>\n<p>De son c\u00f4t\u00e9, Christian Estrosi s\u2019est dit \u00ab\u00a0\u00e9mu d\u2019\u00eatre celui qui, 75 ans apr\u00e8s Jean-M\u00e9decin, ach\u00e8ve l\u2019ouvrage de la voie Mathis d\u2019est en ouest de la ville. Il fallait que tout le monde puisse venir se l\u2019approprier \u00ab\u00a0.<\/p>\n<p>              <img ci-src=\"https:\/\/www.nicematin.com\/urbanisme\/protec\/DATA_ART_15577406-u2hk8OJP.jpg?vh=3cab97&amp;ci_seal=04e8c2238f\" alt=\"\"\/><\/p>\n<p>Flippers et bornes d\u2019arcade ont permis de se divertir. Pendant que les parents ont inspect\u00e9 l\u2019\u00e9difice, les enfants (mais pas que) ont \u00e9t\u00e9 ravis de pouvoir utiliser les \u00e9quipements mis \u00e0 disposition par l\u2019association Play Azur.<\/p>\n<p>En plus de voir le tunnel, Gw\u00e9nola et ses amies \u00e9taient venues pour profiter de toutes ces animations. \u00ab\u00a0On est l\u00e0 pour jouer, pour manger et parce qu\u2019il y a du monde\u00a0\u00bb, s\u2019amuse la jeune fille. Bref, une grande f\u00eate qui a uni tous les Azur\u00e9ens.<\/p>\n","protected":false},"excerpt":{"rendered":"Il \u00e9tait attendu par les Ni\u00e7ois. Le tunnel de la sortie ouest de la voie Mathis a \u00e9t\u00e9&hellip;\n","protected":false},"author":2,"featured_media":122851,"comment_status":"","ping_status":"","sticky":false,"template":"","format":"standard","meta":{"footnotes":""},"categories":[2819],"tags":[1111,11,1777,674,1011,27,12,2401,882,25,1352,3366],"class_list":{"0":"post-122850","1":"post","2":"type-post","3":"status-publish","4":"format-standard","5":"has-post-thumbnail","7":"category-nice","8":"tag-actu","9":"tag-actualites","10":"tag-eu","11":"tag-europe","12":"tag-fr","13":"tag-france","14":"tag-news","15":"tag-nice","16":"tag-provence-alpes-cote-dazur","17":"tag-republique-francaise","18":"tag-urbanisme","19":"tag-vie-locale"},"share_on_mastodon":{"url":"https:\/\/pubeurope.com\/@fr\/114559081741897169","error":""},"_links":{"self":[{"href":"https:\/\/www.europesays.com\/fr\/wp-json\/wp\/v2\/posts\/122850","targetHints":{"allow":["GET"]}}],"collection":[{"href":"https:\/\/www.europesays.com\/fr\/wp-json\/wp\/v2\/posts"}],"about":[{"href":"https:\/\/www.europesays.com\/fr\/wp-json\/wp\/v2\/types\/post"}],"author":[{"embeddable":true,"href":"https:\/\/www.europesays.com\/fr\/wp-json\/wp\/v2\/users\/2"}],"replies":[{"embeddable":true,"href":"https:\/\/www.europesays.com\/fr\/wp-json\/wp\/v2\/comments?post=122850"}],"version-history":[{"count":0,"href":"https:\/\/www.europesays.com\/fr\/wp-json\/wp\/v2\/posts\/122850\/revisions"}],"wp:featuredmedia":[{"embeddable":true,"href":"https:\/\/www.europesays.com\/fr\/wp-json\/wp\/v2\/media\/122851"}],"wp:attachment":[{"href":"https:\/\/www.europesays.com\/fr\/wp-json\/wp\/v2\/media?parent=122850"}],"wp:term":[{"taxonomy":"category","embeddable":true,"href":"https:\/\/www.europesays.com\/fr\/wp-json\/wp\/v2\/categories?post=122850"},{"taxonomy":"post_tag","embeddable":true,"href":"https:\/\/www.europesays.com\/fr\/wp-json\/wp\/v2\/tags?post=122850"}],"curies":[{"name":"wp","href":"https:\/\/api.w.org\/{rel}","templated":true}]}}