{"id":122862,"date":"2025-05-23T20:45:12","date_gmt":"2025-05-23T20:45:12","guid":{"rendered":"https:\/\/www.europesays.com\/fr\/122862\/"},"modified":"2025-05-23T20:45:12","modified_gmt":"2025-05-23T20:45:12","slug":"toulouse-a-lespace-diversites-laicite-linclusion-prend-la-parole","status":"publish","type":"post","link":"https:\/\/www.europesays.com\/fr\/122862\/","title":{"rendered":"Toulouse : \u00c0 l\u2019Espace Diversit\u00e9s La\u00efcit\u00e9, l\u2019inclusion prend la parole"},"content":{"rendered":"<p>\t\t\tHier soir, l\u2019Espace Diversit\u00e9s La\u00efcit\u00e9 a accueilli la deuxi\u00e8me \u00e9dition de \u201cCultures are the Way\u201d, un \u00e9v\u00e9nement\u00a0organis\u00e9 par l\u2019association Toulouse Way. Entre performances artistiques, rencontres\u00a0 et r\u00e9flexions sur la responsabilit\u00e9 sociale, la soir\u00e9e a mis en lumi\u00e8re la richesse des diff\u00e9rences culturelles et leur impact sur la soci\u00e9t\u00e9 toulousaine.<\/p>\n<p data-start=\"562\" data-end=\"988\">D\u00e8s 17h, l\u2019Espace Diversit\u00e9s La\u00efcit\u00e9 s\u2019est transform\u00e9 en un v\u00e9ritable carrefour interculturel. Organis\u00e9 par l\u2019association <a href=\"https:\/\/www.toulouseway.org\/\" target=\"_blank\" rel=\"noopener\">Toulouse Way<\/a>, en partenariat avec la mairie de Toulouse et plusieurs structures associatives, \u201cCultures are the Way\u201d a r\u00e9uni porteurs de projets, artistes, et associations. Tout cela autour d\u2019un m\u00eame objectif : et valoriser la diversit\u00e9 comme moteur de transformation sociale.<\/p>\n<p data-start=\"990\" data-end=\"1582\">Parmi les initiatives marquantes, l\u2019association <a href=\"https:\/\/constellation-sociale.org\/\" target=\"_blank\" rel=\"noopener\">Constellation Sociale <\/a>a pr\u00e9sent\u00e9 une fresque collaborative r\u00e9alis\u00e9e avec en coh\u00e9sion par des jeunes en insertion professionnelle de l\u2019\u00e9cole de la deuxi\u00e8me chance et des s\u00e9niors du centre social de Jolimont-Soupetard. Fruit d\u2019un travail transg\u00e9n\u00e9rationnel et interculturel, cette \u0153uvre symbolise l\u2019union entre territoires, avec des liens tiss\u00e9s jusqu\u2019en Bolivie, au Cameroun et en \u00c9quateur. Constellation Sociale accompagne au quotidien les organisations dans leurs transitions environnementales et sociales, en misant sur la co-construction et l\u2019inclusion.<\/p>\n<p><img fetchpriority=\"high\" decoding=\"async\" class=\"size-medium wp-image-228776\" src=\"https:\/\/www.europesays.com\/fr\/wp-content\/uploads\/2025\/05\/IMG_7161-600x450.jpg\" alt=\"\" width=\"600\" height=\"450\"  \/>Fresque co-r\u00e9alis\u00e9e par des jeunes et des s\u00e9niors<\/p>\n<p data-start=\"1584\" data-end=\"2229\">Autre acteur engag\u00e9, <a href=\"https:\/\/fondationoikos.org\/\" target=\"_blank\" rel=\"noopener\">la Fondation O\u00efkos<\/a> a pr\u00e9sent\u00e9 son r\u00e9seau Cit\u00e9 de la RSE et de l\u2019Impact, initi\u00e9 en 2022. \u00c0 travers des outils ludiques comme la \u00a0\u00bb fresque de la RSE \u00ab\u00a0ou le \u00ab\u00a0grand jeu de la RSE\u00a0\u00bb. \u00a0La fondation veut rendre la responsabilit\u00e9 soci\u00e9tale des entreprises (RSE) accessible \u00e0 toutes et tous. \u00ab La RSE, ce n\u2019est pas une montagne \u00e0 gravir d\u2019un coup. Il faut avancer pas \u00e0 pas, avec les bonnes personnes et les bons outils \u00bb, a rappel\u00e9 une repr\u00e9sentante sur le stand. L\u2019approche p\u00e9dagogique et collective de la fondation vise \u00e0 inspirer, former et accompagner les acteurs \u00e9conomiques vers des pratiques plus durables et inclusives.<\/p>\n<p><strong data-start=\"2240\" data-end=\"2298\">Art et paroles pour un voyage interculturel<\/strong><\/p>\n<p data-start=\"2300\" data-end=\"2584\">Apr\u00e8s les \u00e9changes professionnels et associatifs, la soir\u00e9e a pris une tonalit\u00e9 plus sensible et artistique. Dans l\u2019amphith\u00e9\u00e2tre, le fondateur de Toulouse Way, Alexis Janicot, a ouvert la deuxi\u00e8me partie de l\u2019\u00e9v\u00e9nement avec un discours fort sur le r\u00f4le des cultures dans le d\u00e9veloppement collectif. \u00ab Quand les cultures se rencontrent et coop\u00e8rent, elles font d\u00e9coller des avions, elles font gagner des m\u00e9dailles olympiques, elles \u00e9largissent nos horizons. Chaque nouvel arrivant apporte des comp\u00e9tences, des talents, quelle que soit sa langue, sa religion, son origine. \u00bb<\/p>\n<p><img loading=\"lazy\" decoding=\"async\" class=\"wp-image-228778 size-medium\" src=\"https:\/\/www.europesays.com\/fr\/wp-content\/uploads\/2025\/05\/IMG_7168-600x450.jpg\" alt=\"\" width=\"600\" height=\"450\"  \/>Discours du Pr\u00e9sident de Toulouse Way : Alexis Janicot<\/p>\n<p data-start=\"2862\" data-end=\"3346\">Le ton \u00e9tait donn\u00e9 : la diversit\u00e9 est une force, y compris dans les sph\u00e8res professionnelles et institutionnelles. La sc\u00e8ne s\u2019est ensuite anim\u00e9e de performances puissantes, entre musique au piano et slam. L\u2019un des moments les plus \u00e9mouvants fut sans doute le passage d\u2019AbdulAhad, jeune journaliste, r\u00e9fugi\u00e9 afghan, qui a livr\u00e9 un slam bouleversant sur son exil de Kaboul apr\u00e8s la prise de pouvoir des Talibans. Son texte, empreint d\u2019espoir et de r\u00e9silience, a profond\u00e9ment touch\u00e9 le public.<\/p>\n<p data-start=\"3348\" data-end=\"3622\">La soir\u00e9e s\u2019est conclue autour d\u2019un buffet multiculturel, invitant les participants \u00e0 d\u00e9couvrir des plats venus d\u2019horizons divers. Plus qu\u2019un simple moment convivial, ce repas partag\u00e9 a prolong\u00e9 les \u00e9changes, croisant t\u00e9moignages personnels et opportunit\u00e9s de collaboration.<\/p>\n","protected":false},"excerpt":{"rendered":"Hier soir, l\u2019Espace Diversit\u00e9s La\u00efcit\u00e9 a accueilli la deuxi\u00e8me \u00e9dition de \u201cCultures are the Way\u201d, un \u00e9v\u00e9nement\u00a0organis\u00e9 par&hellip;\n","protected":false},"author":2,"featured_media":122863,"comment_status":"","ping_status":"","sticky":false,"template":"","format":"standard","meta":{"footnotes":""},"categories":[2816],"tags":[1111,11,251,24518,1777,674,1011,27,12,2680,25,2312,1090],"class_list":{"0":"post-122862","1":"post","2":"type-post","3":"status-publish","4":"format-standard","5":"has-post-thumbnail","7":"category-toulouse","8":"tag-actu","9":"tag-actualites","10":"tag-culture","11":"tag-espace-diversites-laicite","12":"tag-eu","13":"tag-europe","14":"tag-fr","15":"tag-france","16":"tag-news","17":"tag-occitanie","18":"tag-republique-francaise","19":"tag-toulouse","20":"tag-toulouse-metropole"},"share_on_mastodon":{"url":"https:\/\/pubeurope.com\/@fr\/114559105405789566","error":""},"_links":{"self":[{"href":"https:\/\/www.europesays.com\/fr\/wp-json\/wp\/v2\/posts\/122862","targetHints":{"allow":["GET"]}}],"collection":[{"href":"https:\/\/www.europesays.com\/fr\/wp-json\/wp\/v2\/posts"}],"about":[{"href":"https:\/\/www.europesays.com\/fr\/wp-json\/wp\/v2\/types\/post"}],"author":[{"embeddable":true,"href":"https:\/\/www.europesays.com\/fr\/wp-json\/wp\/v2\/users\/2"}],"replies":[{"embeddable":true,"href":"https:\/\/www.europesays.com\/fr\/wp-json\/wp\/v2\/comments?post=122862"}],"version-history":[{"count":0,"href":"https:\/\/www.europesays.com\/fr\/wp-json\/wp\/v2\/posts\/122862\/revisions"}],"wp:featuredmedia":[{"embeddable":true,"href":"https:\/\/www.europesays.com\/fr\/wp-json\/wp\/v2\/media\/122863"}],"wp:attachment":[{"href":"https:\/\/www.europesays.com\/fr\/wp-json\/wp\/v2\/media?parent=122862"}],"wp:term":[{"taxonomy":"category","embeddable":true,"href":"https:\/\/www.europesays.com\/fr\/wp-json\/wp\/v2\/categories?post=122862"},{"taxonomy":"post_tag","embeddable":true,"href":"https:\/\/www.europesays.com\/fr\/wp-json\/wp\/v2\/tags?post=122862"}],"curies":[{"name":"wp","href":"https:\/\/api.w.org\/{rel}","templated":true}]}}