{"id":122870,"date":"2025-05-23T20:49:14","date_gmt":"2025-05-23T20:49:14","guid":{"rendered":"https:\/\/www.europesays.com\/fr\/122870\/"},"modified":"2025-05-23T20:49:14","modified_gmt":"2025-05-23T20:49:14","slug":"le-chauffeur-vtc-ayant-percute-deux-chauffeurs-de-taxi-a-marseille-sera-juge-en-juillet","status":"publish","type":"post","link":"https:\/\/www.europesays.com\/fr\/122870\/","title":{"rendered":"Le chauffeur VTC ayant percut\u00e9 deux chauffeurs de taxi \u00e0 Marseille sera jug\u00e9 en juillet"},"content":{"rendered":"<p>La s\u00e9quence, tr\u00e8s courte, est devenue virale sur les r\u00e9seaux sociaux. Mardi 20\u00a0mai, apr\u00e8s avoir \u00e9t\u00e9 la cible de jets d\u2019\u0153ufs de la part de <a href=\"https:\/\/www.laprovence.com\/article\/region\/5638194872835614\/les-taxis-provencaux-bloquent-marseille-pour-dire-non-au-prix-unique-du-transport-de-patients\" target=\"_blank\" rel=\"nofollow noopener\">chauffeurs de taxi mobilis\u00e9s pr\u00e8s de la place Castellane<\/a> \u00e0 Marseille (6e), <a href=\"https:\/\/www.laprovence.com\/article\/region\/36887343731742\/video-les-images-choquantes-dun-vtc-qui-renverse-trois-chauffeurs-de-taxi-deux-personnes-blessees\" target=\"_blank\" rel=\"nofollow noopener\">un chauffeur VTC a brusquement fait demi-tour, fon\u00e7ant \u00e0 vive allure vers trois manifestants<\/a>. Plac\u00e9 jeudi soir sous contr\u00f4le judiciaire, l\u2019homme \u00e2g\u00e9 de 35\u00a0ans et p\u00e8re de famille s\u2019est pr\u00e9sent\u00e9, ce vendredi 23\u00a0mai, au tribunal correctionnel de Marseille o\u00f9 il a demand\u00e9 le renvoi de son proc\u00e8s \u00e0 une date ult\u00e9rieure.<\/p>\n","protected":false},"excerpt":{"rendered":"La s\u00e9quence, tr\u00e8s courte, est devenue virale sur les r\u00e9seaux sociaux. Mardi 20\u00a0mai, apr\u00e8s avoir \u00e9t\u00e9 la cible&hellip;\n","protected":false},"author":2,"featured_media":122871,"comment_status":"","ping_status":"","sticky":false,"template":"","format":"standard","meta":{"footnotes":""},"categories":[2814],"tags":[17,1111,11,23505,9698,22234,4070,1777,674,274,1011,27,884,12,22602,882,25,13430,9699],"class_list":{"0":"post-122870","1":"post","2":"type-post","3":"status-publish","4":"format-standard","5":"has-post-thumbnail","7":"category-marseille","8":"tag-17","9":"tag-actu","10":"tag-actualites","11":"tag-ayant","12":"tag-chauffeur","13":"tag-chauffeurs","14":"tag-deux","15":"tag-eu","16":"tag-europe","17":"tag-faits-divers-justice","18":"tag-fr","19":"tag-france","20":"tag-marseille","21":"tag-news","22":"tag-percute","23":"tag-provence-alpes-cote-dazur","24":"tag-republique-francaise","25":"tag-taxi","26":"tag-vtc"},"share_on_mastodon":{"url":"https:\/\/pubeurope.com\/@fr\/114559121108408978","error":""},"_links":{"self":[{"href":"https:\/\/www.europesays.com\/fr\/wp-json\/wp\/v2\/posts\/122870","targetHints":{"allow":["GET"]}}],"collection":[{"href":"https:\/\/www.europesays.com\/fr\/wp-json\/wp\/v2\/posts"}],"about":[{"href":"https:\/\/www.europesays.com\/fr\/wp-json\/wp\/v2\/types\/post"}],"author":[{"embeddable":true,"href":"https:\/\/www.europesays.com\/fr\/wp-json\/wp\/v2\/users\/2"}],"replies":[{"embeddable":true,"href":"https:\/\/www.europesays.com\/fr\/wp-json\/wp\/v2\/comments?post=122870"}],"version-history":[{"count":0,"href":"https:\/\/www.europesays.com\/fr\/wp-json\/wp\/v2\/posts\/122870\/revisions"}],"wp:featuredmedia":[{"embeddable":true,"href":"https:\/\/www.europesays.com\/fr\/wp-json\/wp\/v2\/media\/122871"}],"wp:attachment":[{"href":"https:\/\/www.europesays.com\/fr\/wp-json\/wp\/v2\/media?parent=122870"}],"wp:term":[{"taxonomy":"category","embeddable":true,"href":"https:\/\/www.europesays.com\/fr\/wp-json\/wp\/v2\/categories?post=122870"},{"taxonomy":"post_tag","embeddable":true,"href":"https:\/\/www.europesays.com\/fr\/wp-json\/wp\/v2\/tags?post=122870"}],"curies":[{"name":"wp","href":"https:\/\/api.w.org\/{rel}","templated":true}]}}