{"id":122880,"date":"2025-05-23T20:54:09","date_gmt":"2025-05-23T20:54:09","guid":{"rendered":"https:\/\/www.europesays.com\/fr\/122880\/"},"modified":"2025-05-23T20:54:09","modified_gmt":"2025-05-23T20:54:09","slug":"la-mairie-de-paris-sera-jugee-apres-les-municipales-pour-lexplosion-rue-de-trevise","status":"publish","type":"post","link":"https:\/\/www.europesays.com\/fr\/122880\/","title":{"rendered":"la mairie de Paris sera jug\u00e9e apr\u00e8s les municipales pour l&rsquo;explosion rue de Tr\u00e9vise"},"content":{"rendered":"<p>            Par<br \/>\n        <strong><br \/>\n            <a href=\"https:\/\/actu.fr\/auteur\/augustin-delaporte\" title=\"Consulter tous les articles de Augustin Delaporte\" rel=\"nofollow noopener\" target=\"_blank\">Augustin Delaporte<\/a><br \/>\n        <\/strong><\/p>\n<p>        Publi\u00e9 le<\/p>\n<p>            23 mai 2025 \u00e0 20h25        <\/p>\n<p>La date \u00e9tait tr\u00e8s attendue par les victimes : la <a href=\"https:\/\/actu.fr\/tag\/mairie-de-paris\" rel=\"nofollow noopener\" target=\"_blank\">mairie de Paris<\/a> sera jug\u00e9e <strong>fin 2026<\/strong>, apr\u00e8s les <a href=\"https:\/\/actu.fr\/paris\/politique\/elections-municipales\" rel=\"nofollow noopener\" target=\"_blank\">municipales<\/a>, pour <a href=\"https:\/\/actu.fr\/ile-de-france\/paris_75056\/explosion-rue-de-trevise-a-paris-les-investigations-sont-terminees_60291811.html\" rel=\"nofollow noopener\" target=\"_blank\">l\u2019explosion de la rue de Tr\u00e9vise<\/a> qui avait fait <strong>quatre morts et plus de 200 bless\u00e9s<\/strong> en 2019, selon une d\u00e9cision annonc\u00e9e vendredi 23 mai 2025 au tribunal.<\/p>\n<p>\u00ab\u00a0La campagne municipale pourrait alt\u00e9rer les d\u00e9bats\u00a0\u00bb<\/p>\n<p class=\" wall-content\">La Ville et le syndic de copropri\u00e9t\u00e9 compara\u00eetront <strong>du 20 octobre au 7 d\u00e9cembre 2026<\/strong> \u00e0 <a href=\"https:\/\/actu.fr\/paris\/\" rel=\"nofollow noopener\" target=\"_blank\">Paris<\/a> pour <strong>homicides et blessures involontaires<\/strong>, ainsi que pour \u00ab\u00a0destruction, d\u00e9gradation ou d\u00e9t\u00e9rioration par l\u2019effet d\u2019une explosion ou d\u2019un incendie de biens immobiliers ou mobiliers\u00a0\u00bb, a-t-on appris lors d\u2019une audience de proc\u00e9dure.<\/p>\n<p class=\" wall-content\">Avant que le tribunal ne pr\u00e9cise ces dates, tr\u00e8s attendues par les victimes, les avocats de la Ville de Paris avaient plaid\u00e9 pour que le proc\u00e8s <strong>n\u2019interf\u00e8re pas avec les \u00e9lections municipales<\/strong> pr\u00e9vues en mars 2026, alors qu\u2019il avait \u00e9t\u00e9 envisag\u00e9 une audience durant la p\u00e9riode \u00e9lectorale.<\/p>\n<p class=\" wall-content\">\u00ab\u00a0La campagne municipale pourrait alt\u00e9rer les d\u00e9bats. Il y a <strong>un risque de r\u00e9cup\u00e9ration<\/strong> politique\u00a0\u00bb, a mis en garde Me Sabrina Goldman tandis que son confr\u00e8re Patrick Klugman a assur\u00e9 que \u00ab\u00a0la Ville de Paris ne se d\u00e9robe pas\u00a0\u00bb mais n\u2019a pas envie d\u2019un \u00ab\u00a0proc\u00e8s saccag\u00e9\u00a0\u00bb par la campagne. \u00ab\u00a0Le minist\u00e8re public tient \u00e0 ce que ce proc\u00e8s se tienne en 2026\u00a0\u00bb, avait demand\u00e9 le procureur, Nicolas Hennebelle.<\/p>\n<p>Un \u00ab\u00a0scandale sans nom\u00a0\u00bb<\/p>\n<p class=\" wall-content\">Mais l\u2019association des Victimes et rescap\u00e9s de l\u2019explosion de la rue de Tr\u00e9vise (Vret) a d\u00e9nonc\u00e9 un \u00ab\u00a0scandale sans nom\u00a0\u00bb. \u00ab\u00a0La mairie de Paris a fait des pieds et des mains pour demander le report apr\u00e8s les municipales et la justice a valid\u00e9 sa demande\u00a0\u00bb, s\u2019est insurg\u00e9e sa pr\u00e9sidente, Linda Zaourar, interrog\u00e9e par l\u2019AFP.<\/p>\n<p>Vid\u00e9os : en ce moment sur Actu<\/p>\n<blockquote class=\"ac-article-quote wall-content\">\n<p>Pour une \u00e9lection, on recule une date que des endeuill\u00e9s, des personnes gri\u00e8vement bless\u00e9es et des centaines de sinistr\u00e9s attendent depuis des ann\u00e9es. Elle est o\u00f9 la place des victimes l\u00e0-dedans ?<\/p>\n<p>    <strong>Linda Zaourar<\/strong><br \/>\n        pr\u00e9sidente de l&rsquo;association des Victimes et rescap\u00e9s de l&rsquo;explosion de la rue de Tr\u00e9vise    <\/p><\/blockquote>\n<p class=\" wall-content\">\u00ab\u00a0C\u2019est difficile pour les victimes d\u2019attendre encore, mais pour la visibilit\u00e9 m\u00e9diatique du proc\u00e8s, c\u2019est peut-\u00eatre mieux de le reporter apr\u00e8s les municipales\u00a0\u00bb, a estim\u00e9 pour sa part Dominique Paris, responsable de la seconde association de victimes, Tr\u00e9vise Ensemble.<\/p>\n<p class=\" wall-content\">Pour rappel, au matin du 12 janvier 2019, rue de Tr\u00e9vise dans le 9e arrondissement, une <strong>violente explosion tuait quatre personnes<\/strong>, dont deux pompiers, en blessait plus de 200, et faisait environ 400 sinistr\u00e9s. Une quinzaine d\u2019immeubles ont \u00e9t\u00e9 impact\u00e9s dans cette rue du quartier touristique des Grands Boulevards.<\/p>\n<p>La mairie de Paris jug\u00e9e plus de sept ans apr\u00e8s le drame<\/p>\n<p class=\" wall-content\">L\u2019information judiciaire a mis en \u00e9vidence des \u00ab\u00a0fautes d\u2019imprudence et de n\u00e9gligence de la Ville de Paris\u00a0\u00bb, qui n\u2019a pas diligent\u00e9 \u00ab\u00a0les investigations n\u00e9cessaires pour rechercher les causes de l\u2019affaissement du trottoir\u00a0\u00bb, ont not\u00e9 les juges d\u2019instruction dans leur ordonnance.<br \/>Cet affaissement avait entra\u00een\u00e9 la \u00ab\u00a0rupture brutale\u00a0\u00bb d\u2019une canalisation de gaz \u00e0 l\u2019origine de l\u2019explosion.<\/p>\n<p class=\" wall-content\">De son c\u00f4t\u00e9, le syndic de copropri\u00e9t\u00e9 a tard\u00e9 \u00ab\u00a0\u00e0 faire proc\u00e9der \u00e0 la r\u00e9paration du collecteur d\u2019eaux us\u00e9es de l\u2019immeuble\u00a0\u00bb alors qu\u2019il \u00e9tait inform\u00e9 \u00ab\u00a0d\u00e8s le 25 novembre 2015\u00a0\u00bb d\u2019une fuite, est-il soulign\u00e9.<\/p>\n<p class=\" wall-content\">\u00ab\u00a0Les expertises judiciaires permettent de conclure que les \u00e9coulements d\u2019eau dans la terre ont n\u00e9cessairement contribu\u00e9 \u00e0 fragiliser le terrain\u00a0\u00bb et qu\u2019ils sont \u00ab\u00a0la seule cause possible au regard de la configuration des lieux\u00a0\u00bb de l\u2019affaissement, ont indiqu\u00e9 les juges d\u2019instruction.<\/p>\n<p class=\" wall-content\">Une information judiciaire avait \u00e9t\u00e9 ouverte fin janvier 2019. La mairie de Paris et le syndic de copropri\u00e9t\u00e9 de l\u2019immeuble avaient \u00e9t\u00e9 mis en examen. Mais pas l\u2019entreprise de BTP Fayolle, charg\u00e9e en novembre 2016 des travaux sur le trottoir, ni GRDF.<\/p>\n<p class=\" wall-content\">Les investigations se sont appuy\u00e9es sur deux rapports d\u2019expertise fin 2019 et 2020, puis une contre-expertise en 2023. Cette derni\u00e8re avait list\u00e9 cinq \u00ab\u00a0fautes\u00a0\u00bb sans d\u00e9signer personne nomm\u00e9ment et sans contredire les deux rapports pr\u00e9c\u00e9dents.<\/p>\n<p>\u00ab\u00a0Plus de 300 victimes\u00a0\u00bb se battent toujours pour \u00eatre indemnis\u00e9es<\/p>\n<p class=\" wall-content\">Si les sinistr\u00e9s ont pu regagner leurs logements, \u00e0 l\u2019automne dernier seulement, \u00ab\u00a0plus de 300 victimes\u00a0\u00bb se battent toujours pour \u00eatre indemnis\u00e9es, selon Linda Zaourar de l\u2019association Vret.<\/p>\n<p class=\" wall-content\">Un accord-cadre d\u2019indemnisation conclu en janvier 2022 permet n\u00e9anmoins \u00e0 des victimes d\u2019\u00eatre indemnis\u00e9es sans attendre les issues judiciaires.<\/p>\n<p class=\" wall-content\">\u00ab\u00a0Mais celles qui n\u2019y ont pas souscrit d\u00e9pendent de la d\u00e9cision au p\u00e9nal\u00a0\u00bb, a pr\u00e9cis\u00e9 Dominique Paris de Tr\u00e9vise Ensemble.<\/p>\n<p class=\" wall-content\">Avec AFP<\/p>\n<p class=\" wall-content\">Suivez toute l\u2019actualit\u00e9 de vos villes et m\u00e9dias favoris en vous inscrivant \u00e0 <a href=\"https:\/\/moncompte.actu.fr\" title=\"D\u00e9couvez Mon Actu\" rel=\"nofollow noopener\" data-trk=\"{&quot;cta&quot;:{&quot;action&quot;:&quot;https:\\\/\\\/moncompte.actu.fr&quot;,&quot;category&quot;:&quot;mon compte&quot;,&quot;from&quot;:&quot;article footer&quot;,&quot;name&quot;:&quot;Mon actu&quot;,&quot;type&quot;:&quot;cta&quot;}}\" target=\"_blank\">Mon Actu<\/a>.<\/p>\n","protected":false},"excerpt":{"rendered":"Par Augustin Delaporte Publi\u00e9 le 23 mai 2025 \u00e0 20h25 La date \u00e9tait tr\u00e8s attendue par les victimes&hellip;\n","protected":false},"author":2,"featured_media":122881,"comment_status":"","ping_status":"","sticky":false,"template":"","format":"standard","meta":{"footnotes":""},"categories":[1888],"tags":[1111,1928,11,1927,1777,674,1011,27,2381,3434,12,1926,626,1925,2694,25,104],"class_list":{"0":"post-122880","1":"post","2":"type-post","3":"status-publish","4":"format-standard","5":"has-post-thumbnail","7":"category-paris","8":"tag-actu","9":"tag-actu-paris","10":"tag-actualites","11":"tag-actualites-paris","12":"tag-eu","13":"tag-europe","14":"tag-fr","15":"tag-france","16":"tag-mairie-de-paris","17":"tag-municipales-2026","18":"tag-news","19":"tag-news-paris","20":"tag-paris","21":"tag-paris-news","22":"tag-proces","23":"tag-republique-francaise","24":"tag-societe"},"share_on_mastodon":{"url":"https:\/\/pubeurope.com\/@fr\/114559140943575499","error":""},"_links":{"self":[{"href":"https:\/\/www.europesays.com\/fr\/wp-json\/wp\/v2\/posts\/122880","targetHints":{"allow":["GET"]}}],"collection":[{"href":"https:\/\/www.europesays.com\/fr\/wp-json\/wp\/v2\/posts"}],"about":[{"href":"https:\/\/www.europesays.com\/fr\/wp-json\/wp\/v2\/types\/post"}],"author":[{"embeddable":true,"href":"https:\/\/www.europesays.com\/fr\/wp-json\/wp\/v2\/users\/2"}],"replies":[{"embeddable":true,"href":"https:\/\/www.europesays.com\/fr\/wp-json\/wp\/v2\/comments?post=122880"}],"version-history":[{"count":0,"href":"https:\/\/www.europesays.com\/fr\/wp-json\/wp\/v2\/posts\/122880\/revisions"}],"wp:featuredmedia":[{"embeddable":true,"href":"https:\/\/www.europesays.com\/fr\/wp-json\/wp\/v2\/media\/122881"}],"wp:attachment":[{"href":"https:\/\/www.europesays.com\/fr\/wp-json\/wp\/v2\/media?parent=122880"}],"wp:term":[{"taxonomy":"category","embeddable":true,"href":"https:\/\/www.europesays.com\/fr\/wp-json\/wp\/v2\/categories?post=122880"},{"taxonomy":"post_tag","embeddable":true,"href":"https:\/\/www.europesays.com\/fr\/wp-json\/wp\/v2\/tags?post=122880"}],"curies":[{"name":"wp","href":"https:\/\/api.w.org\/{rel}","templated":true}]}}