{"id":122884,"date":"2025-05-23T20:56:08","date_gmt":"2025-05-23T20:56:08","guid":{"rendered":"https:\/\/www.europesays.com\/fr\/122884\/"},"modified":"2025-05-23T20:56:08","modified_gmt":"2025-05-23T20:56:08","slug":"un-homme-de-23-ans-blesse-par-balles-a-bagnolet","status":"publish","type":"post","link":"https:\/\/www.europesays.com\/fr\/122884\/","title":{"rendered":"Un homme de 23\u00a0ans bless\u00e9 par balles \u00e0 Bagnolet"},"content":{"rendered":"<p class=\"paragraph text_align_left\">Des tirs d\u2019arme \u00e0 feu ont retenti ce vendredi en pleine apr\u00e8s-midi peu apr\u00e8s 15 heures, dans le secteur de la Capsulerie \u00e0 Bagnolet (Seine-Saint-Denis). Cinq coups de feu auraient \u00e9t\u00e9 entendus. Rue Robespierre, un homme s\u2019est effondr\u00e9 touch\u00e9 par balles \u00e0 une jambe et dans le dos.<\/p>\n<p class=\"paragraph text_align_left\">Les faits se sont d\u00e9roul\u00e9s \u00e0 proximit\u00e9 de l\u2019un des plus gros points de deal du d\u00e9partement, non loin du foyer Adoma. La victime, dont les jours ne seraient pas en danger, est d\u00e9j\u00e0 connue \u00ab pour trafic de stup\u00e9fiants \u00bb. Il pourrait s\u2019agir \u00ab d\u2019un guetteur \u00bb, ajoute une source proche du dossier.<\/p>\n<p class=\"paragraph text_align_left\">La piste d\u2019un r\u00e8glement de comptes sur fond de trafic est privil\u00e9gi\u00e9e, la m\u00e9thode faisant penser \u00e0 une <a href=\"https:\/\/www.leparisien.fr\/seine-saint-denis-93\/bagnolet-un-homme-blesse-par-balle-admis-aux-urgences-une-jambisation-suspectee-23-02-2024-AEZI3SU6BZGXRIHRJEJYSFBLDM.php\" target=\"_self\" rel=\"nofollow noopener\">jambisation<\/a>, employ\u00e9e par les trafiquants qui veulent intimider des rivaux dans le business.<\/p>\n<p class=\"paragraph text_align_left\">L\u2019enqu\u00eate a \u00e9t\u00e9 confi\u00e9e \u00e0 la police judiciaire, comme toutes les affaires qui touchent \u00e0 ce gros \u00ab four \u00bb toujours tr\u00e8s r\u00e9mun\u00e9rateur : son chiffre d\u2019affaires est estim\u00e9 \u00e0 15 millions d\u2019euros par an par an.<\/p>\n<p class=\"paragraph text_align_left\">Cette nouvelle d\u00e9monstration de violence intervient apr\u00e8s des mois de tranquillit\u00e9 dans le secteur. Une source locale indique qu\u2019aucun signe avant-coureur n\u2019avait \u00e9t\u00e9 identifi\u00e9 dans les jours qui ont pr\u00e9c\u00e9d\u00e9 les tirs.<\/p>\n<p class=\"paragraph text_align_left\">Le dernier \u00e9v\u00e9nement dramatique s\u2019\u00e9tait produit mi juillet 2024. <a href=\"https:\/\/www.leparisien.fr\/seine-saint-denis-93\/bagnolet-un-homme-de-trente-ans-tue-par-balle-a-la-capsulerie-15-07-2024-VYW7EMS77JCNVHSAMEMK4HASFA.php\" target=\"_self\" rel=\"nofollow noopener\">Un homme de trente ans avait \u00e9t\u00e9 tu\u00e9 <\/a>d\u2019une balle dans le thorax. Il sortait de chez ces parents qui r\u00e9sidaient \u00e0 la \u00ab Caps \u00bb. Il y aurait eu m\u00e9prise. \u00ab Tout le monde a \u00e9t\u00e9 tr\u00e8s secou\u00e9. Cela a \u00e9t\u00e9 un vrai traumatisme pour le quartier \u00bb, indique un habitant. Depuis cette mort violente, les tensions \u00e9taient retomb\u00e9es et un calme pr\u00e9caire s\u2019\u00e9tait install\u00e9 dans le quartier.<\/p>\n<p class=\"paragraph text_align_left\">Les auteurs des tirs de ce vendredi sont toujours activement recherch\u00e9s.<\/p>\n","protected":false},"excerpt":{"rendered":"Des tirs d\u2019arme \u00e0 feu ont retenti ce vendredi en pleine apr\u00e8s-midi peu apr\u00e8s 15 heures, dans le&hellip;\n","protected":false},"author":2,"featured_media":122885,"comment_status":"","ping_status":"","sticky":false,"template":"","format":"standard","meta":{"footnotes":""},"categories":[1888],"tags":[11,1777,674,118,1011,27,1944,12,626,25,1945],"class_list":{"0":"post-122884","1":"post","2":"type-post","3":"status-publish","4":"format-standard","5":"has-post-thumbnail","7":"category-paris","8":"tag-actualites","9":"tag-eu","10":"tag-europe","11":"tag-faits-divers","12":"tag-fr","13":"tag-france","14":"tag-ma-ville","15":"tag-news","16":"tag-paris","17":"tag-republique-francaise","18":"tag-seine-saint-denis"},"share_on_mastodon":{"url":"https:\/\/pubeurope.com\/@fr\/114559148613940356","error":""},"_links":{"self":[{"href":"https:\/\/www.europesays.com\/fr\/wp-json\/wp\/v2\/posts\/122884","targetHints":{"allow":["GET"]}}],"collection":[{"href":"https:\/\/www.europesays.com\/fr\/wp-json\/wp\/v2\/posts"}],"about":[{"href":"https:\/\/www.europesays.com\/fr\/wp-json\/wp\/v2\/types\/post"}],"author":[{"embeddable":true,"href":"https:\/\/www.europesays.com\/fr\/wp-json\/wp\/v2\/users\/2"}],"replies":[{"embeddable":true,"href":"https:\/\/www.europesays.com\/fr\/wp-json\/wp\/v2\/comments?post=122884"}],"version-history":[{"count":0,"href":"https:\/\/www.europesays.com\/fr\/wp-json\/wp\/v2\/posts\/122884\/revisions"}],"wp:featuredmedia":[{"embeddable":true,"href":"https:\/\/www.europesays.com\/fr\/wp-json\/wp\/v2\/media\/122885"}],"wp:attachment":[{"href":"https:\/\/www.europesays.com\/fr\/wp-json\/wp\/v2\/media?parent=122884"}],"wp:term":[{"taxonomy":"category","embeddable":true,"href":"https:\/\/www.europesays.com\/fr\/wp-json\/wp\/v2\/categories?post=122884"},{"taxonomy":"post_tag","embeddable":true,"href":"https:\/\/www.europesays.com\/fr\/wp-json\/wp\/v2\/tags?post=122884"}],"curies":[{"name":"wp","href":"https:\/\/api.w.org\/{rel}","templated":true}]}}