{"id":122886,"date":"2025-05-23T20:57:21","date_gmt":"2025-05-23T20:57:21","guid":{"rendered":"https:\/\/www.europesays.com\/fr\/122886\/"},"modified":"2025-05-23T20:57:21","modified_gmt":"2025-05-23T20:57:21","slug":"la-mairie-de-paris-sera-jugee-en-2026","status":"publish","type":"post","link":"https:\/\/www.europesays.com\/fr\/122886\/","title":{"rendered":"la mairie de Paris sera jug\u00e9e en 2026"},"content":{"rendered":"<p class=\"article-p mdl\">La mairie de Paris devant le tribunal correctionnel. Elle sera jug\u00e9e du 20 octobre au 7 d\u00e9cembre 2026 pour l&rsquo;explosion de la rue de Tr\u00e9vise, qui avait fait quatre morts et plus de 200 bless\u00e9s en janvier 2019.\u00a0<\/p>\n<p class=\"article-p mdl\">La Ville et le syndic de copropri\u00e9t\u00e9 compara\u00eetront \u00e0 Paris pour <strong>homicides et blessures involontaires<\/strong>, ainsi que pour \u00ab\u00a0destruction, d\u00e9gradation ou d\u00e9t\u00e9rioration par l&rsquo;effet d&rsquo;une explosion ou d&rsquo;un incendie de biens immobiliers ou mobiliers\u00a0\u00bb.<\/p>\n<p class=\"article-p mdl\">Avant que le tribunal ne pr\u00e9cise ces dates, les avocats de la Ville de Paris avaient plaid\u00e9 pour que le proc\u00e8s n&rsquo;interf\u00e8re pas avec\u00a0<a class=\"link\" href=\"https:\/\/www.rtl.fr\/actu\/politique\/apres-la-presidentielle-edouard-philippe-annonce-sa-candidature-aux-elections-municipales-7900415773\" title=\"Apr\u00e8s la pr\u00e9sidentielle, \u00c9douard Philippe annonce sa candidature aux \u00e9lections municipales\" rel=\"nofollow noopener\" target=\"_blank\">les \u00e9lections municipales pr\u00e9vues en mars 2026<\/a>\u00a0alors qu&rsquo;il avait \u00e9t\u00e9 envisag\u00e9 une audience durant la p\u00e9riode \u00e9lectorale.<\/p>\n<p class=\"article-p mdl\">\u00ab\u00a0La campagne municipale pourrait alt\u00e9rer les d\u00e9bats. <strong>Il y a un risque de r\u00e9cup\u00e9ration politique<\/strong>\u00ab\u00a0, a mis en garde Me Sabrina Goldman tandis que son confr\u00e8re Patrick Klugman a assur\u00e9 que \u00ab\u00a0la Ville de Paris ne se d\u00e9robe pas\u00a0\u00bb mais n&rsquo;a pas envie d&rsquo;un \u00ab\u00a0proc\u00e8s saccag\u00e9\u00a0\u00bb par la campagne.<\/p>\n<p>            L&rsquo;association des victimes d\u00e9nonce \u00ab\u00a0un scandale sans nom\u00a0\u00bb<\/p>\n<p class=\"article-p mdl\">\u00c0 l&rsquo;annonce des dates, les parties civiles qui craignaient un report du proc\u00e8s \u00ab\u00a0aux calendes grecques\u00a0\u00bb affichaient une certaine satisfaction. L&rsquo;association des Victimes et rescap\u00e9s de l&rsquo;explosion de la rue de Tr\u00e9vise (VRET) a elle d\u00e9nonc\u00e9 un \u00ab\u00a0scandale sans nom\u00a0\u00bb. \u00ab\u00a0La mairie de Paris a fait des pieds et des mains pour demander le report apr\u00e8s les municipales et la justice a valid\u00e9 sa demande. <strong>Elle est o\u00f9 la place des victimes ?<\/strong>\u00ab\u00a0, s&rsquo;est insurg\u00e9e sa pr\u00e9sidente, Linda Zaourar.<\/p>\n<p class=\"article-p mdl\">Le matin du 12 janvier 2019, rue de Tr\u00e9vise dans le IXe arrondissement,\u00a0<a class=\"link\" href=\"https:\/\/www.rtl.fr\/actu\/justice-faits-divers\/les-infos-de-18h-explosion-rue-de-trevise-ce-que-revele-l-expertise-7799804630\" title=\"Les infos de 18h - Explosion rue de Tr\u00e9vise : ce que r\u00e9v\u00e8le l&#039;expertise\" rel=\"nofollow noopener\" target=\"_blank\">une explosion a tu\u00e9 quatre personnes, dont deux pompiers<\/a>, bless\u00e9 plus de 200 personnes et fait environ 400 sinistr\u00e9s. L&rsquo;information judiciaire a mis en \u00e9vidence <strong>des \u00ab\u00a0fautes d&rsquo;imprudence et de n\u00e9gligence de la Ville de Paris\u00a0\u00bb<\/strong>, qui n&rsquo;a pas diligent\u00e9 \u00ab\u00a0les investigations n\u00e9cessaires pour rechercher les causes de l&rsquo;affaissement du trottoir\u00a0\u00bb, ont not\u00e9 les juges d&rsquo;instruction dans leur ordonnance.<\/p>\n<p class=\"article-p mdl\">Cet affaissement avait entra\u00een\u00e9 la \u00ab\u00a0rupture brutale\u00a0\u00bb d&rsquo;une canalisation de gaz \u00e0 l&rsquo;origine de l&rsquo;explosion. De son c\u00f4t\u00e9, le syndic de copropri\u00e9t\u00e9 a tard\u00e9 \u00ab\u00a0\u00e0 faire proc\u00e9der \u00e0 la r\u00e9paration du collecteur d&rsquo;eaux us\u00e9es de l&rsquo;immeuble\u00a0\u00bb alors qu&rsquo;il \u00e9tait inform\u00e9 \u00ab\u00a0d\u00e8s le 25 novembre 2015\u00a0\u00bb d&rsquo;une fuite, est-il soulign\u00e9.<\/p>\n<p>    La r\u00e9daction vous recommande<\/p>\n<p class=\"s-newsletter__title\">\n                L\u2019actualit\u00e9 par la r\u00e9daction de RTL dans votre bo\u00eete mail.\n            <\/p>\n<p class=\"s-newsletter__subtitle\">\n                Gr\u00e2ce \u00e0 votre compte RTL abonnez-vous \u00e0 la newsletter RTL info pour suivre toute l&rsquo;actualit\u00e9 au quotidien\n            <\/p>\n<p>\n                                    Lire la suite\n                                <\/p>\n","protected":false},"excerpt":{"rendered":"La mairie de Paris devant le tribunal correctionnel. Elle sera jug\u00e9e du 20 octobre au 7 d\u00e9cembre 2026&hellip;\n","protected":false},"author":2,"featured_media":122887,"comment_status":"","ping_status":"","sticky":false,"template":"","format":"standard","meta":{"footnotes":""},"categories":[1888],"tags":[11,1777,674,2688,107,1011,27,2381,18,12,626,25],"class_list":{"0":"post-122886","1":"post","2":"type-post","3":"status-publish","4":"format-standard","5":"has-post-thumbnail","7":"category-paris","8":"tag-actualites","9":"tag-eu","10":"tag-europe","11":"tag-explosion","12":"tag-fil-info","13":"tag-fr","14":"tag-france","15":"tag-mairie-de-paris","16":"tag-mort","17":"tag-news","18":"tag-paris","19":"tag-republique-francaise"},"share_on_mastodon":{"url":"https:\/\/pubeurope.com\/@fr\/114559152637139630","error":""},"_links":{"self":[{"href":"https:\/\/www.europesays.com\/fr\/wp-json\/wp\/v2\/posts\/122886","targetHints":{"allow":["GET"]}}],"collection":[{"href":"https:\/\/www.europesays.com\/fr\/wp-json\/wp\/v2\/posts"}],"about":[{"href":"https:\/\/www.europesays.com\/fr\/wp-json\/wp\/v2\/types\/post"}],"author":[{"embeddable":true,"href":"https:\/\/www.europesays.com\/fr\/wp-json\/wp\/v2\/users\/2"}],"replies":[{"embeddable":true,"href":"https:\/\/www.europesays.com\/fr\/wp-json\/wp\/v2\/comments?post=122886"}],"version-history":[{"count":0,"href":"https:\/\/www.europesays.com\/fr\/wp-json\/wp\/v2\/posts\/122886\/revisions"}],"wp:featuredmedia":[{"embeddable":true,"href":"https:\/\/www.europesays.com\/fr\/wp-json\/wp\/v2\/media\/122887"}],"wp:attachment":[{"href":"https:\/\/www.europesays.com\/fr\/wp-json\/wp\/v2\/media?parent=122886"}],"wp:term":[{"taxonomy":"category","embeddable":true,"href":"https:\/\/www.europesays.com\/fr\/wp-json\/wp\/v2\/categories?post=122886"},{"taxonomy":"post_tag","embeddable":true,"href":"https:\/\/www.europesays.com\/fr\/wp-json\/wp\/v2\/tags?post=122886"}],"curies":[{"name":"wp","href":"https:\/\/api.w.org\/{rel}","templated":true}]}}