{"id":122888,"date":"2025-05-23T20:58:13","date_gmt":"2025-05-23T20:58:13","guid":{"rendered":"https:\/\/www.europesays.com\/fr\/122888\/"},"modified":"2025-05-23T20:58:13","modified_gmt":"2025-05-23T20:58:13","slug":"guerre-en-ukraine-au-rythme-actuel-la-russie-controlera-toute-lukraine-dans-environ-118-ans","status":"publish","type":"post","link":"https:\/\/www.europesays.com\/fr\/122888\/","title":{"rendered":"Guerre en Ukraine\u00a0: \u00ab\u00a0Au rythme actuel, la Russie contr\u00f4lera toute l&rsquo;Ukraine dans environ\u2026 118 ans\u00a0\u00bb"},"content":{"rendered":"<p class=\"ap-StoryElement ap-StoryElement--mb js-paywall-target ap-StoryText\">N\u00e9anmoins, si un accord pourrait \u00eatre act\u00e9, la question de la durabilit\u00e9 de celui-ci reste une pr\u00e9occupation principale pour les experts. Cette <a href=\"https:\/\/www.lalibre.be\/international\/europe\/guerre-ukraine-russie\/2025\/05\/17\/lancienne-ambassadrice-des-etats-unis-en-ukraine-explique-les-raisons-de-sa-demission-la-paix-a-tout-prix-nest-pas-la-paix-du-tout-DYDVAMWL7NAHTJTQJVOBQIFK7I\/\" target=\"_blank\" rel=\"nofollow noopener\">durabilit\u00e9 <\/a>d\u00e9pendra de deux crit\u00e8res principaux selon le rapport. Tout d&rsquo;abord, \u00ab\u00a0le degr\u00e9 de satisfaction du pr\u00e9sident Poutine \u00e0 l&rsquo;\u00e9gard des concessions ukrainiennes et occidentales.\u00a0\u00bb C&rsquo;est-\u00e0-dire que les deux chefs d&rsquo;\u00c9tats doivent pouvoir d\u00e9fendre l&rsquo;accord aupr\u00e8s de leur <a href=\"https:\/\/www.lalibre.be\/international\/europe\/guerre-ukraine-russie\/2025\/05\/12\/quel-est-lopinion-des-russes-sur-la-guerre-en-ukraine-aucun-ne-se-risque-a-critiquer-la-strategie-de-son-president-vladimir-poutine-TT6CCXN7BZDNLL5NWRIG6RCUOE\/\" target=\"_blank\" rel=\"nofollow noopener\">population<\/a>. L&rsquo;autre crit\u00e8re concerne la \u00ab\u00a0solidit\u00e9 des promesses de s\u00e9curit\u00e9 qui sous-tendent\u00a0\u00bb l&rsquo;accord. Les Ukrainiens doivent obtenir des garanties de s\u00e9curit\u00e9 suffisantes pour dissuader une nouvelle agression et permettre au pays de se reconstruire.<\/p>\n<p><a href=\"https:\/\/www.lalibre.be\/international\/amerique\/2025\/05\/22\/en-prive-donald-trump-confie-aux-leaders-europeens-le-fond-de-sa-pensee-sur-vladimir-poutine-il-etaient-stupefaits-C3VY72JITZDMJNS7POKYEYAZYU\/\" target=\"_blank\" rel=\"noopener noreferrer nofollow\" class=\"ap-StoryInterstitialLink ap-StoryElement ap-StoryElement--mb\">En priv\u00e9, Donald Trump confie aux leaders europ\u00e9ens le fond de sa pens\u00e9e sur Vladimir Poutine: \u00ab\u00a0Ils \u00e9taient stup\u00e9faits\u00a0\u00bb<\/a>4 sc\u00e9narios possibles<\/p>\n<p class=\"ap-StoryElement ap-StoryElement--mb ap-StoryText\">Le Centre de g\u00e9opolitique JPMorgan Chase d\u00e9veloppe ensuite quatre issues possibles au conflit, en le mettant en perspectives vis-\u00e0-vis de pr\u00e9c\u00e9dents conflits internationaux.<\/p>\n<p class=\"ap-StoryElement ap-StoryElement--mb ap-StoryText\">Le sc\u00e9nario le plus probable serait celui de la G\u00e9orgie, avec une probabilit\u00e9 de 50 % mais qui livrerait une issue \u00ab\u00a0peu favorable\u00a0\u00bb pour l&rsquo;Ukraine. Dans ce cas, le d\u00e9ploiement de troupes \u00e9trang\u00e8res et d&rsquo;un soutien militaire fort serait exclu. Cela plongerait l&rsquo;Ukraine dans \u00ab\u00a0une instabilit\u00e9 permanente, une croissance et une reprise entrav\u00e9es\u00a0\u00bb. Ce qui provoquerait \u00ab\u00a0un affaiblissement du soutien \u00e9tranger au fil du temps et le d\u00e9raillement effectif de son int\u00e9gration occidentale avec un retour progressif dans l&rsquo;orbite de la Russie\u00a0\u00bb.<\/p>\n<p class=\"ap-StoryElement ap-StoryElement--mb ap-StoryText\">La seconde possibilit\u00e9 plus probable avec 20 % de probabilit\u00e9, classifi\u00e9e \u00ab\u00a0encore ok\u00a0\u00bb, est celui <a href=\"https:\/\/www.lalibre.be\/international\/moyen-orient\/2025\/05\/21\/israel-est-un-pays-qui-vit-dans-une-mentalite-dassiege-qui-ne-reconnait-meme-plus-ses-amis-W7R5ZF6RQZEMNEVTSYNCYIODUA\/\" target=\"_blank\" rel=\"nofollow noopener\">d&rsquo;Isra\u00ebl<\/a>. Ce sc\u00e9nario permettrait \u00e0 l&rsquo;Ukraine de devenir une \u00ab\u00a0forteresse\u00a0\u00bb et \u00ab\u00a0de poursuivre sa modernisation militaire et \u00e9tablir sa propre force de dissuasion\u00a0\u00bb gr\u00e2ce \u00e0 un \u00ab\u00a0soutien militaire et \u00e9conomique fort et durable, sans pr\u00e9sence significative de troupes \u00e9trang\u00e8res\u00a0\u00bb. N\u00e9anmoins, dans ce cas, la guerre menacerait toujours l&rsquo;Ukraine.<\/p>\n<p><a href=\"https:\/\/www.lalibre.be\/international\/europe\/guerre-ukraine-russie\/2025\/05\/19\/donald-trump-et-vladimir-poutine-ont-evoque-la-reprise-immediate-des-negociations-entre-la-russie-et-lukraine-le-vatican-invite-a-les-organiser-CLQNN4D7AZGNLO25EIYGEVIJAQ\/\" target=\"_blank\" rel=\"noopener noreferrer nofollow\" class=\"ap-StoryInterstitialLink ap-StoryElement ap-StoryElement--mb\">Donald Trump et Vladimir Poutine ont \u00e9voqu\u00e9 la \u00ab\u00a0reprise imm\u00e9diate des n\u00e9gociations\u00a0\u00bb entre la Russie et l&rsquo;Ukraine, le Vatican invit\u00e9 \u00e0 les organiser<\/a><\/p>\n<p class=\"ap-StoryElement ap-StoryElement--mb ap-StoryText\">En derni\u00e8re position, le meilleur et le pire sc\u00e9nario pour l&rsquo;Ukraine obtiennent tous les deux un taux de probabilit\u00e9 de 15 %. Dans le meilleur cas, se r\u00e9f\u00e9rant \u00e0 la Cor\u00e9e du Sud, l&rsquo;Ukraine se verrait attribuer \u00ab\u00a0une<a href=\"https:\/\/www.lalibre.be\/international\/europe\/2025\/04\/01\/la-commission-devoile-sa-strategie-pour-que-leurope-devienne-plus-sure-XNHQZHC27NE4JJRHYN3TLGAQUQ\/\" target=\"_blank\" rel=\"nofollow noopener\"> force europ\u00e9enne de s\u00e9curit\u00e9<\/a> sur son territoire, soutenue par une promesse de s\u00e9curit\u00e9 am\u00e9ricaine en mati\u00e8re d&rsquo;assistance et de renseignement\u00a0\u00bb. Elle obtiendrait \u00e9galement les actifs russes gel\u00e9s afin d&rsquo;assurer sa reconstruction. Cependant, elle n&rsquo;obtiendrait ni une adh\u00e9sion \u00e0 l&rsquo;OTAN, ni une restitution compl\u00e8te de son territoire.<\/p>\n<p class=\"ap-StoryElement ap-StoryElement--mb ap-StoryText\">Enfin, dans le pire des cas, associ\u00e9 \u00e0 celui de la Bi\u00e9lorussie, Kiev serait abandonn\u00e9e par les <a href=\"https:\/\/www.lalibre.be\/international\/europe\/guerre-ukraine-russie\/2025\/05\/20\/guerre-en-ukraine-les-russes-font-le-show-face-a-une-administration-trump-qui-se-fait-balader-LM7KWTYD6RCELOPJ42PK5D34YY\/\" target=\"_blank\" rel=\"nofollow noopener\">\u00c9tats-Unis<\/a> et subirait une inaction des <a href=\"https:\/\/www.lalibre.be\/international\/europe\/guerre-ukraine-russie\/2025\/05\/15\/face-a-la-russie-leurope-ne-sest-pas-effritee-comme-attendu-TYEDGEMVMJHFXDIISP5B4JK5WI\/\" target=\"_blank\" rel=\"nofollow noopener\">Europ\u00e9ens<\/a>. Moscou serait en position de force pour maintenir \u00ab\u00a0ses <a href=\"https:\/\/www.lalibre.be\/international\/europe\/guerre-ukraine-russie\/2025\/05\/15\/pourparlers-directs-en-turquie-moscou-nabandonne-pas-encore-ses-exigences-maximalistes-5QUHBUGWPBF7FA2UZBLJ2BWPNE\/\" target=\"_blank\" rel=\"nofollow noopener\">exigences maximalistes<\/a> et chercherait \u00e0 obtenir la capitulation totale de l&rsquo;Ukraine, transformant le pays en un \u00c9tat vassal de Moscou\u00a0\u00bb. Dans ce sc\u00e9nario, la Russie serait la grande gagnante face \u00e0 un Occident divis\u00e9, entra\u00eenant un chamboulement dans l&rsquo;ordre mondial.<\/p>\n<p><a href=\"https:\/\/www.lalibre.be\/international\/europe\/guerre-ukraine-russie\/2025\/05\/16\/le-fiasco-volontaire-de-vladimir-poutine-CO4WPE6EYJDZPMYYRV4YEYCRSY\/\" target=\"_blank\" rel=\"noopener noreferrer nofollow\" class=\"ap-StoryInterstitialLink ap-StoryElement ap-StoryElement--mb\">Le fiasco volontaire de Vladimir Poutine<\/a>Center for Geopolitics<\/p>\n<p class=\"ap-StoryElement ap-StoryElement--mb ap-StoryText\">Le <a href=\"https:\/\/www.jpmorganchase.com\/center-for-geopolitics\" target=\"_blank\" rel=\"nofollow noopener\">Centre de g\u00e9opolitique JPMorgan Chase<\/a> se pr\u00e9sente comme \u00ab\u00a0une ressource pour les clients en qu\u00eate d&rsquo;analyses et d&rsquo;\u00e9clairages pertinents sur les principales tendances mondiales\u00a0\u00bb. Le directeur g\u00e9n\u00e9ral, responsable du JPMorgan Chase Center for Geopolitics et coauteur du rapport est Derek Chollet. Il a occup\u00e9 le poste de secr\u00e9taire d&rsquo;\u00c9tat adjoint des \u00c9tats-Unis sous le dernier mandat de Joe Biden et a \u00e9galement travaill\u00e9 au Pentagone, au d\u00e9partement d&rsquo;\u00c9tat, \u00e0 la Maison Blanche et au Congr\u00e8s. Lisa Sawyer, coautrice du rapport, est une ancienne sous-secr\u00e9taire adjointe \u00e0 la D\u00e9fense pour la politique europ\u00e9enne et de l&rsquo;OTAN. Elle a \u00e9galement occup\u00e9 le poste de coordinatrice sp\u00e9ciale du D\u00e9partement am\u00e9ricain pour l&rsquo;Afghanistan.<\/p>\n","protected":false},"excerpt":{"rendered":"N\u00e9anmoins, si un accord pourrait \u00eatre act\u00e9, la question de la durabilit\u00e9 de celui-ci reste une pr\u00e9occupation principale&hellip;\n","protected":false},"author":2,"featured_media":122889,"comment_status":"","ping_status":"","sticky":false,"template":"","format":"standard","meta":{"footnotes":""},"categories":[1591],"tags":[11,2122,1887,457,12,1885,1886,132,135],"class_list":{"0":"post-122888","1":"post","2":"type-post","3":"status-publish","4":"format-standard","5":"has-post-thumbnail","7":"category-russie","8":"tag-actualites","9":"tag-conflit-russie-ukraine","10":"tag-federation-de-russie","11":"tag-joe-biden","12":"tag-news","13":"tag-russia","14":"tag-russian-federation","15":"tag-russie","16":"tag-vladimir-poutine"},"share_on_mastodon":{"url":"https:\/\/pubeurope.com\/@fr\/114559156475725659","error":""},"_links":{"self":[{"href":"https:\/\/www.europesays.com\/fr\/wp-json\/wp\/v2\/posts\/122888","targetHints":{"allow":["GET"]}}],"collection":[{"href":"https:\/\/www.europesays.com\/fr\/wp-json\/wp\/v2\/posts"}],"about":[{"href":"https:\/\/www.europesays.com\/fr\/wp-json\/wp\/v2\/types\/post"}],"author":[{"embeddable":true,"href":"https:\/\/www.europesays.com\/fr\/wp-json\/wp\/v2\/users\/2"}],"replies":[{"embeddable":true,"href":"https:\/\/www.europesays.com\/fr\/wp-json\/wp\/v2\/comments?post=122888"}],"version-history":[{"count":0,"href":"https:\/\/www.europesays.com\/fr\/wp-json\/wp\/v2\/posts\/122888\/revisions"}],"wp:featuredmedia":[{"embeddable":true,"href":"https:\/\/www.europesays.com\/fr\/wp-json\/wp\/v2\/media\/122889"}],"wp:attachment":[{"href":"https:\/\/www.europesays.com\/fr\/wp-json\/wp\/v2\/media?parent=122888"}],"wp:term":[{"taxonomy":"category","embeddable":true,"href":"https:\/\/www.europesays.com\/fr\/wp-json\/wp\/v2\/categories?post=122888"},{"taxonomy":"post_tag","embeddable":true,"href":"https:\/\/www.europesays.com\/fr\/wp-json\/wp\/v2\/tags?post=122888"}],"curies":[{"name":"wp","href":"https:\/\/api.w.org\/{rel}","templated":true}]}}