{"id":122894,"date":"2025-05-23T21:01:15","date_gmt":"2025-05-23T21:01:15","guid":{"rendered":"https:\/\/www.europesays.com\/fr\/122894\/"},"modified":"2025-05-23T21:01:15","modified_gmt":"2025-05-23T21:01:15","slug":"quest-ce-que-la-castration-chimique-2","status":"publish","type":"post","link":"https:\/\/www.europesays.com\/fr\/122894\/","title":{"rendered":"qu\u2019est-ce que la castration chimique ?"},"content":{"rendered":"<p>Cette solution est pour le moins radicale. Jeudi 22\u00a0mai, la ministre de la Justice britannique, Shabana Mahmood, a dit envisager de rendre obligatoire la castration chimique pour certains d\u00e9linquants sexuels, afin de r\u00e9duire le risque de r\u00e9cidive et <a class=\"link \" href=\"https:\/\/www.lepoint.fr\/societe\/prisons-modulaires-courtes-peines-gerald-darmanin-s-inspire-de-l-allemagne-pour-desengorger-les-prisons-12-05-2025-2589342_23.php\" rel=\"nofollow noopener\" target=\"_blank\" data-ylk=\"slk:d\u00e9sengorger des prisons surpeupl\u00e9es;elm:context_link;itc:0;sec:content-canvas\">d\u00e9sengorger des prisons surpeupl\u00e9es<\/a>. Ce projet, encore \u00e0 l&rsquo;\u00e9tat de r\u00e9flexion, s&rsquo;appuie sur une\u00a0exp\u00e9rimentation lanc\u00e9e en\u00a02022\u00a0dans plusieurs \u00e9tablissements p\u00e9nitentiaires du sud-ouest de l&rsquo;Angleterre, o\u00f9 des traitements inhibiteurs de libido sont propos\u00e9s sur une base volontaire.<\/p>\n<p>La castration chimique est d\u00e9finie comme \u00ab\u00a0un traitement m\u00e9dical qui vise \u00e0 r\u00e9duire la production de testost\u00e9rone par la prise de m\u00e9dicaments\u00a0\u00bb. Elle peut \u00e9galement \u00eatre qualifi\u00e9e d&rsquo;\u00ab\u00a0inhibiteur de libido\u00a0\u00bb. L&rsquo;objectif est de r\u00e9duire les pulsions sexuelles de l&rsquo;individu, rendant ses rapports sexuels moins fr\u00e9quents et, suppos\u00e9ment, emp\u00eachant que puissent \u00eatre de nouveau commis des viols ou des agressions sexuelles.\u00a0Les effets des m\u00e9dicaments durent tant que le traitement est suivi. Lorsque le traitement est arr\u00eat\u00e9, les effets cessent \u00e9galement.<\/p>\n<p>\u00c0 LIRE AUSSI <strong class=\"strong\"><a href=\"https:\/\/www.lepoint.fr\/monde\/castration-chimique-l-exemple-des-etats-unis-04-05-2018-2215794_24.php\" rel=\"nofollow noopener\" target=\"_blank\" data-ylk=\"slk:Castration chimique\u00a0: l&#039;exemple des \u00c9tats-Unis;elm:context_link;itc:0;sec:content-canvas\" class=\"link \">Castration chimique\u00a0: l&rsquo;exemple des \u00c9tats-Unis<\/a><\/strong>Au total, environ quinze pays autorisent la castration chimique dans le monde, sous diff\u00e9rentes formes. Mais son application varie. En effet, quelques nations permettent de condamner p\u00e9nalement un accus\u00e9 \u00e0 la castration chimique, comme la Pologne (qui l&rsquo;impose\u00a0pour les personnes reconnues coupables de certains crimes sexuels, notamment les [&#8230;] <a href=\"https:\/\/www.lepoint.fr\/societe\/le-royaume-uni-veut-l-utiliser-pour-vider-les-prisons-qu-est-ce-que-la-castration-chimique-23-05-2025-2590387_23.php\" rel=\"nofollow noopener\" target=\"_blank\" data-ylk=\"slk:Lire la suite;elm:context_link;itc:0;sec:content-canvas\" class=\"link \">Lire la suite<\/a><\/p>\n","protected":false},"excerpt":{"rendered":"Cette solution est pour le moins radicale. Jeudi 22\u00a0mai, la ministre de la Justice britannique, Shabana Mahmood, a&hellip;\n","protected":false},"author":2,"featured_media":122895,"comment_status":"","ping_status":"","sticky":false,"template":"","format":"standard","meta":{"footnotes":""},"categories":[1588],"tags":[11,24521,24522,1777,674,16500,4145,12,473,1853,24523,1851,1850,1852],"class_list":{"0":"post-122894","1":"post","2":"type-post","3":"status-publish","4":"format-standard","5":"has-post-thumbnail","7":"category-royaume-uni","8":"tag-actualites","9":"tag-castration-chimique","10":"tag-effets-des-medicaments","11":"tag-eu","12":"tag-europe","13":"tag-la-pologne","14":"tag-ministre-de-la-justice","15":"tag-news","16":"tag-royaume-uni","17":"tag-royaume-uni-de-grande-bretagne-et-dirlande-du-nord","18":"tag-shabana-mahmood","19":"tag-uk","20":"tag-united-kingdom","21":"tag-united-kingdom-of-great-britain-and-northern-ireland"},"share_on_mastodon":{"url":"https:\/\/pubeurope.com\/@fr\/114559168418727436","error":""},"_links":{"self":[{"href":"https:\/\/www.europesays.com\/fr\/wp-json\/wp\/v2\/posts\/122894","targetHints":{"allow":["GET"]}}],"collection":[{"href":"https:\/\/www.europesays.com\/fr\/wp-json\/wp\/v2\/posts"}],"about":[{"href":"https:\/\/www.europesays.com\/fr\/wp-json\/wp\/v2\/types\/post"}],"author":[{"embeddable":true,"href":"https:\/\/www.europesays.com\/fr\/wp-json\/wp\/v2\/users\/2"}],"replies":[{"embeddable":true,"href":"https:\/\/www.europesays.com\/fr\/wp-json\/wp\/v2\/comments?post=122894"}],"version-history":[{"count":0,"href":"https:\/\/www.europesays.com\/fr\/wp-json\/wp\/v2\/posts\/122894\/revisions"}],"wp:featuredmedia":[{"embeddable":true,"href":"https:\/\/www.europesays.com\/fr\/wp-json\/wp\/v2\/media\/122895"}],"wp:attachment":[{"href":"https:\/\/www.europesays.com\/fr\/wp-json\/wp\/v2\/media?parent=122894"}],"wp:term":[{"taxonomy":"category","embeddable":true,"href":"https:\/\/www.europesays.com\/fr\/wp-json\/wp\/v2\/categories?post=122894"},{"taxonomy":"post_tag","embeddable":true,"href":"https:\/\/www.europesays.com\/fr\/wp-json\/wp\/v2\/tags?post=122894"}],"curies":[{"name":"wp","href":"https:\/\/api.w.org\/{rel}","templated":true}]}}