{"id":122896,"date":"2025-05-23T21:02:11","date_gmt":"2025-05-23T21:02:11","guid":{"rendered":"https:\/\/www.europesays.com\/fr\/122896\/"},"modified":"2025-05-23T21:02:11","modified_gmt":"2025-05-23T21:02:11","slug":"lallemagne-doit-elle-revenir-au-nucleaire-pour-redresser-son-economie","status":"publish","type":"post","link":"https:\/\/www.europesays.com\/fr\/122896\/","title":{"rendered":"L&rsquo;Allemagne doit-elle revenir au nucl\u00e9aire pour redresser son \u00e9conomie ?"},"content":{"rendered":"<p>L&rsquo;Allemagne est en passe d&rsquo;enregistrer une <a href=\"https:\/\/fr.finance.yahoo.com\/actualites\/l%C3%A9conomie-allemande-recul-deuxi%C3%A8me-ann%C3%A9e-105309109.html\" data-ylk=\"slk:troisi\u00e8me ann\u00e9e cons\u00e9cutive de r\u00e9cession;elm:context_link;itc:0;sec:content-canvas;outcm:mb_qualified_link;_E:mb_qualified_link;ct:story;\" class=\"link  yahoo-link\" target=\"_blank\" rel=\"noopener\"><strong>troisi\u00e8me ann\u00e9e cons\u00e9cutive de r\u00e9cession<\/strong><\/a> dans un contexte d&rsquo;explosion des prix de l&rsquo;\u00e9nergie et de niveaux record de faillites.<\/p>\n<p>En 2024, pr\u00e8s de 200 000 entreprises ont ferm\u00e9 leurs portes dans le pays, selon une \u00e9tude de Creditreform. Il s&rsquo;agit du chiffre le plus \u00e9lev\u00e9 depuis 2011.<\/p>\n<p>Et la tendance semble se poursuivre en 2025. D&rsquo;apr\u00e8s l&rsquo;institut Leibniz, 1626 faillites d&rsquo;entreprises ont \u00e9t\u00e9 enregistr\u00e9es au seul mois d&rsquo;avril, soit 21 % de plus qu&rsquo;en avril 2024. Ces chiffres d\u00e9passent m\u00eame les valeurs de la crise financi\u00e8re de 2008.<\/p>\n<p>\u00ab\u00a0Il ne reste que quelques mois pour sauver l&rsquo;industrie\u00a0\u00bb<\/p>\n<p>Alors que les prix de l&rsquo;\u00e9lectricit\u00e9 atteignent des niveaux record en Allemagne, les g\u00e9ants de l&rsquo;acier sont contraints de ralentir leur production pour survivre et de plus en plus d&rsquo;entreprises d\u00e9localisent en Europe de l&rsquo;Est ou en Chine.<\/p>\n<p><img decoding=\"async\" class=\"caas-img caas-lazy has-preview\" alt=\"L'industrie automobile allemande est en proie \u00e0 une crise profonde\" src=\"https:\/\/www.europesays.com\/fr\/wp-content\/uploads\/2025\/05\/15b6045eff9aa1524d3910fead6b1490.jpeg\"\/><\/p>\n<p> L&rsquo;industrie automobile allemande est en proie \u00e0 une crise profonde   &#8211; Julian Stratenschulte\/(c) Copyright 2025, dpa (www.dpa.de). Tous droits r\u00e9serv\u00e9s <\/p>\n<p>M\u00eame les <a href=\"https:\/\/fr.news.yahoo.com\/choc-frontal-vue-trump-tarifs-054046373.html\" data-ylk=\"slk:embl\u00e9matiques constructeurs automobiles allemands;elm:context_link;itc:0;sec:content-canvas;outcm:mb_qualified_link;_E:mb_qualified_link;ct:story;\" class=\"link  yahoo-link\" target=\"_blank\" rel=\"noopener\"><strong>embl\u00e9matiques constructeurs automobiles allemands<\/strong><\/a> &#8211; dont Volkswagen Mercedes et BMW &#8211; ont du supprimer des milliers d&#8217;emplois ces derni\u00e8res ann\u00e9es.<\/p>\n<p>Les produits allemands sont simplement devenus trop chers pour les consommateurs.<\/p>\n<p>\u00ab\u00a0Il ne nous reste plus que 24 mois pour sauver les industries \u00e0 forte consommation d&rsquo;\u00e9nergie\u00a0\u00bb, d\u00e9clare \u00e0 Euronews le c\u00e9l\u00e8bre \u00e9conomiste Daniel Stelter, qui ajoute que les pertes subies jusqu&rsquo;\u00e0 pr\u00e9sent par les entreprises industrielles sont irr\u00e9versibles.<\/p>\n<p><img decoding=\"async\" class=\"caas-img caas-lazy has-preview\" alt=\"Daniel Stelter compte parmi les \u00e9conomistes les plus influents d'Allemagne\" src=\"https:\/\/www.europesays.com\/fr\/wp-content\/uploads\/2025\/05\/39d156ff39671ee49cfac40fd1aaad10.jpeg\"\/><\/p>\n<p> Daniel Stelter compte parmi les \u00e9conomistes les plus influents d&rsquo;Allemagne   &#8211; Daniel Stelter <\/p>\n<p>\u00ab\u00a0La politique de Katherina Reiche est la continuation de celle de Robert Habeck\u00a0\u00bb<\/p>\n<p>Daniel Stelter estime que la nouvelle ministre allemande de l&rsquo;\u00c9conomie Katherina Reiche (CDU) a bien identifi\u00e9 le probl\u00e8me des co\u00fbts \u00e9nerg\u00e9tiques en plaidant pour la s\u00e9curit\u00e9 \u00e9nerg\u00e9tique et des prix de l&rsquo;\u00e9lectricit\u00e9 plus avantageux.<\/p>\n<p>\u00c0 ces fins, elle souhaite subventionner l&rsquo;\u00e9lectricit\u00e9 industrielle par l&rsquo;\u00c9tat. L&rsquo;UE menace toutefois de ne pas participer \u00e0 ce projet.<\/p>\n<p>Katherina Reiche veut en outre construire de nouvelles centrales \u00e0 gaz, alors que le prix du gaz n&rsquo;a jamais \u00e9t\u00e9 aussi \u00e9lev\u00e9. Cette strat\u00e9gie de la ministre permettra-t-elle de sauver l&rsquo;\u00e9conomie allemande ?<\/p>\n<p>\u00ab\u00a0Quand il n&rsquo;y a pas de vent et pas de soleil, nous avons besoin d&rsquo;un approvisionnement s\u00fbr\u00a0\u00bb, explique Daniel Stelter. \u00ab\u00a0Apr\u00e8s avoir arr\u00eat\u00e9 les centrales nucl\u00e9aires et vouloir \u00e9galement arr\u00eater le charbon, il ne reste plus que les centrales \u00e0 gaz. Avec les seules \u00e9nergies renouvelables, ce n&rsquo;est pas possible\u00a0\u00bb.<\/p>\n<p><img decoding=\"async\" class=\"caas-img caas-lazy has-preview\" alt=\"La nouvelle ministre allemande de l'\u00c9conomie mise sur les centrales \u00e0 gaz pour l'approvisionnement \u00e9nerg\u00e9tique et sur les subventions \u00e0 l'\u00e9lectricit\u00e9 pour l'industrie\" src=\"https:\/\/www.europesays.com\/fr\/wp-content\/uploads\/2025\/05\/3d3ae5f6d2b51ceeb3d7ff8955372af5.jpeg\"\/><\/p>\n<p> La nouvelle ministre allemande de l&rsquo;\u00c9conomie mise sur les centrales \u00e0 gaz pour l&rsquo;approvisionnement \u00e9nerg\u00e9tique et sur les subventions \u00e0 l&rsquo;\u00e9lectricit\u00e9 pour l&rsquo;industrie   &#8211; Kay Nietfeld\/(c) Copyright 2025, dpa (www.dpa.de). Tous droits r\u00e9serv\u00e9s <\/p>\n<p>Mais, selon l&rsquo;expert, la strat\u00e9gie de Katherina Reiche n&rsquo;est pas adapt\u00e9e \u00e0 un pays industrialis\u00e9 tel que l&rsquo;Allemagne.<\/p>\n<p>\u00ab\u00a0Ceux qui croient que les \u00e9nergies renouvelables combin\u00e9es aux centrales \u00e0 gaz conduiront \u00e0 une \u00e9lectricit\u00e9 bon march\u00e9 vivent dans un monde de r\u00eave\u00a0\u00bb, d\u00e9clare l&rsquo;\u00e9conomiste \u00e0 Euronews.<\/p>\n<p>\u00ab\u00a0Beaucoup ne regardent que les co\u00fbts des panneaux solaires et des \u00e9oliennes. Ce n&rsquo;est que lorsque le vent souffle et que le soleil brille que c&rsquo;est avantageux. Quand nous devons prendre en compte les co\u00fbts du syst\u00e8me, comme le stockage et les batteries &#8211; les \u00e9nergies renouvelables sont alors les plus ch\u00e8res\u00a0\u00bb.<\/p>\n<p><img decoding=\"async\" class=\"caas-img caas-lazy has-preview\" alt=\"Daniel Stelter estime que l'Allemagne doit revenir sur sa d\u00e9cision de sortir du nucl\u00e9aire\" src=\"https:\/\/www.europesays.com\/fr\/wp-content\/uploads\/2025\/05\/fd6f02e8579ebd54cba57638fc17e51e.jpeg\"\/><\/p>\n<p> Daniel Stelter estime que l&rsquo;Allemagne doit revenir sur sa d\u00e9cision de sortir du nucl\u00e9aire   &#8211; Euronews Berlin <\/p>\n<p>C&rsquo;est pourquoi \u00ab\u00a0la politique de Katherina Reiche &#8211; en l&rsquo;\u00e9tat actuel des choses &#8211; est en fait la continuation de la politique de Robert Habeck\u00a0\u00bb et celle-ci ne permet pas \u00ab\u00a0d&rsquo;approvisionner un pays industrialis\u00e9 en \u00e9nergie de mani\u00e8re durable et bon march\u00e9\u00a0\u00bb, poursuit Daniel Stelter.<\/p>\n<p>\u00ab\u00a0Si vous me demandez mon avis personnel, je n&rsquo;aurais pas mis en \u0153uvre la sortie du nucl\u00e9aire de cette mani\u00e8re. Et je ferais maintenant tout mon possible pour revenir sur la sortie du nucl\u00e9aire en r\u00e9activant les anciennes centrales nucl\u00e9aires\u00a0\u00bb.<\/p>\n<p><img decoding=\"async\" class=\"caas-img caas-lazy has-preview\" alt=\"La centrale nucl\u00e9aire d\u00e9saffect\u00e9e de Grafenrheinfeld a \u00e9t\u00e9 d\u00e9mantel\u00e9e en 2024\" src=\"https:\/\/www.europesays.com\/fr\/wp-content\/uploads\/2025\/05\/ca20bac3159924ee6ca800dbb6555ad3.jpeg\"\/><\/p>\n<p> La centrale nucl\u00e9aire d\u00e9saffect\u00e9e de Grafenrheinfeld a \u00e9t\u00e9 d\u00e9mantel\u00e9e en 2024   &#8211; Karl-Josef Hildenbrand\/(c) Copyright 2024, dpa (www.dpa.de). Tous droits r\u00e9serv\u00e9s <\/p>\n<p>\u00ab\u00a0Le gaz est beaucoup trop cher\u00a0\u00bb<\/p>\n<p>L&rsquo;expert en \u00e9nergie Bj\u00f6rn Peters est encore plus critique. Il vient tout juste de sortir son nouveau livre intitul\u00e9 \u00ab\u00a0Schluss mit der Energiewende\u00a0\u00bb (en finir avec le tournant \u00e9nerg\u00e9tique).<\/p>\n<p>\u00ab\u00a0Les centrales \u00e0 gaz ne suffisent pas \u00e0 faire baisser le prix de l&rsquo;\u00e9lectricit\u00e9. Elles sont tr\u00e8s ch\u00e8res \u00e0 exploiter. Le gaz est cher. Ensuite, il faut ajouter le co\u00fbt du CO2\u00a0\u00bb, explique Bj\u00f6rn Peters.<\/p>\n<p>\u00ab\u00a0Cela signifie qu&rsquo;\u00e0 long terme, les prix de production atteindraient entre 15 et 20 centimes par kilowattheure. C&rsquo;est trop cher, nous ne sommes pas comp\u00e9titifs avec \u00e7a\u00a0\u00bb.<\/p>\n<p><img decoding=\"async\" class=\"caas-img caas-lazy has-preview\" alt=\"L'expert en \u00e9nergie Bj\u00f6rn Peters s'entretient avec Euronews\" src=\"https:\/\/www.europesays.com\/fr\/wp-content\/uploads\/2025\/05\/62b9ee78def56f399dc91cab909c3ee7.jpeg\"\/><\/p>\n<p> L&rsquo;expert en \u00e9nergie Bj\u00f6rn Peters s&rsquo;entretient avec Euronews   &#8211; Euronews Berlin <\/p>\n<p>L&rsquo;expert exhorte le <a href=\"https:\/\/fr.news.yahoo.com\/allemagne-friedrich-merz-promet-larm%C3%A9e-080334894.html\" data-ylk=\"slk:nouveau gouvernement de Friedrich Merz;elm:context_link;itc:0;sec:content-canvas;outcm:mb_qualified_link;_E:mb_qualified_link;ct:story;\" class=\"link  yahoo-link\" target=\"_blank\" rel=\"noopener\"><strong>nouveau gouvernement de Friedrich Merz<\/strong><\/a> \u00e0 \u00e9largir rapidement l&rsquo;offre.<\/p>\n<p>\u00ab\u00a0Cela passe par la r\u00e9cup\u00e9ration des centrales nucl\u00e9aires, par une production nationale de gaz naturel et par le CCS, c&rsquo;est-\u00e0-dire le captage du CO2 des centrales \u00e0 charbon\u00a0\u00bb, d\u00e9clare-t-il. \u00ab\u00a0Nous avons assez de charbon pour 200 ans. Ce serait dans l&rsquo;int\u00e9r\u00eat de la s\u00e9curit\u00e9 nationale de continuer \u00e0 utiliser le charbon, mais avec les filtres appropri\u00e9s\u00a0\u00bb.<\/p>\n<p>Les centrales nucl\u00e9aires comme Brokdorf et Emsland seraient r\u00e9activables d&rsquo;ici 2026. En outre, six autres centrales nucl\u00e9aires pourraient \u00eatre remises en service jusque dans les ann\u00e9es 2030.<\/p>\n<p>L&rsquo;expert reste optimiste quant \u00e0 ses attentes vis-\u00e0-vis de la nouvelle ministre de l&rsquo;\u00c9conomie, affirmant que Katherina Reiche veut \u00ab\u00a0faire un inventaire avec s\u00e9rieux\u00a0\u00bb.<\/p>\n<p>\u00ab\u00a0Nous avons parl\u00e9 avec certains repr\u00e9sentants du gouvernement ces derniers jours. Et ils semblent au moins r\u00e9fl\u00e9chir \u00e0 l&rsquo;entr\u00e9e dans le nucl\u00e9aire\u00a0\u00bb, d\u00e9clare Bj\u00f6rn Peters.<\/p>\n","protected":false},"excerpt":{"rendered":"L&rsquo;Allemagne est en passe d&rsquo;enregistrer une troisi\u00e8me ann\u00e9e cons\u00e9cutive de r\u00e9cession dans un contexte d&rsquo;explosion des prix de&hellip;\n","protected":false},"author":2,"featured_media":122897,"comment_status":"","ping_status":"","sticky":false,"template":"","format":"standard","meta":{"footnotes":""},"categories":[1587],"tags":[11,672,1804,24526,1805,1803,1777,24528,674,1801,24525,12,24524,1802,24527],"class_list":{"0":"post-122896","1":"post","2":"type-post","3":"status-publish","4":"format-standard","5":"has-post-thumbnail","7":"category-allemagne","8":"tag-actualites","9":"tag-allemagne","10":"tag-bundesrepublik-deutschland","11":"tag-daniel-stelter","12":"tag-de","13":"tag-deutschland","14":"tag-eu","15":"tag-euronews","16":"tag-europe","17":"tag-germany","18":"tag-katherina-reiche","19":"tag-news","20":"tag-prix-de-lelectricite","21":"tag-republique-federale-dallemagne","22":"tag-stelter"},"share_on_mastodon":{"url":"https:\/\/pubeurope.com\/@fr\/114559172296317417","error":""},"_links":{"self":[{"href":"https:\/\/www.europesays.com\/fr\/wp-json\/wp\/v2\/posts\/122896","targetHints":{"allow":["GET"]}}],"collection":[{"href":"https:\/\/www.europesays.com\/fr\/wp-json\/wp\/v2\/posts"}],"about":[{"href":"https:\/\/www.europesays.com\/fr\/wp-json\/wp\/v2\/types\/post"}],"author":[{"embeddable":true,"href":"https:\/\/www.europesays.com\/fr\/wp-json\/wp\/v2\/users\/2"}],"replies":[{"embeddable":true,"href":"https:\/\/www.europesays.com\/fr\/wp-json\/wp\/v2\/comments?post=122896"}],"version-history":[{"count":0,"href":"https:\/\/www.europesays.com\/fr\/wp-json\/wp\/v2\/posts\/122896\/revisions"}],"wp:featuredmedia":[{"embeddable":true,"href":"https:\/\/www.europesays.com\/fr\/wp-json\/wp\/v2\/media\/122897"}],"wp:attachment":[{"href":"https:\/\/www.europesays.com\/fr\/wp-json\/wp\/v2\/media?parent=122896"}],"wp:term":[{"taxonomy":"category","embeddable":true,"href":"https:\/\/www.europesays.com\/fr\/wp-json\/wp\/v2\/categories?post=122896"},{"taxonomy":"post_tag","embeddable":true,"href":"https:\/\/www.europesays.com\/fr\/wp-json\/wp\/v2\/tags?post=122896"}],"curies":[{"name":"wp","href":"https:\/\/api.w.org\/{rel}","templated":true}]}}