{"id":122903,"date":"2025-05-23T21:06:14","date_gmt":"2025-05-23T21:06:14","guid":{"rendered":"https:\/\/www.europesays.com\/fr\/122903\/"},"modified":"2025-05-23T21:06:14","modified_gmt":"2025-05-23T21:06:14","slug":"finalement-pas-de-fan-zone-au-stade-charlety-pour-psg-inter","status":"publish","type":"post","link":"https:\/\/www.europesays.com\/fr\/122903\/","title":{"rendered":"Finalement pas de fan zone au Stade Charlety pour PSG\/Inter"},"content":{"rendered":"<p><img width=\"700\" height=\"350\" src=\"https:\/\/www.europesays.com\/fr\/wp-content\/uploads\/2025\/05\/Stade-Charlety.jpg\" class=\"attachment-jannah-image-post size-jannah-image-post wp-post-image\" alt=\"Stade charlety\" is_main_img=\"1\" decoding=\"async\" fetchpriority=\"high\"  \/><\/p>\n<p>Le 31 mai (21 heures, Canal Plus, M6), le PSG affronte<br \/>\nl\u2019Inter Milan en finale de la Ligue des champions. Un temps<br \/>\nenvisag\u00e9, le Stade Charlety n\u2019accueillera pas de fan zone.<\/p>\n<p>Qualifi\u00e9 pour la finale de la <strong>Ligue des<br \/>\nchampions<\/strong>, le <strong>PSG<\/strong> affrontera<br \/>\nl\u2019<strong>Inter Milan<\/strong> sur la pelouse de l\u2019<strong>Allianz<br \/>\nArena<\/strong> de <strong>Munich<\/strong> le 31 mai prochain. Pour<br \/>\nles supporters parisiens qui n\u2019ont pas eu la chance de se procurer<br \/>\nune place de la finale, le club de la capitale a ouvert une<br \/>\nbilletterie pour assister \u00e0 la finale depuis le <strong>Parc des<br \/>\nPrinces<\/strong>. La ville de <strong>Paris<\/strong> souhaitait<br \/>\naussi organiser sa fan zone pour que les Parisiens puissent suivre<br \/>\nce moment historique ensemble. Mais les autorit\u00e9s n\u2019\u00e9taient pas<br \/>\nvraiment pour, surtout dans la ville. Il parlait alors d\u2019un lieu<br \/>\nclos. Et la possibilit\u00e9 de la faire au <strong><a href=\"https:\/\/canal-supporters.com\/une-fan-zone-au-stade-charlety-pour-psg-inter-milan\/\" title=\"\" rel=\"nofollow noopener\" target=\"_blank\">Stade Charlety<\/a><\/strong> avait \u00e9t\u00e9 envisag\u00e9e.<\/p>\n<p>A voir aussi : <a href=\"https:\/\/canal-supporters.com\/ldc-la-finale-psg-inter-diffusee-sur-ecrans-geants-au-parc-des-princes\/\" title=\"\" rel=\"nofollow noopener\" target=\"_blank\">LdC \u2013 La finale PSG \/ Inter diffus\u00e9e sur \u00e9crans g\u00e9ants au<br \/>\nParc des Princes<\/a><\/p>\n<p><a href=\"https:\/\/x.com\/CanalSupporters\" target=\"_blank\" rel=\"noopener nofollow\" title=\"\">canalsupporters.com<\/a><\/p>\n<p>Les abords du<br \/>\nParc des Princes et les Champs-\u00c9lys\u00e9es d\u00e9j\u00e0 sous haute<br \/>\nsurveillance<\/p>\n<p>Mais il n\u2019y aura pas de fan zone dans ce stade. Comme le<br \/>\nrapporte <a href=\"https:\/\/www.leparisien.fr\/paris-75\/psg-inter-milan-pourquoi-il-ny-aura-pas-de-grande-fan-zone-au-stade-charlety-23-05-2025-KHOXU3IKDNFEZFDNKSGH2R7ZTA.php\" target=\"_blank\" rel=\"noopener nofollow\" title=\"\">Le Parisien<\/a>, apr\u00e8s<br \/>\nde longues <a href=\"https:\/\/canal-supporters.com\/reunion-au-ministere-de-linterieur-pour-lorganisation-de-la-soiree-a-paris-lors-de-psg-inter\/\" title=\"\" rel=\"nofollow noopener\" target=\"_blank\">r\u00e9unions<\/a> et de nombreux \u00e9changes, la <strong>Ville de<br \/>\nParis<\/strong> et la <strong>pr\u00e9fecture de police<\/strong> (PP)<br \/>\nn\u2019ont pas trouv\u00e9 de terrain d\u2019entente quant \u00e0 l\u2019installation d\u2019une<br \/>\nfan-zone pour la retransmission de la\u00a0finale de la<br \/>\n<strong>Ligue des champions<\/strong>\u00a0du <strong>PSG<\/strong><br \/>\nle samedi 31 mai. \u00ab\u00a0La PP nous a fait clairement<br \/>\ncomprendre qu\u2019elle ne pouvait pas disperser ses forces aux quatre<br \/>\ncoins de la capitale et on ne peut pas faire sans la police, ce ne<br \/>\nserait pas raisonnable. On passe \u00e0 c\u00f4t\u00e9 de cette belle f\u00eate<br \/>\ncollective, entre frustration et raison \u00bb, r\u00e9sume une<br \/>\nsource bien inform\u00e9e\u00a0\u00bb, indique le quotidien francilien.<br \/>\nOutre les abords du <strong>Parc des Princes<\/strong>, les<br \/>\n<strong>Champs-\u00c9lys\u00e9es<\/strong> seront aussi sous haute<br \/>\nsurveillance. Alors, la cr\u00e9ation d\u2019un troisi\u00e8me point chaud \u00e0<br \/>\nsurveiller n\u00e9cessitait trop d\u2019effectifs de police. \u00ab Surtout<br \/>\nqu\u2019il y a aussi Roland-Garros et les c\u00e9l\u00e9brations le lendemain en<br \/>\ncas de victoire \u00bb, d\u00e9nombre une autre source, conclut Le<br \/>\nParisien.\u00a0<\/p><\/p>\n","protected":false},"excerpt":{"rendered":"Le 31 mai (21 heures, Canal Plus, M6), le PSG affronte l\u2019Inter Milan en finale de la Ligue&hellip;\n","protected":false},"author":2,"featured_media":122904,"comment_status":"","ping_status":"","sticky":false,"template":"","format":"standard","meta":{"footnotes":""},"categories":[2],"tags":[11,786,81,448,787,18044,2396,1011,27,789,447,12,626,91,92,93,19330,20357,19331,19332,25,24529,795,796,96],"class_list":{"0":"post-122903","1":"post","2":"type-post","3":"status-publish","4":"format-standard","5":"has-post-thumbnail","7":"category-actualites","8":"tag-actualites","9":"tag-c1","10":"tag-canal-supporters","11":"tag-champions-league","12":"tag-cs","13":"tag-fan-zone","14":"tag-finale","15":"tag-fr","16":"tag-france","17":"tag-ldc","18":"tag-ligue-des-champions","19":"tag-news","20":"tag-paris","21":"tag-paris-saint-germain","22":"tag-paris-sg","23":"tag-psg","24":"tag-psg-int","25":"tag-psg-inter","26":"tag-psg-inter-milan","27":"tag-psgint","28":"tag-republique-francaise","29":"tag-stade-charlety","30":"tag-ucl","31":"tag-uefa-champions-league","32":"tag-une"},"share_on_mastodon":{"url":"https:\/\/pubeurope.com\/@fr\/114559187948129937","error":""},"_links":{"self":[{"href":"https:\/\/www.europesays.com\/fr\/wp-json\/wp\/v2\/posts\/122903","targetHints":{"allow":["GET"]}}],"collection":[{"href":"https:\/\/www.europesays.com\/fr\/wp-json\/wp\/v2\/posts"}],"about":[{"href":"https:\/\/www.europesays.com\/fr\/wp-json\/wp\/v2\/types\/post"}],"author":[{"embeddable":true,"href":"https:\/\/www.europesays.com\/fr\/wp-json\/wp\/v2\/users\/2"}],"replies":[{"embeddable":true,"href":"https:\/\/www.europesays.com\/fr\/wp-json\/wp\/v2\/comments?post=122903"}],"version-history":[{"count":0,"href":"https:\/\/www.europesays.com\/fr\/wp-json\/wp\/v2\/posts\/122903\/revisions"}],"wp:featuredmedia":[{"embeddable":true,"href":"https:\/\/www.europesays.com\/fr\/wp-json\/wp\/v2\/media\/122904"}],"wp:attachment":[{"href":"https:\/\/www.europesays.com\/fr\/wp-json\/wp\/v2\/media?parent=122903"}],"wp:term":[{"taxonomy":"category","embeddable":true,"href":"https:\/\/www.europesays.com\/fr\/wp-json\/wp\/v2\/categories?post=122903"},{"taxonomy":"post_tag","embeddable":true,"href":"https:\/\/www.europesays.com\/fr\/wp-json\/wp\/v2\/tags?post=122903"}],"curies":[{"name":"wp","href":"https:\/\/api.w.org\/{rel}","templated":true}]}}