{"id":122920,"date":"2025-05-23T21:17:07","date_gmt":"2025-05-23T21:17:07","guid":{"rendered":"https:\/\/www.europesays.com\/fr\/122920\/"},"modified":"2025-05-23T21:17:07","modified_gmt":"2025-05-23T21:17:07","slug":"2131-exemplaires-louis-sarkozy-humilie-son-livre-fait-son-gros-flop","status":"publish","type":"post","link":"https:\/\/www.europesays.com\/fr\/122920\/","title":{"rendered":"\u00ab\u00a02131 exemplaires\u00a0\u00bb : Louis Sarkozy humili\u00e9, son livre fait son gros flop"},"content":{"rendered":"<p>Le 7 mai 2025, trois personnalit\u00e9s ont sorti un livre. <a href=\"https:\/\/www.public.fr\/cest-honteux-laurent-ruquier-choque-par-la-presence-de-nabilla-dans-c-a-vous-il-pousse-un-coup-de-gueule\" target=\"_blank\" rel=\"noopener\">Laurent Ruquier<\/a>, <a href=\"https:\/\/www.public.fr\/tag\/thierry-ardisson\" target=\"_blank\" rel=\"noopener\">Thierry Ardisson<\/a>, et <a href=\"https:\/\/vsd.fr\/tag\/louis-sarkozy\/\" target=\"_blank\" rel=\"noopener\">Louis Sarkozy<\/a>. L\u2019animateur des <strong>\u00ab\u00a0Grosses T\u00eates\u00a0\u00bb<\/strong> a d\u00e9voil\u00e9 <strong>\u00ab\u00a0Ruquier, vies secr\u00e8tes\u00a0\u00bb<\/strong>, l\u2019ancien pr\u00e9sentateur de <strong>\u00ab\u00a0Salut les Terriens\u00a0\u00bb<\/strong> a fait para\u00eetre <strong>\u00ab\u00a0L\u2019Homme en noir\u00a0\u00bb<\/strong>, alors que le fils de Nicolas Sarkozy a d\u00e9voil\u00e9 <strong>\u00ab\u00a0Napol\u00e9on Bonaparte : l\u2019Empire des livres\u00a0\u00bb<\/strong>.<\/p>\n<p>Trois ouvrages qui peinent visiblement \u00e0 trouver preneur. C\u2019est en tout cas le constat \u00e9tabli par un professionnel du secteur libraire interrog\u00e9 par nos confr\u00e8res du Parisien. Pour fait un tel constat, il suffit de jeter un oeil aux ventes des livres depuis leur sortie.\u00a0<\/p>\n<p>Des ventes difficiles pour Louis Sarkozy, Laurent Ruquier, et Thierry Ardisson<\/p>\n<p>Seuls 1143 exemplaires du livre de Thierry Ardisson n&rsquo;auraient trouv\u00e9 preneur. 1080 pour Laurent Ruquier entre la date de sortie et le mercredi 21 mai. Alors que <strong>Louis Sarkozy fait tout de m\u00eame mieux que les deux animateurs, mais enregistre un faible score, avec 2131 ventes.\u00a0<\/strong><\/p>\n<p>Des ouvrages qui n\u2019ont pas attir\u00e9 les foules. Et pour un professionnel du secteur, on peut bel et bien parler d\u2019un flop. \u00ab\u00a0<strong>On peut parler d\u2019un crash industriel<\/strong>. Quand on voit l\u2019exposition et la promotion dont ces trois livres ont b\u00e9n\u00e9fici\u00e9, ces chiffres de ventes sont vraiment d\u00e9cevants\u00a0\u00bb, assure-t-il aupr\u00e8s de nos confr\u00e8res du Parisien.<\/p>\n<p>Et si un tel constat peut s\u2019\u00e9tablir, c\u2019est aussi parce qu\u2019en deuxi\u00e8me de ventes, tous les ouvrages ont enregistr\u00e9 une baisse \u00ab\u00a0avec <strong>1 025 volumes \u00e9coul\u00e9s en huit jours pour le fils de l\u2019ancien pr\u00e9sident de la R\u00e9publique<\/strong>, Louis Sarkozy, et 844 pour Ardisson\u00a0\u00bb, comme l\u2019indique le quotidien.<\/p>\n<p>Un autre projet pour le fils de l&rsquo;ancien Chef de l&rsquo;\u00c9tat<\/p>\n<p>\u00ab\u00a0Ce sont des auteurs tr\u00e8s clivants pour diff\u00e9rentes raisons, ce qui peut expliquer ces mauvaises ventes, estime un \u00e9diteur qui n\u2019a pas tout lu. Le livre d\u2019Ardisson est assez m\u00e9galo, para\u00eet-il, <strong>celui de Louis Sarkozy pas tr\u00e8s bon et opportuniste<\/strong>\u00ab\u00a0, explique le professionnel du secteur, avant d\u2019\u00e9voquer le livre de NIcolas Bedos, qui conna\u00eet lui aussi un flop : \u00ab\u00a0Quant \u00e0 celui de Nicolas Bedos, il a \u00e9t\u00e9\u00a0condamn\u00e9 pour violences sexuelles\u00a0et c\u2019est impensable pour de nombreuses personnes de lui faire gagner de l\u2019argent\u2026\u00a0\u00bb<\/p>\n<p>En ce qui concerne Louis Sarkozy, le fils de l\u2019ancien Pr\u00e9sident de la R\u00e9publique \u00e0 autre chose \u00e0 penser qu\u2019\u00e0 l\u2019\u00e9chec de son ouvrage. Alors qu\u2019il se murmure qu\u2019il briguerait la mairie de Menton, pour pourquoi pas se lancer pour de bon en politique dans les ann\u00e9es \u00e0 venir, il se pr\u00e9pare surtout \u00e0 endosser l\u2019un des plus beaux r\u00f4les d\u2019une vie.<\/p>\n<p>En effet, nos confr\u00e8res de Lib\u00e9ration ont r\u00e9v\u00e9l\u00e9, dans un article paru le 14 mai dernier, que Louis Sarkozy et sa compagne Natali Husic, avec qui il est mari\u00e9 depuis 3 ans, <a href=\"https:\/\/www.public.fr\/louis-sarkozy-bientot-papa-sa-femme-natali-est-enceinte\" target=\"_blank\" rel=\"noopener\">attendraient leur premier enfant.\u00a0<\/a><\/p>\n<p>      Mentionn\u00e9s dans cet article<\/p>\n<p>\u00c0 lire aussi<\/p>\n","protected":false},"excerpt":{"rendered":"Le 7 mai 2025, trois personnalit\u00e9s ont sorti un livre. Laurent Ruquier, Thierry Ardisson, et Louis Sarkozy. L\u2019animateur&hellip;\n","protected":false},"author":2,"featured_media":122921,"comment_status":"","ping_status":"","sticky":false,"template":"","format":"standard","meta":{"footnotes":""},"categories":[1359],"tags":[58,59,1011,27,1759,17927,3091,973,10058],"class_list":{"0":"post-122920","1":"post","2":"type-post","3":"status-publish","4":"format-standard","5":"has-post-thumbnail","7":"category-people","8":"tag-divertissement","9":"tag-entertainment","10":"tag-fr","11":"tag-france","12":"tag-laurent-ruquier","13":"tag-louis-sarkozy","14":"tag-nicolas-sarkozy","15":"tag-people","16":"tag-thierry-ardisson"},"share_on_mastodon":{"url":"https:\/\/pubeurope.com\/@fr\/114559231153888375","error":""},"_links":{"self":[{"href":"https:\/\/www.europesays.com\/fr\/wp-json\/wp\/v2\/posts\/122920","targetHints":{"allow":["GET"]}}],"collection":[{"href":"https:\/\/www.europesays.com\/fr\/wp-json\/wp\/v2\/posts"}],"about":[{"href":"https:\/\/www.europesays.com\/fr\/wp-json\/wp\/v2\/types\/post"}],"author":[{"embeddable":true,"href":"https:\/\/www.europesays.com\/fr\/wp-json\/wp\/v2\/users\/2"}],"replies":[{"embeddable":true,"href":"https:\/\/www.europesays.com\/fr\/wp-json\/wp\/v2\/comments?post=122920"}],"version-history":[{"count":0,"href":"https:\/\/www.europesays.com\/fr\/wp-json\/wp\/v2\/posts\/122920\/revisions"}],"wp:featuredmedia":[{"embeddable":true,"href":"https:\/\/www.europesays.com\/fr\/wp-json\/wp\/v2\/media\/122921"}],"wp:attachment":[{"href":"https:\/\/www.europesays.com\/fr\/wp-json\/wp\/v2\/media?parent=122920"}],"wp:term":[{"taxonomy":"category","embeddable":true,"href":"https:\/\/www.europesays.com\/fr\/wp-json\/wp\/v2\/categories?post=122920"},{"taxonomy":"post_tag","embeddable":true,"href":"https:\/\/www.europesays.com\/fr\/wp-json\/wp\/v2\/tags?post=122920"}],"curies":[{"name":"wp","href":"https:\/\/api.w.org\/{rel}","templated":true}]}}