{"id":122922,"date":"2025-05-23T21:18:10","date_gmt":"2025-05-23T21:18:10","guid":{"rendered":"https:\/\/www.europesays.com\/fr\/122922\/"},"modified":"2025-05-23T21:18:10","modified_gmt":"2025-05-23T21:18:10","slug":"la-vallee-des-saints-va-accueillir-une-sculpture-moai-de-lile-de-paques","status":"publish","type":"post","link":"https:\/\/www.europesays.com\/fr\/122922\/","title":{"rendered":"La Vall\u00e9e des Saints va accueillir une sculpture moai de l\u2019\u00eele de P\u00e2ques"},"content":{"rendered":"<p>C\u2019est un \u00ab\u00a0projet hors du commun\u00a0\u00bb, <a href=\"https:\/\/www.letelegramme.fr\/toute-l-information-de-la-bretagne\/span-classamorcevallee-des-saints-spanle-chili-arrive-jusqua-lile-de-paques-bretonne-3507357.php\" target=\"_blank\" rel=\"noopener\">lanc\u00e9 en 2019<\/a>, qui va se concr\u00e9tiser \u00e0 la mi-octobre 2025. En \u00e9tablissant un partenariat avec l\u2019\u00cele de P\u00e2ques, sa grande s\u0153ur, situ\u00e9e au large du Chili, qui h\u00e9berge 800 statues, la Vall\u00e9e des Saints projetait d\u2019accueillir l\u2019un de ses c\u00e9l\u00e8bres moias, aux c\u00f4t\u00e9s de ses d\u00e9sormais 200 g\u00e9ants de granit, qui prennent place sur la colline de Qu\u00e9n\u00e9quillec depuis 2009.<\/p>\n<p>En septembre 2025, deux sculpteurs bretons, <a href=\"https:\/\/www.letelegramme.fr\/cotes-d-armor\/plouezec-22470\/pres-de-paimpol-kito-un-monument-de-la-sculpture-6643937.php\" target=\"_blank\" rel=\"noopener\">Christophe Antoine dit Kito<\/a> et Vincent Lema\u00e7on, seront ainsi associ\u00e9s \u00e0 deux Chiliens, Alberto Ika Araki et Jose Ika Sanchez, pour sculpter le moai de la Vall\u00e9e des Saints, qui prendra le nom de moai de la fraternit\u00e9. Un mois de travail sera n\u00e9cessaire pour fa\u00e7onner le bloc de granit de neuf tonnes, pour en faire une statue de 4,30 m orn\u00e9e d\u2019un chapeau d\u2019un m\u00e8tre.<\/p>\n<p>Le premier moai en granit au monde<\/p>\n<p>\u00ab\u00a0Ce sera le premier moai en granit. Eux privil\u00e9gient la pierre volcanique et le bois\u00a0\u00bb, souligne S\u00e9bastien Minguy, le directeur de la Vall\u00e9e des Saints. Dans un second temps, les quatre sculpteurs seront de nouveau associ\u00e9s pour, cette fois, r\u00e9aliser un saint breton en granit qui rejoindra l\u2019\u00cele de P\u00e2ques. \u00ab\u00a0L\u00e0-bas, ils sont tr\u00e8s catholiques, ils vont \u00e0 l\u2019\u00e9glise et prient beaucoup\u00a0\u00bb, souligne le Nord-Finist\u00e9rien.<\/p>\n<p>Cette passerelle entre deux mondes tient \u00e0 la famille Fleuriot de Langle qui, au XVIIIe si\u00e8cle, \u00e9tait propri\u00e9taire du site actuel de la Vall\u00e9e des Saints. Et, l\u2019un des deux fils, Paul-Antoine, a pris part \u00e0 l\u2019exp\u00e9dition La P\u00e9rouse qui s\u2019est rendue, notamment, \u00e0 l\u2019\u00cele de P\u00e2ques. C\u2019est ce dernier qui a r\u00e9alis\u00e9 la premi\u00e8re cartographie de cette \u00eele du bout du monde. C\u2019est pourquoi une carte de l\u2019\u00cele de P\u00e2ques sera grav\u00e9e dans le granit au pied de la sculpture du moai de la fraternit\u00e9, en guise d\u2019hommage. Un Espace Fleuriot de Langle sera alors cr\u00e9\u00e9 \u00e0 droite de l\u2019entr\u00e9e, accol\u00e9 au futur centre d\u2019interpr\u00e9tation.<\/p>\n<p><img decoding=\"async\" src=\"https:\/\/www.europesays.com\/fr\/wp-content\/uploads\/2025\/05\/683094777ccc2ab65007429f.1.jpeg\" width=\"480\" height=\"300\" class=\"web_golden_m\" loading=\"lazy\" alt=\"Avant le moai, la Fontaine des gens sera le prochain projet qui va se concr\u00e9tiser. Une fontaine qui accueille saint Michel, le 200e g\u00e9ant du parc.\"\/>Avant le moai, la Fontaine des gens sera le prochain projet qui va se concr\u00e9tiser. Une fontaine qui accueille saint Michel, le 200e g\u00e9ant du parc. (Vall\u00e9e des Saints\/S\u00e9bastien Minguy)Un voyage \u00e0 Quemper-Gu\u00e9zennec et Brest<\/p>\n<p>Cette installation est pr\u00e9vue au printemps 2026, suivie d\u2019une inauguration. Auparavant, la statue pascuane voyagera en Bretagne. D\u2019abord \u00e0 Quemper-Gu\u00e9zennec (22), commune de naissance de Paul-Antoine Fleuriot de Langle, du 20 octobre au 31 d\u00e9cembre 2025. Puis \u00e0 Brest, ville de d\u00e9part de l\u2019exp\u00e9dition La P\u00e9rouse, du 1er janvier au 5 avril 2026.<\/p>\n<p>Le projet, sur le point d\u2019\u00eatre lanc\u00e9, a un co\u00fbt\u00a0: 95\u00a0000 euros tout compris, notamment le voyage et l\u2019h\u00e9bergement des Pascuans. \u00ab\u00a0On proc\u00e9dera comme on l\u2019a fait pour la <a href=\"https:\/\/www.letelegramme.fr\/cotes-d-armor\/guingamp-22200\/vallee-des-saints-a-carnoet-la-fontaine-sera-inauguree-en-grande-pompe-le-3-juin-6782586.php\" target=\"_blank\" rel=\"noopener\">Fontaine des gens<\/a>. On s\u2019appuiera sur du m\u00e9c\u00e9nat, avec le nom de la fondation qui sera annonc\u00e9 en juillet. Et on lancera un appel aux Bretons via un financement participatif sur kengo\u00a0\u00bb, indique S\u00e9bastien Minguy.<\/p>\n","protected":false},"excerpt":{"rendered":"C\u2019est un \u00ab\u00a0projet hors du commun\u00a0\u00bb, lanc\u00e9 en 2019, qui va se concr\u00e9tiser \u00e0 la mi-octobre 2025. En&hellip;\n","protected":false},"author":2,"featured_media":122923,"comment_status":"","ping_status":"","sticky":false,"template":"","format":"standard","meta":{"footnotes":""},"categories":[1358],"tags":[1348,1384,1385,829,24530,2171,251,872,1386,58,59,1011,27,4044,602,24531],"class_list":{"0":"post-122922","1":"post","2":"type-post","3":"status-publish","4":"format-standard","5":"has-post-thumbnail","7":"category-arts-et-design","8":"tag-arts","9":"tag-arts-and-design","10":"tag-arts-et-design","11":"tag-bretagne","12":"tag-carnoet","13":"tag-cotes-darmor","14":"tag-culture","15":"tag-culture-et-loisirs","16":"tag-design","17":"tag-divertissement","18":"tag-entertainment","19":"tag-fr","20":"tag-france","21":"tag-guingamp","22":"tag-tourisme","23":"tag-vallee-des-saints"},"share_on_mastodon":{"url":"https:\/\/pubeurope.com\/@fr\/114559235113785462","error":""},"_links":{"self":[{"href":"https:\/\/www.europesays.com\/fr\/wp-json\/wp\/v2\/posts\/122922","targetHints":{"allow":["GET"]}}],"collection":[{"href":"https:\/\/www.europesays.com\/fr\/wp-json\/wp\/v2\/posts"}],"about":[{"href":"https:\/\/www.europesays.com\/fr\/wp-json\/wp\/v2\/types\/post"}],"author":[{"embeddable":true,"href":"https:\/\/www.europesays.com\/fr\/wp-json\/wp\/v2\/users\/2"}],"replies":[{"embeddable":true,"href":"https:\/\/www.europesays.com\/fr\/wp-json\/wp\/v2\/comments?post=122922"}],"version-history":[{"count":0,"href":"https:\/\/www.europesays.com\/fr\/wp-json\/wp\/v2\/posts\/122922\/revisions"}],"wp:featuredmedia":[{"embeddable":true,"href":"https:\/\/www.europesays.com\/fr\/wp-json\/wp\/v2\/media\/122923"}],"wp:attachment":[{"href":"https:\/\/www.europesays.com\/fr\/wp-json\/wp\/v2\/media?parent=122922"}],"wp:term":[{"taxonomy":"category","embeddable":true,"href":"https:\/\/www.europesays.com\/fr\/wp-json\/wp\/v2\/categories?post=122922"},{"taxonomy":"post_tag","embeddable":true,"href":"https:\/\/www.europesays.com\/fr\/wp-json\/wp\/v2\/tags?post=122922"}],"curies":[{"name":"wp","href":"https:\/\/api.w.org\/{rel}","templated":true}]}}