{"id":122928,"date":"2025-05-23T21:21:15","date_gmt":"2025-05-23T21:21:15","guid":{"rendered":"https:\/\/www.europesays.com\/fr\/122928\/"},"modified":"2025-05-23T21:21:15","modified_gmt":"2025-05-23T21:21:15","slug":"louane-raconte-une-sortie-scolaire-de-sa-fille-esmee-qui-a-mal-tourne","status":"publish","type":"post","link":"https:\/\/www.europesays.com\/fr\/122928\/","title":{"rendered":"Louane raconte une sortie scolaire de sa fille Esm\u00e9e qui a mal tourn\u00e9"},"content":{"rendered":"<p>Invit\u00e9e dans l&rsquo;\u00e9mission de Camille Combal sur NRJ ce vendredi 23 mai apr\u00e8s sa participation \u00e0 l&rsquo;Eurovision 2025, Louane a racont\u00e9 une sortie scolaire de sa fille Esm\u00e9e, cinq ans, qui a mal tourn\u00e9.<\/p>\n<p>L&rsquo;heure des vacances a sonn\u00e9 pour Louane. Apr\u00e8s<a href=\"https:\/\/www.programme-tv.net\/news\/musique\/377348-ca-ne-veut-rien-dire-louane-deconcertee-par-une-revelation-de-taille-concernant-sa-participation-a-l-eurovision-2025\/\" data-api-deeplink=\"teleloisirs:\/\/news\/377348\" rel=\"nofollow noopener\" target=\"_blank\"> sa participation \u00e0 l&rsquo;Eurovision 2025<\/a>, l&rsquo;interpr\u00e8te de maman va enfin s&rsquo;accorder une pause. La chanteuse de 28 ans a termin\u00e9 sa tourn\u00e9e des m\u00e9dias ce vendredi 23 mai avec Camille Combal sur NRJ. L&rsquo;occasion pour elle de revenir sur<a href=\"https:\/\/www.programme-tv.net\/news\/tv\/379147-j-avais-tellement-peur-de-venir-ici-louane-sort-du-silence-apres-sa-7e-place-a-l-eurovision-2025\/\" data-api-deeplink=\"teleloisirs:\/\/news\/379147\" rel=\"nofollow noopener\" target=\"_blank\"> sa 7e place au concours<\/a>, d&rsquo;\u00e9voquer<a href=\"https:\/\/www.programme-tv.net\/news\/musique\/377624-jen-ai-parle-avec-barbara-pravi-louane-evoque-lambiance-parfois-compliquee-a-leurovision-et-sa-facon-de-se-preserver\/\" data-api-deeplink=\"teleloisirs:\/\/news\/377624\" rel=\"nofollow noopener\" target=\"_blank\"> l&rsquo;ambiance dans les coulisses de l&rsquo;\u00e9v\u00e9nement, <\/a>mais aussi de se confier sur sa vie priv\u00e9e. Notamment sur <a href=\"https:\/\/www.programme-tv.net\/news\/people\/378608-elle-a-ca-dans-le-sang-esmee-la-fille-de-louane-et-florian-rossi-a-fait-sa-premiere-session-studio-a-seulement-2-ans\/\" data-api-deeplink=\"teleloisirs:\/\/news\/378608\" rel=\"nofollow noopener\" target=\"_blank\">sa vie de maman<\/a> depuis qu&rsquo;elle a donn\u00e9 naissance \u00e0 la petite Esm\u00e9e, il y a cinq ans. Une fillette pour qui Louane suit une organisation militaire quand elle est en tourn\u00e9e afin de ne rien manquer de la vie de son enfant. Elle participe m\u00eame aux sorties scolaires de sa fille !<\/p>\n<p>Louane raconte une sortie scolaire de sa fille qui a mal tourn\u00e9<\/p>\n<p>Dans l&rsquo;\u00e9mission Camille Combal sur NRJ, Louane a racont\u00e9 la sortie scolaire \u00e0 la ferme p\u00e9dagogique de sa fille \u00e0 laquelle elle a assist\u00e9. \u00ab\u00a0Je sais m&rsquo;occuper d&rsquo;un seul enfant en m\u00eame temps, on a essay\u00e9. J&rsquo;ai fait une sortie scolaire dans une ferme. Je devais g\u00e9rer trois enfants en m\u00eame temps et \u00e0 la fin, je me suis dit : &lsquo;C&rsquo;est bien que je ne sois pas ma\u00eetresse'\u00a0\u00bb, a-t-elle confi\u00e9 sur cette journ\u00e9e qui a mal tourn\u00e9. \u00ab\u00a0Il y a un des enfants, qui n&rsquo;\u00e9tait pas le mien, qui \u00e9tait tr\u00e8s enrhum\u00e9 et qui s&rsquo;est pris d&rsquo;un amour absolument profond pour moi et qui litt\u00e9ralement m&rsquo;a mis sa morve sur la joue toute la journ\u00e9e\u00a0\u00bb, a rapport\u00e9 la chanteuse avant d&rsquo;ajouter : \u00ab\u00a0Et qu&rsquo;est-ce que tu veux dire \u00e0 un enfant de quatre ans ? Donc j&rsquo;\u00e9tais ravie et \u00e9videmment, j&rsquo;\u00e9tais malade apr\u00e8s.\u00a0\u00bb Une situation famili\u00e8re pour Camille Combal&#8230; \u00ab\u00a0Ils sont en permanence malades\u00a0\u00bb, a plaisant\u00e9 l&rsquo;animateur, lui-m\u00eame <a href=\"https:\/\/www.programme-tv.net\/news\/people\/364115-il-faut-que-tu-dormes-pio-le-fils-de-camille-combal-s-invite-dans-son-emission-sur-nrj-video\/\" data-api-deeplink=\"teleloisirs:\/\/news\/364115\" rel=\"nofollow noopener\" target=\"_blank\">papa d&rsquo;un petit gar\u00e7on \u00e2g\u00e9 de 3 ans<\/a>.<\/p>\n<p>                        Ce moment o\u00f9 Louane a eu l&rsquo;impression de briser le c\u0153ur de sa fille Esm\u00e9e<\/p>\n<p>Si Louane encha\u00eene les tourn\u00e9es et les collaborations avec des artistes internationaux comme <a href=\"https:\/\/www.programme-tv.net\/biographie\/114965-jonas-joe\/\" data-link-people=\"a9ccce6e-78cf-416c-aa7f-b3e8be76b9be\" rel=\"nofollow noopener\" target=\"_blank\">Joe Jonas<\/a>, sa fille reste sa priorit\u00e9. \u00ab\u00a0C&rsquo;est \u00e7a le plus important parce que \u00e7a fait tellement plaisir \u00e0 ma fille\u00a0\u00bb, a-t-elle affirm\u00e9. \u00ab\u00a0L\u00e0, elle a une autre sortie scolaire la semaine prochaine. Elle m&rsquo;a dit : &lsquo;Maman tu vas nous accompagner ?&rsquo; Je lui ai dit non, j&rsquo;ai eu l&rsquo;impression de lui briser le c\u0153ur\u00a0\u00bb, a regrett\u00e9 la maman d&rsquo;Esm\u00e9e.<\/p>\n","protected":false},"excerpt":{"rendered":"Invit\u00e9e dans l&rsquo;\u00e9mission de Camille Combal sur NRJ ce vendredi 23 mai apr\u00e8s sa participation \u00e0 l&rsquo;Eurovision 2025,&hellip;\n","protected":false},"author":2,"featured_media":122929,"comment_status":"","ping_status":"","sticky":false,"template":"","format":"standard","meta":{"footnotes":""},"categories":[1355],"tags":[193,244,58,59,1011,27,14254,1361,873,9104],"class_list":{"0":"post-122928","1":"post","2":"type-post","3":"status-publish","4":"format-standard","5":"has-post-thumbnail","7":"category-musique","8":"tag-camille-combal","9":"tag-commentaire","10":"tag-divertissement","11":"tag-entertainment","12":"tag-fr","13":"tag-france","14":"tag-louane-emera","15":"tag-music","16":"tag-musique","17":"tag-nrj"},"share_on_mastodon":{"url":"https:\/\/pubeurope.com\/@fr\/114559246899451572","error":""},"_links":{"self":[{"href":"https:\/\/www.europesays.com\/fr\/wp-json\/wp\/v2\/posts\/122928","targetHints":{"allow":["GET"]}}],"collection":[{"href":"https:\/\/www.europesays.com\/fr\/wp-json\/wp\/v2\/posts"}],"about":[{"href":"https:\/\/www.europesays.com\/fr\/wp-json\/wp\/v2\/types\/post"}],"author":[{"embeddable":true,"href":"https:\/\/www.europesays.com\/fr\/wp-json\/wp\/v2\/users\/2"}],"replies":[{"embeddable":true,"href":"https:\/\/www.europesays.com\/fr\/wp-json\/wp\/v2\/comments?post=122928"}],"version-history":[{"count":0,"href":"https:\/\/www.europesays.com\/fr\/wp-json\/wp\/v2\/posts\/122928\/revisions"}],"wp:featuredmedia":[{"embeddable":true,"href":"https:\/\/www.europesays.com\/fr\/wp-json\/wp\/v2\/media\/122929"}],"wp:attachment":[{"href":"https:\/\/www.europesays.com\/fr\/wp-json\/wp\/v2\/media?parent=122928"}],"wp:term":[{"taxonomy":"category","embeddable":true,"href":"https:\/\/www.europesays.com\/fr\/wp-json\/wp\/v2\/categories?post=122928"},{"taxonomy":"post_tag","embeddable":true,"href":"https:\/\/www.europesays.com\/fr\/wp-json\/wp\/v2\/tags?post=122928"}],"curies":[{"name":"wp","href":"https:\/\/api.w.org\/{rel}","templated":true}]}}