{"id":12294,"date":"2025-04-09T09:41:17","date_gmt":"2025-04-09T09:41:17","guid":{"rendered":"https:\/\/www.europesays.com\/fr\/12294\/"},"modified":"2025-04-09T09:41:17","modified_gmt":"2025-04-09T09:41:17","slug":"une-menace-pour-leuroligue-et-un-risque-de-fragmentation-pour-le-basket-europeen","status":"publish","type":"post","link":"https:\/\/www.europesays.com\/fr\/12294\/","title":{"rendered":"\u00ab Une menace \u00bb pour l\u2019Euroligue et un risque de \u00ab fragmentation \u00bb pour le basket europ\u00e9en"},"content":{"rendered":"<p><strong>balle orange &#8211; Les rumeurs autour de la cr\u00e9ation d\u2019une ligue concurrente en Europe sous l\u2019impulsion de la NBA inqui\u00e8te l\u2019Euroligue. Celle-ci reste \u00ab\u00a0ouverte au dialogue\u00a0\u00bb<\/strong><\/p>\n<p>Adam Silver et la <a href=\"https:\/\/www.20minutes.fr\/sport\/nba\/\" rel=\"nofollow noopener\" target=\"_blank\" data-ylk=\"slk:NBA;elm:context_link;itc:0;sec:content-canvas\" class=\"link \">NBA<\/a> font peur aux pontes du basket europ\u00e9en. L\u2019Euroligue a qualifi\u00e9 mardi de \u00ab\u00a0menace\u00a0\u00bb pour le basketball continental <a href=\"https:\/\/www.20minutes.fr\/sport\/4145773-20250327-basket-moment-venu-passer-etape-suivante-nba-veut-lancer-ligue-europeenne\" rel=\"nofollow noopener\" target=\"_blank\" data-ylk=\"slk:le projet de la NBA d\u2019explorer la cr\u00e9ation d\u2019une ligue concurrente;elm:context_link;itc:0;sec:content-canvas\" class=\"link \">le projet de la NBA d\u2019explorer la cr\u00e9ation d\u2019une ligue concurrente<\/a> en Europe, en partenariat avec la F\u00e9d\u00e9ration internationale (Fiba), tout en soulignant \u00ab\u00a0son ouverture au dialogue\u00a0\u00bb.<\/p>\n<p>\u00ab\u00a0De tels projets risqueraient de fragmenter le sport et de cr\u00e9er la confusion\u00a0\u00bb a indiqu\u00e9 l\u2019ECA (Euroleague Commercial Assets), la soci\u00e9t\u00e9 priv\u00e9e qui organise la plus grande comp\u00e9tition europ\u00e9enne de basket, dans un communiqu\u00e9 au lendemain d\u2019une r\u00e9union de son comit\u00e9 directeur. La NBA a annonc\u00e9 le 27\u00a0mars qu\u2019elle souhaitait \u00ab\u00a0explorer\u00a0\u00bb la cr\u00e9ation d\u2019une Ligue en Europe en partenariat avec la Fiba, de qui les grands clubs europ\u00e9ens se sont s\u00e9par\u00e9s en\u00a02000 pour cr\u00e9er l\u2019Euroligue.<\/p>\n<p>Le basket europ\u00e9en satur\u00e9<\/p>\n<p>Un retour de b\u00e2ton deux d\u00e9cennies plus tard qui reste toutefois \u00e0 confirmer <a href=\"https:\/\/www.20minutes.fr\/sport\/basketball\/nba\/4145457-20250327-nba-histoire-artificielle-alors-ca-peut-donner-quoi-copie-europeenne-tuyaux\" rel=\"nofollow noopener\" target=\"_blank\" data-ylk=\"slk:dans un paysage europ\u00e9en d\u00e9j\u00e0 congestionn\u00e9;elm:context_link;itc:0;sec:content-canvas\" class=\"link \">dans un paysage europ\u00e9en d\u00e9j\u00e0 congestionn\u00e9<\/a>, entre Euroligue, Ligue des champions et Eurocup. A ce rythme, il va falloir ajouter des jours au calendrier pour tout caser.<\/p>\n<p><a href=\"https:\/\/www.20minutes.fr\/sport\/basketball\/nba\/4147533-20250408-nba-europe-menace-euroligue-risque-fragmentation-basket-europeen&quot;\" rel=\"nofollow noopener\" target=\"_blank\" data-ylk=\"slk:Lire la suite sur 20minutes;elm:context_link;itc:0;sec:content-canvas\" class=\"link \">Lire la suite sur 20minutes<\/a><\/p>\n<p>\u00c0 lire aussi :<br \/><a href=\"https:\/\/www.20minutes.fr\/sport\/4145773-20250327-basket-moment-venu-passer-etape-suivante-nba-veut-lancer-ligue-europeenne\" rel=\"nofollow noopener\" target=\"_blank\" data-ylk=\"slk:Basket\u00a0: \u00ab\u00a0Le moment est venu de passer \u00e0 l\u2019\u00e9tape suivante\u00a0\u00bb, la NBA veut lancer une ligue europ\u00e9enne \u00e0 16 clubs;elm:context_link;itc:0;sec:content-canvas\" class=\"link \">Basket\u00a0: \u00ab\u00a0Le moment est venu de passer \u00e0 l\u2019\u00e9tape suivante\u00a0\u00bb, la NBA veut lancer une ligue europ\u00e9enne \u00e0 16 clubs<\/a><br \/><a href=\"https:\/\/www.20minutes.fr\/sport\/basketball\/nba\/4145457-20250327-nba-histoire-artificielle-alors-ca-peut-donner-quoi-copie-europeenne-tuyaux\" rel=\"nofollow noopener\" target=\"_blank\" data-ylk=\"slk:NBA : \u00ab\u00a0Une histoire artificielle\u00a0\u00bb\u2026 Alors, \u00e7a peut donner quoi cette copie europ\u00e9enne qui est dans les tuyaux\u00a0?;elm:context_link;itc:0;sec:content-canvas\" class=\"link \">NBA : \u00ab\u00a0Une histoire artificielle\u00a0\u00bb\u2026 Alors, \u00e7a peut donner quoi cette copie europ\u00e9enne qui est dans les tuyaux\u00a0?<\/a><\/p>\n","protected":false},"excerpt":{"rendered":"balle orange &#8211; Les rumeurs autour de la cr\u00e9ation d\u2019une ligue concurrente en Europe sous l\u2019impulsion de la&hellip;\n","protected":false},"author":2,"featured_media":12295,"comment_status":"","ping_status":"","sticky":false,"template":"","format":"standard","meta":{"footnotes":""},"categories":[1586],"tags":[11,1777,2183,674,5694,1011,27,447,2182,12,25],"class_list":{"0":"post-12294","1":"post","2":"type-post","3":"status-publish","4":"format-standard","5":"has-post-thumbnail","7":"category-europe","8":"tag-actualites","9":"tag-eu","10":"tag-euroligue","11":"tag-europe","12":"tag-fiba","13":"tag-fr","14":"tag-france","15":"tag-ligue-des-champions","16":"tag-nba","17":"tag-news","18":"tag-republique-francaise"},"share_on_mastodon":{"url":"https:\/\/pubeurope.com\/@fr\/114307352934642089","error":""},"_links":{"self":[{"href":"https:\/\/www.europesays.com\/fr\/wp-json\/wp\/v2\/posts\/12294","targetHints":{"allow":["GET"]}}],"collection":[{"href":"https:\/\/www.europesays.com\/fr\/wp-json\/wp\/v2\/posts"}],"about":[{"href":"https:\/\/www.europesays.com\/fr\/wp-json\/wp\/v2\/types\/post"}],"author":[{"embeddable":true,"href":"https:\/\/www.europesays.com\/fr\/wp-json\/wp\/v2\/users\/2"}],"replies":[{"embeddable":true,"href":"https:\/\/www.europesays.com\/fr\/wp-json\/wp\/v2\/comments?post=12294"}],"version-history":[{"count":0,"href":"https:\/\/www.europesays.com\/fr\/wp-json\/wp\/v2\/posts\/12294\/revisions"}],"wp:featuredmedia":[{"embeddable":true,"href":"https:\/\/www.europesays.com\/fr\/wp-json\/wp\/v2\/media\/12295"}],"wp:attachment":[{"href":"https:\/\/www.europesays.com\/fr\/wp-json\/wp\/v2\/media?parent=12294"}],"wp:term":[{"taxonomy":"category","embeddable":true,"href":"https:\/\/www.europesays.com\/fr\/wp-json\/wp\/v2\/categories?post=12294"},{"taxonomy":"post_tag","embeddable":true,"href":"https:\/\/www.europesays.com\/fr\/wp-json\/wp\/v2\/tags?post=12294"}],"curies":[{"name":"wp","href":"https:\/\/api.w.org\/{rel}","templated":true}]}}