{"id":122940,"date":"2025-05-23T21:27:10","date_gmt":"2025-05-23T21:27:10","guid":{"rendered":"https:\/\/www.europesays.com\/fr\/122940\/"},"modified":"2025-05-23T21:27:10","modified_gmt":"2025-05-23T21:27:10","slug":"trump-menace-lue-de-droits-de-douane-de-50-et-fait-pression-sur-apple-23-05-2025-a-2138","status":"publish","type":"post","link":"https:\/\/www.europesays.com\/fr\/122940\/","title":{"rendered":"Trump menace l&rsquo;UE de droits de douane de 50% et fait pression sur Apple &#8211; 23\/05\/2025 \u00e0 21:38"},"content":{"rendered":"<p>        <img fetchpriority=\"high\" decoding=\"async\" src=\"https:\/\/www.europesays.com\/fr\/wp-content\/uploads\/2025\/05\/fd4bddf69a54be9f7372540e0fa7198a-760x507.jpg\" alt=\"Le pr\u00e9sident am\u00e9ricain Donald Trump\" loading=\"eager\" width=\"760\" height=\"507\" style=\"max-width: 100%!important; height: auto;\"\/><\/p>\n<p class=\"c-image-news__legend\">Le pr\u00e9sident am\u00e9ricain Donald Trump<\/p>\n<p>\n par Philip Blenkinsop, David Lawder et Stephanie van den Berg\n<\/p>\n<p>\n Le pr\u00e9sident am\u00e9ricain Donald Trump a brandi vendredi de nouvelles menaces sur les droits de douane en ciblant l&rsquo;Union europ\u00e9enne, vis\u00e9e par une surtaxe de 50% sur ses produits export\u00e9s aux Etats-Unis \u00e0 compter du 1er juin, et sur Apple et ses iPhone fabriqu\u00e9s \u00e0 l&rsquo;\u00e9tranger.\n<\/p>\n<p>\n Dans un message sur son r\u00e9seau Truth Social, le chef de la Maison blanche a d\u00e9plor\u00e9 que les n\u00e9gociations commerciales soient \u00ab\u00a0tr\u00e8s difficiles\u00a0\u00bb avec les Europ\u00e9ens.\n<\/p>\n<p>\n \u00ab\u00a0Nos discussions avec eux ne vont nulle part\u00a0\u00bb, a-t-il dit, en r\u00e9affirmant que l&rsquo;Union europ\u00e9enne a \u00e9t\u00e9 fond\u00e9e essentiellement pour \u00ab\u00a0profiter\u00a0\u00bb des Etats-Unis.\n<\/p>\n<p>\n \u00ab\u00a0Par cons\u00e9quent, je recommande des droits de douane directs de 50% sur l&rsquo;Union europ\u00e9enne \u00e0 compter du 1er juin 2025. Il n&rsquo;y aura pas de droit de douane si le produit est construit ou fabriqu\u00e9 aux Etats-Unis\u00a0\u00bb, a-t-il ajout\u00e9.\n<\/p>\n<p>\n La Commission europ\u00e9enne n&rsquo;a pas souhait\u00e9 faire de commentaire dans l&rsquo;attente d&rsquo;un entretien t\u00e9l\u00e9phonique pr\u00e9vu dans la journ\u00e9e entre le commissaire europ\u00e9en au Commerce, Maros Sefcovic, et son homologue am\u00e9ricain Jamieson Greer.\n<\/p>\n<p>\n Le ministre polonais du Commerce, Michal Baranowski, dont le pays occupe actuellement la pr\u00e9sidence tournante du Conseil de l&rsquo;UE, a minimis\u00e9 la menace en la repla\u00e7ant dans le contexte des n\u00e9gociations en cours.\n<\/p>\n<p>\n \u00ab\u00a0Certains n\u00e9gocient \u00e0 huis clos, d&rsquo;autres davantage devant les cam\u00e9ras\u00a0\u00bb, a-t-il dit \u00e0 des journalistes. \u00ab\u00a0Le fait que d&rsquo;importantes d\u00e9clarations tombent dans le domaine public ne signifie pas qu&rsquo;elles se traduiront en actes.\u00a0\u00bb\n<\/p>\n<p>\n \u00ab\u00a0Nous avons jusqu&rsquo;\u00e0 d\u00e9but juillet pour mener ces n\u00e9gociations et \u00e0 ma connaissance, ces n\u00e9gociations avancent\u00a0\u00bb, a-t-il poursuivi, pr\u00e9cisant que Maros Sefcovic et Jamieson Greer devaient se rencontrer \u00e0 Paris d\u00e9but juin.\n<\/p>\n<p>\n LES MARCH\u00c9S EN RECUL\n<\/p>\n<p>\n L&rsquo;UE est actuellement soumise \u00e0 des droits de douane am\u00e9ricains de 25% sur l&rsquo;acier, l&rsquo;aluminium et les voitures, ainsi qu&rsquo;\u00e0 des droits de douane \u00ab\u00a0r\u00e9ciproques\u00a0\u00bb de 10% sur la quasi-totalit\u00e9 des autres produits, droits qui pourraient atteindre 20% \u00e0 l&rsquo;expiration du d\u00e9lai de 90 jours, le 8 juillet.\n<\/p>\n<p>\n La Commission europ\u00e9enne a r\u00e9p\u00e9t\u00e9 \u00e0 plusieurs reprises qu&rsquo;elle privil\u00e9giait une solution n\u00e9goci\u00e9e, mais qu&rsquo;une riposte devait \u00eatre pr\u00eate d&rsquo;ici juillet en cas d&rsquo;\u00e9chec des pourparlers.\n<\/p>\n<p>\n S&rsquo;exprimant par la suite dans le Bureau ovale, Donald Trump a dit qu&rsquo;il \u00ab\u00a0ne \u00ab\u00a0cherch(ait) pas un accord\u00a0\u00bb avec l&rsquo;UE, en r\u00e9ponse \u00e0 une question sur l&rsquo;hypoth\u00e8se d&rsquo;un compromis avant le 1er juin.\n<\/p>\n<p>\n Les march\u00e9s boursiers ont plong\u00e9 dans la foul\u00e9e des d\u00e9clarations du pr\u00e9sident am\u00e9ricain avec le retour du risque de guerre commerciale. Les actions du secteur du luxe (LVMH, Herm\u00e8s, Kering) ont souffert \u00e0 Paris, ainsi que les constructeurs automobiles en Allemagne.\n<\/p>\n<p>\n \u00ab\u00a0Il y a longtemps que j&rsquo;ai inform\u00e9 Tim Cook d&rsquo;Apple que je m&rsquo;attendais \u00e0 ce que les iPhone qui seront vendus aux Etats-Unis d&rsquo;Am\u00e9rique soient fabriqu\u00e9s et construits aux Etats-Unis, et non en Inde ou ailleurs\u00a0\u00bb, a aussi \u00e9crit Donald Trump sur Truth Social.\n<\/p>\n<p>\n \u00ab\u00a0Si ce n&rsquo;est pas le cas, Apple devra payer des droits de douane d&rsquo;au moins 25% aux Etats-Unis\u00a0\u00bb, a-t-il ajout\u00e9.\n<\/p>\n<p>\n Il a par la suite pr\u00e9cis\u00e9 que sa menace concernait tous les fabricants de smartphones, y compris le sud-cor\u00e9en Samsung.\n<\/p>\n<p>\n La politique tarifaire agressive de Donald Trump avait d\u00e9j\u00e0 provoqu\u00e9 une vente massive d&rsquo;actifs am\u00e9ricains d\u00e9but avril, lorsque le pr\u00e9sident am\u00e9ricain avait annonc\u00e9 des droits de douane \u00ab\u00a0r\u00e9ciproques\u00a0\u00bb exorbitants contre la plupart des pays du monde.\n<\/p>\n<p>\n Le chef de la Maison blanche avait alors \u00e9t\u00e9 contraint de reculer en annon\u00e7ant une suspension de l&rsquo;essentiel de ces surtaxes pendant une p\u00e9riode de 90 jours, afin de laisser place \u00e0 la n\u00e9gociation, ce qui a permis \u00e0 Wall Street d&rsquo;effacer ses pertes, m\u00eame si peu de discussions ont abouti jusqu&rsquo;\u00e0 pr\u00e9sent.\n<\/p>\n<p>\n (Akash Sriram, avec Brendan O&rsquo;Brien et Jan Strupczewski, version fran\u00e7aise Nicolas Delame, Sophie Louet et Jean-St\u00e9phane Brosse, \u00e9dit\u00e9 par Blandine H\u00e9nault)<\/p>\n","protected":false},"excerpt":{"rendered":"Le pr\u00e9sident am\u00e9ricain Donald Trump par Philip Blenkinsop, David Lawder et Stephanie van den Berg Le pr\u00e9sident am\u00e9ricain&hellip;\n","protected":false},"author":2,"featured_media":122941,"comment_status":"","ping_status":"","sticky":false,"template":"","format":"standard","meta":{"footnotes":""},"categories":[6],"tags":[400,398,408,35,405,33,34,1011,27,403,402,399,404,401,406,407],"class_list":{"0":"post-122940","1":"post","2":"type-post","3":"status-publish","4":"format-standard","5":"has-post-thumbnail","7":"category-economie","8":"tag-action-cac-40","9":"tag-bourse-de-paris","10":"tag-boursorama","11":"tag-business","12":"tag-cotations","13":"tag-economie","14":"tag-economy","15":"tag-fr","16":"tag-france","17":"tag-indices-devises","18":"tag-investir","19":"tag-investissement","20":"tag-marche-boursier","21":"tag-sicav","22":"tag-trackers","23":"tag-warrants"},"share_on_mastodon":{"url":"https:\/\/pubeurope.com\/@fr\/114559270657128512","error":""},"_links":{"self":[{"href":"https:\/\/www.europesays.com\/fr\/wp-json\/wp\/v2\/posts\/122940","targetHints":{"allow":["GET"]}}],"collection":[{"href":"https:\/\/www.europesays.com\/fr\/wp-json\/wp\/v2\/posts"}],"about":[{"href":"https:\/\/www.europesays.com\/fr\/wp-json\/wp\/v2\/types\/post"}],"author":[{"embeddable":true,"href":"https:\/\/www.europesays.com\/fr\/wp-json\/wp\/v2\/users\/2"}],"replies":[{"embeddable":true,"href":"https:\/\/www.europesays.com\/fr\/wp-json\/wp\/v2\/comments?post=122940"}],"version-history":[{"count":0,"href":"https:\/\/www.europesays.com\/fr\/wp-json\/wp\/v2\/posts\/122940\/revisions"}],"wp:featuredmedia":[{"embeddable":true,"href":"https:\/\/www.europesays.com\/fr\/wp-json\/wp\/v2\/media\/122941"}],"wp:attachment":[{"href":"https:\/\/www.europesays.com\/fr\/wp-json\/wp\/v2\/media?parent=122940"}],"wp:term":[{"taxonomy":"category","embeddable":true,"href":"https:\/\/www.europesays.com\/fr\/wp-json\/wp\/v2\/categories?post=122940"},{"taxonomy":"post_tag","embeddable":true,"href":"https:\/\/www.europesays.com\/fr\/wp-json\/wp\/v2\/tags?post=122940"}],"curies":[{"name":"wp","href":"https:\/\/api.w.org\/{rel}","templated":true}]}}