{"id":122942,"date":"2025-05-23T21:28:09","date_gmt":"2025-05-23T21:28:09","guid":{"rendered":"https:\/\/www.europesays.com\/fr\/122942\/"},"modified":"2025-05-23T21:28:09","modified_gmt":"2025-05-23T21:28:09","slug":"le-celebre-batteur-mort-dans-le-crash-de-san-diego-avait-echappe-a-une-tuerie-de-masse","status":"publish","type":"post","link":"https:\/\/www.europesays.com\/fr\/122942\/","title":{"rendered":"Le c\u00e9l\u00e8bre batteur mort dans le crash de San Diego avait \u00e9chapp\u00e9 \u00e0 une tuerie de masse"},"content":{"rendered":"<p>Il avait \u00e9chapp\u00e9 \u00e0 une <a href=\"https:\/\/www.20minutes.fr\/dossier\/tuerie\" target=\"_blank\" class=\"color-ultramarine c-link\" rel=\"noopener\">tuerie de masse<\/a> en\u00a02019. Daniel Williams, ex-batteur du groupe The Devil Wears Prada, fait partie des quatre victimes du <a href=\"https:\/\/www.20minutes.fr\/dossier\/accident_d_avion\" target=\"_blank\" class=\"color-ultramarine c-link\" rel=\"noopener\">crash d\u2019un avion<\/a> priv\u00e9 survenu dans la nuit de jeudi \u00e0 vendredi \u00e0 <a href=\"https:\/\/www.20minutes.fr\/dossier\/san-diego\" target=\"_blank\" class=\"color-ultramarine c-link\" rel=\"noopener\">San Diego<\/a> (Californie). L\u2019appareil s\u2019est \u00e9cras\u00e9 dans un quartier r\u00e9sidentiel abritant des familles de militaires, sans faire de bless\u00e9s au sol, comme le rapporte <a href=\"https:\/\/www.lindependant.fr\/2025\/05\/23\/crash-a-san-diego-un-celebre-batteur-qui-avait-echappe-a-une-mort-horrible-en-2019-et-une-figure-de-lindustrie-musicale-parmi-les-victimes-12715926.php\" rel=\"nofollow noopener\" target=\"_blank\" class=\"color-ultramarine c-link\">L\u2019Ind\u00e9pendant<\/a>.<\/p>\n<p>Le Cessna 550 avait d\u00e9coll\u00e9 la veille de Teterboro, dans le New Jersey, avant de faire escale \u00e0 Wichita puis de reprendre son vol vers la <a href=\"https:\/\/www.20minutes.fr\/dossier\/californie\" target=\"_blank\" class=\"color-ultramarine c-link\" rel=\"noopener\">Californie<\/a>. Il s\u2019est ab\u00eem\u00e9 \u00e0 3h45 du matin \u00e0 proximit\u00e9 de l\u2019a\u00e9roport Montgomery-Gibbs dans des conditions <a href=\"https:\/\/www.20minutes.fr\/dossier\/meteo\" target=\"_blank\" class=\"color-ultramarine c-link\" rel=\"noopener\">m\u00e9t\u00e9o<\/a> brumeuses, selon les premi\u00e8res donn\u00e9es de la FAA. Plusieurs v\u00e9hicules stationn\u00e9s ont \u00e9t\u00e9 endommag\u00e9s et dix b\u00e2timents touch\u00e9s par des d\u00e9bris, mais aucune victime civile n\u2019est \u00e0 d\u00e9plorer.<\/p>\n<\/p>\n<p>Le producteur David Shapiro parmi les victimes<\/p>\n<p>Outre Daniel Williams, \u00e2g\u00e9 de 39 ans, trois autres personnes ont p\u00e9ri dans l\u2019accident, tous membres ou collaborateurs de l\u2019agence Sound Talent Group, dont son cofondateur, Dave Shapiro, 42 ans. Ce dernier \u00e9tait un agent influent de la sc\u00e8ne rock et metal am\u00e9ricaine, ayant contribu\u00e9 \u00e0 la carri\u00e8re de groupes tels que Parkway Drive, Lamb Of God, Beartooth ou encore Sum 41, selon <a href=\"https:\/\/people.com\/former-devil-wears-prada-drummer-and-music-agent-killed-private-plane-crashed-san-diego-neighborhood-11740582\" rel=\"nofollow noopener\" target=\"_blank\" class=\"color-ultramarine c-link\">People.com<\/a>. La soci\u00e9t\u00e9 a exprim\u00e9 son chagrin dans un communiqu\u00e9\u00a0: \u00ab\u00a0Nous sommes d\u00e9vast\u00e9s par la perte de notre cofondateur, coll\u00e8gues et amis.\u00a0\u00bb<\/p>\n<p><a href=\"https:\/\/www.20minutes.fr\/dossier\/accident_d_avion\" target=\"_blank\" class=\"c-link c-btn c-btn--primary\" rel=\"noopener\">Notre dossier sur les accidents d&rsquo;avion<\/a><\/p>\n<p>Daniel Williams n\u2019\u00e9tait pas seulement connu pour ses performances sc\u00e9niques. En\u00a02019, il avait surv\u00e9cu \u00e0 la tuerie de Dayton (<a href=\"https:\/\/www.20minutes.fr\/dossier\/ohio\" target=\"_blank\" class=\"color-ultramarine c-link\" rel=\"noopener\">Ohio<\/a>), sa ville natale. Ce 4 ao\u00fbt-l\u00e0, un homme arm\u00e9 avait ouvert le feu devant le bar Ned Peppers, tuant neuf personnes et en blessant 27. Le musicien, pr\u00e9sent dans l\u2019\u00e9tablissement, avait t\u00e9moign\u00e9 dans les m\u00e9dias de l\u2019horreur v\u00e9cue. Cette trag\u00e9die l\u2019avait profond\u00e9ment marqu\u00e9.<\/p>\n","protected":false},"excerpt":{"rendered":"Il avait \u00e9chapp\u00e9 \u00e0 une tuerie de masse en\u00a02019. Daniel Williams, ex-batteur du groupe The Devil Wears Prada,&hellip;\n","protected":false},"author":2,"featured_media":122943,"comment_status":"","ping_status":"","sticky":false,"template":"","format":"standard","meta":{"footnotes":""},"categories":[5],"tags":[10996,47,11,37,2139,3983,73,1011,27,14,74,873,12,24534,28],"class_list":{"0":"post-122942","1":"post","2":"type-post","3":"status-publish","4":"format-standard","5":"has-post-thumbnail","7":"category-international","8":"tag-accident-davion","9":"tag-actualite","10":"tag-actualites","11":"tag-avion","12":"tag-californie","13":"tag-deces","14":"tag-etats-unis","15":"tag-fr","16":"tag-france","17":"tag-international","18":"tag-monde","19":"tag-musique","20":"tag-news","21":"tag-san-diego","22":"tag-world"},"share_on_mastodon":{"url":"https:\/\/pubeurope.com\/@fr\/114559274396005788","error":""},"_links":{"self":[{"href":"https:\/\/www.europesays.com\/fr\/wp-json\/wp\/v2\/posts\/122942","targetHints":{"allow":["GET"]}}],"collection":[{"href":"https:\/\/www.europesays.com\/fr\/wp-json\/wp\/v2\/posts"}],"about":[{"href":"https:\/\/www.europesays.com\/fr\/wp-json\/wp\/v2\/types\/post"}],"author":[{"embeddable":true,"href":"https:\/\/www.europesays.com\/fr\/wp-json\/wp\/v2\/users\/2"}],"replies":[{"embeddable":true,"href":"https:\/\/www.europesays.com\/fr\/wp-json\/wp\/v2\/comments?post=122942"}],"version-history":[{"count":0,"href":"https:\/\/www.europesays.com\/fr\/wp-json\/wp\/v2\/posts\/122942\/revisions"}],"wp:featuredmedia":[{"embeddable":true,"href":"https:\/\/www.europesays.com\/fr\/wp-json\/wp\/v2\/media\/122943"}],"wp:attachment":[{"href":"https:\/\/www.europesays.com\/fr\/wp-json\/wp\/v2\/media?parent=122942"}],"wp:term":[{"taxonomy":"category","embeddable":true,"href":"https:\/\/www.europesays.com\/fr\/wp-json\/wp\/v2\/categories?post=122942"},{"taxonomy":"post_tag","embeddable":true,"href":"https:\/\/www.europesays.com\/fr\/wp-json\/wp\/v2\/tags?post=122942"}],"curies":[{"name":"wp","href":"https:\/\/api.w.org\/{rel}","templated":true}]}}