{"id":122948,"date":"2025-05-23T21:31:14","date_gmt":"2025-05-23T21:31:14","guid":{"rendered":"https:\/\/www.europesays.com\/fr\/122948\/"},"modified":"2025-05-23T21:31:14","modified_gmt":"2025-05-23T21:31:14","slug":"saint-priest-en-jarez-place-nette-pour-de-futurs-immeubles","status":"publish","type":"post","link":"https:\/\/www.europesays.com\/fr\/122948\/","title":{"rendered":"Saint-Priest-en-Jarez. Place nette pour de futurs immeubles"},"content":{"rendered":"<p>Le centre bourg de Saint-Priest-en-Jarez pr\u00e9sentera bient\u00f4t un tout nouveau visage. Les travaux de d\u00e9molition des vieux b\u00e2timents se terminent. La derni\u00e8re \u00e9tape est la disparition de la salle de l\u2019Atelier contigu\u00eb \u00e0 la mairie. Depuis le d\u00e9part \u00e0 la Bargette des services techniques de la commune, qui l\u2019occupaient autrefois, ce local \u00e9tait utilis\u00e9 comme salle de r\u00e9union par les associations. L\u2019espace est d\u00e9sormais d\u00e9gag\u00e9 pour la construction future de logements de qualit\u00e9.<\/p>\n","protected":false},"excerpt":{"rendered":"Le centre bourg de Saint-Priest-en-Jarez pr\u00e9sentera bient\u00f4t un tout nouveau visage. Les travaux de d\u00e9molition des vieux b\u00e2timents&hellip;\n","protected":false},"author":2,"featured_media":122949,"comment_status":"","ping_status":"","sticky":false,"template":"","format":"standard","meta":{"footnotes":""},"categories":[9653],"tags":[1111,11,2430,33,7539,1777,674,1011,27,1116,12,25,4001,9664,15696],"class_list":{"0":"post-122948","1":"post","2":"type-post","3":"status-publish","4":"format-standard","5":"has-post-thumbnail","7":"category-saint-etienne","8":"tag-actu","9":"tag-actualites","10":"tag-auvergne-rhone-alpes","11":"tag-economie","12":"tag-edition-loire-sud","13":"tag-eu","14":"tag-europe","15":"tag-fr","16":"tag-france","17":"tag-immobilier","18":"tag-news","19":"tag-republique-francaise","20":"tag-saint-etienne","21":"tag-saint-etienne-bassin","22":"tag-saint-priest-en-jarez"},"share_on_mastodon":{"url":"https:\/\/pubeurope.com\/@fr\/114559286289291177","error":""},"_links":{"self":[{"href":"https:\/\/www.europesays.com\/fr\/wp-json\/wp\/v2\/posts\/122948","targetHints":{"allow":["GET"]}}],"collection":[{"href":"https:\/\/www.europesays.com\/fr\/wp-json\/wp\/v2\/posts"}],"about":[{"href":"https:\/\/www.europesays.com\/fr\/wp-json\/wp\/v2\/types\/post"}],"author":[{"embeddable":true,"href":"https:\/\/www.europesays.com\/fr\/wp-json\/wp\/v2\/users\/2"}],"replies":[{"embeddable":true,"href":"https:\/\/www.europesays.com\/fr\/wp-json\/wp\/v2\/comments?post=122948"}],"version-history":[{"count":0,"href":"https:\/\/www.europesays.com\/fr\/wp-json\/wp\/v2\/posts\/122948\/revisions"}],"wp:featuredmedia":[{"embeddable":true,"href":"https:\/\/www.europesays.com\/fr\/wp-json\/wp\/v2\/media\/122949"}],"wp:attachment":[{"href":"https:\/\/www.europesays.com\/fr\/wp-json\/wp\/v2\/media?parent=122948"}],"wp:term":[{"taxonomy":"category","embeddable":true,"href":"https:\/\/www.europesays.com\/fr\/wp-json\/wp\/v2\/categories?post=122948"},{"taxonomy":"post_tag","embeddable":true,"href":"https:\/\/www.europesays.com\/fr\/wp-json\/wp\/v2\/tags?post=122948"}],"curies":[{"name":"wp","href":"https:\/\/api.w.org\/{rel}","templated":true}]}}