{"id":122952,"date":"2025-05-23T21:33:09","date_gmt":"2025-05-23T21:33:09","guid":{"rendered":"https:\/\/www.europesays.com\/fr\/122952\/"},"modified":"2025-05-23T21:33:09","modified_gmt":"2025-05-23T21:33:09","slug":"ludwig-von-88-les-enfants-terribles-du-punk-enflamment-la-scene-de-lautre-canal","status":"publish","type":"post","link":"https:\/\/www.europesays.com\/fr\/122952\/","title":{"rendered":"Ludwig von 88, les enfants terribles du punk enflamment la sc\u00e8ne de L&rsquo;Autre Canal"},"content":{"rendered":"<p>Retour fracassant, ce vendredi soir, \u00e0 L\u2019Autre Canal, des enfants terribles de Ludwig von 88\u00a0! Papes du \u00ab\u00a0punk approximatif\u00a0\u00bb depuis 40 ans, le groupe a vu grandir son public. Les quinquas nostalgiques de leurs ann\u00e9es d\u2019adolescence n\u2019ont rien perdu de leur amour pour un furieux Louison Bobet mis \u00e0 la sauce Ludwig\u00a0! \u00ab\u00a0Jean-Pierre Ramone\u00a0\u00bb encore et quand Chuck Norris est toujours dans la prairie\u2026 Non loin de \u00ab\u00a0Oui-Oui et la Voiture jaune\u00a0\u00bb, au pied de son \u00ab\u00a0HLM\u00a0\u00bb\u2026 A \u00ab\u00a0Bilbao\u00a0\u00bb\u00a0! Les morceaux de bravoures se sont encha\u00een\u00e9s dans ce voyage \u00e0 travers le temps. Un espace temporel dans lequel le public a retrouv\u00e9 William Kramps, Pocahontas, Tchang, S\u00e9bastien le furieux, les iroquois aux cheveux verts\u2026 Soit \u00ab\u00a030 Millions d\u2019amis\u00a0\u00bb r\u00e9unis le temps d\u2019un concert ponctu\u00e9 du cri de guerre de Ludwig von 88\u00a0: \u00ab\u00a0Houla la\u00a0!\u00a0\u00bb<\/p>\n","protected":false},"excerpt":{"rendered":"Retour fracassant, ce vendredi soir, \u00e0 L\u2019Autre Canal, des enfants terribles de Ludwig von 88\u00a0! Papes du \u00ab\u00a0punk&hellip;\n","protected":false},"author":2,"featured_media":122953,"comment_status":"","ping_status":"","sticky":false,"template":"","format":"standard","meta":{"footnotes":""},"categories":[9635],"tags":[1111,11,1704,1777,674,107,1011,27,2798,775,1702,12,25,3140],"class_list":{"0":"post-122952","1":"post","2":"type-post","3":"status-publish","4":"format-standard","5":"has-post-thumbnail","7":"category-nancy","8":"tag-actu","9":"tag-actualites","10":"tag-edition-nancy-et-agglomeration","11":"tag-eu","12":"tag-europe","13":"tag-fil-info","14":"tag-fr","15":"tag-france","16":"tag-galerie-photo","17":"tag-grand-est","18":"tag-nancy","19":"tag-news","20":"tag-republique-francaise","21":"tag-spectacle"},"share_on_mastodon":{"url":"https:\/\/pubeurope.com\/@fr\/114559294103354700","error":""},"_links":{"self":[{"href":"https:\/\/www.europesays.com\/fr\/wp-json\/wp\/v2\/posts\/122952","targetHints":{"allow":["GET"]}}],"collection":[{"href":"https:\/\/www.europesays.com\/fr\/wp-json\/wp\/v2\/posts"}],"about":[{"href":"https:\/\/www.europesays.com\/fr\/wp-json\/wp\/v2\/types\/post"}],"author":[{"embeddable":true,"href":"https:\/\/www.europesays.com\/fr\/wp-json\/wp\/v2\/users\/2"}],"replies":[{"embeddable":true,"href":"https:\/\/www.europesays.com\/fr\/wp-json\/wp\/v2\/comments?post=122952"}],"version-history":[{"count":0,"href":"https:\/\/www.europesays.com\/fr\/wp-json\/wp\/v2\/posts\/122952\/revisions"}],"wp:featuredmedia":[{"embeddable":true,"href":"https:\/\/www.europesays.com\/fr\/wp-json\/wp\/v2\/media\/122953"}],"wp:attachment":[{"href":"https:\/\/www.europesays.com\/fr\/wp-json\/wp\/v2\/media?parent=122952"}],"wp:term":[{"taxonomy":"category","embeddable":true,"href":"https:\/\/www.europesays.com\/fr\/wp-json\/wp\/v2\/categories?post=122952"},{"taxonomy":"post_tag","embeddable":true,"href":"https:\/\/www.europesays.com\/fr\/wp-json\/wp\/v2\/tags?post=122952"}],"curies":[{"name":"wp","href":"https:\/\/api.w.org\/{rel}","templated":true}]}}