{"id":122958,"date":"2025-05-23T21:36:12","date_gmt":"2025-05-23T21:36:12","guid":{"rendered":"https:\/\/www.europesays.com\/fr\/122958\/"},"modified":"2025-05-23T21:36:12","modified_gmt":"2025-05-23T21:36:12","slug":"beaucoup-a-faire-ici-mais-beaucoup-denergies-la-ministre-juliette-meadel-en-visite-a-toulon-2","status":"publish","type":"post","link":"https:\/\/www.europesays.com\/fr\/122958\/","title":{"rendered":"\u00ab\u00a0Beaucoup \u00e0 faire ici, mais beaucoup d\u2019\u00e9nergies\u00a0\u00bb: la ministre Juliette M\u00e9adel en visite \u00e0 Toulon"},"content":{"rendered":"<p>D\u00e9ambulation au pas de charge, vendredi matin, pour Juliette M\u00e9adel, ministre d\u00e9l\u00e9gu\u00e9e charg\u00e9e de la Ville, qui a rencontr\u00e9, tour \u00e0 tour, repr\u00e9sentants d\u2019associations, d\u2019institutions et d\u2019un club de boxe tr\u00e8s appr\u00e9ci\u00e9! Elle \u00e9tait accompagn\u00e9e d\u2019\u00e9lus de Toulon et du Var: la maire, Jos\u00e9e Massi, Michel Bonnus, s\u00e9nateur du d\u00e9partement, Laure Lavalette, d\u00e9put\u00e9e, et Mohamed Mahali, directeur de Toulon-Habitat.<\/p>\n<p>De l\u2019habitat, il en a justement \u00e9t\u00e9 question. La ministre a visit\u00e9 le quartier, s\u2019arr\u00eatant au si\u00e8ge de diverses associations dont Amiti\u00e9s Cit\u00e9, cible de vandalisme il y a quelques mois: \u00ab\u00a0Notre vitrine a \u00e9t\u00e9 attaqu\u00e9e pendant l\u2019hiver et nous avons \u00e9t\u00e9 vandalis\u00e9s \u00e0 deux reprises. Malgr\u00e9 tout, on r\u00e9siste. On est toujours l\u00e0 et on accueille les familles toute l\u2019ann\u00e9e\u00a0\u00bb, a expliqu\u00e9 la directrice, Christelle Lecart.<\/p>\n<p>\u00ab\u00a0On y est, on y reste!\u00a0\u00bb<\/p>\n<p>Ici, 75 familles de La Beaucaire sont re\u00e7ues chaque semaine. \u00ab\u00a0Notre \u00e9picerie solidaire aide ceux en proie \u00e0 des difficult\u00e9s ponctuelles. Ils suivent un parcours d\u2019un an avec nous et b\u00e9n\u00e9ficient de denr\u00e9es vendues entre 10% et 30% du prix public\u00a0\u00bb, a-t-elle expliqu\u00e9 \u00e0 la ministre. L\u00e9gumes frais, conserves, produits frais mais aussi v\u00eatements, jouets et mat\u00e9riel pour b\u00e9b\u00e9s sont disponibles au bas des immeubles. Une vingtaine de volontaires servent les familles, avec le sourire, et un engouement que les attaques \u00e0 r\u00e9p\u00e9tition n\u2019ont pas entam\u00e9. \u00ab\u00a0On y est, on y reste!\u00a0\u00bb<\/p>\n<p>\u00ab\u00a0C\u2019est formidable ce que vous faites!\u00a0\u00bb, s\u2019est exclam\u00e9e Juliette M\u00e9adel. \u00a0\u00bb Ici, il y a beaucoup \u00e0 faire, mais il y a beaucoup d\u2019\u00e9nergies. Je suis l\u00e0 pour encourager les initiatives et votre \u00e9picerie solidaire en est une. Je vois aussi des enfants de La Beaucaire qui ont fait une fresque, d\u2019autres qui cr\u00e9ent des jardins potagers, d\u2019autres encore repeignent les bancs en couleurs. C\u2019est tout \u00e7a qui fait reculer la mis\u00e8re et la souffrance.\u00a0\u00bb<\/p>\n<p>\u00ab\u00a0Un travail r\u00e9current de pr\u00e9sence et d\u2019enqu\u00eate\u00a0\u00bb<\/p>\n<p>En d\u00e9but de matin\u00e9e, la ministre a visit\u00e9 le commissariat o\u00f9 des points de deal ont \u00e9t\u00e9 d\u00e9mantel\u00e9s r\u00e9cemment. Le commissaire J\u00e9r\u00f4me Martin, directeur interd\u00e9partemental de la police nationale, a livr\u00e9 quelques d\u00e9tails: \u00ab\u00a0Nous faisons un travail r\u00e9current de pr\u00e9sence polici\u00e8re et d\u2019enqu\u00eate. Et \u00e7a donne des r\u00e9sultats dans de nombreux domaines: trafics de stup\u00e9fiants, enl\u00e8vements d\u2019\u00e9paves, lutte contre les squats\u2026\u00a0\u00bb<\/p>\n<p>\u00ab\u00a0Je crois beaucoup \u00e0 la police de proximit\u00e9, car il n\u2019y a pas de libert\u00e9 sans s\u00e9curit\u00e9\u00a0\u00bb, a rench\u00e9ri la repr\u00e9sentante de l\u2019\u00c9tat, qui a d\u2019ailleurs abond\u00e9 lorsque l\u2019id\u00e9e d\u2019agrandir l\u2019h\u00f4tel de police de La Beaucaire s\u2019est invit\u00e9e dans la conversation. La maire, Jos\u00e9e Massi, a \u00e9galement appuy\u00e9: \u00ab\u00a0C\u2019est n\u00e9cessaire. La cl\u00e9, c\u2019est la coop\u00e9ration entre les polices: municipale et nationale. Cette ann\u00e9e, Toulon b\u00e9n\u00e9ficie de 10 policiers municipaux suppl\u00e9mentaires.\u00a0\u00bb<\/p>\n<p>Apr\u00e8s la Maison France services et l\u2019antenne de l\u2019association Le Rocher, Juliette M\u00e9adel a travers\u00e9 les locaux de l\u2019ancienne CAF qui a d\u00e9m\u00e9nag\u00e9 pour La Loubi\u00e8re. \u00ab\u00a0Ici, nous allons notamment cr\u00e9er une maison des services, d\u2019autres entit\u00e9s, et un grand parc sur les 12.000m\u00e8tres carr\u00e9s qui s\u2019offrent \u00e0 nous. Tout sera annonc\u00e9 le 10 juin\u00a0\u00bb, a expliqu\u00e9 la maire \u00e0 la ministre.<\/p>\n<p>Enfin, clou de la visite, la \u00ab\u00a0Madame ville\u00a0\u00bb du gouvernement a visit\u00e9 le club de boxe de La Beaucaire. Et a m\u00eame mis les gants avec les sportifs amateurs toulonnais: \u00ab\u00a0Je m\u2019appelle Evan et je compte bien devenir boxeur pro. Je m\u2019entra\u00eene tous les jours.\u00a0\u00bb \u00ab\u00a0J\u2019aime cet enthousiasme!\u00a0\u00bb, lui a r\u00e9pondu la ministre qui a vant\u00e9 \u00ab\u00a0l\u2019optimisme pr\u00e9sent \u00e0 Toulon et qui manque parfois en France. Il faudrait tous vous d\u00e9corer!\u00a0\u00bb, a-t-elle conclu avant de filer vers Ch\u00e2teauvallon \u00e0 la rencontre des acteurs de la culture.<\/p>\n","protected":false},"excerpt":{"rendered":"D\u00e9ambulation au pas de charge, vendredi matin, pour Juliette M\u00e9adel, ministre d\u00e9l\u00e9gu\u00e9e charg\u00e9e de la Ville, qui a&hellip;\n","protected":false},"author":2,"featured_media":122576,"comment_status":"","ping_status":"","sticky":false,"template":"","format":"standard","meta":{"footnotes":""},"categories":[9619],"tags":[1111,11,1777,674,1011,27,12,316,882,25,2310,3366],"class_list":{"0":"post-122958","1":"post","2":"type-post","3":"status-publish","4":"format-standard","5":"has-post-thumbnail","7":"category-toulon","8":"tag-actu","9":"tag-actualites","10":"tag-eu","11":"tag-europe","12":"tag-fr","13":"tag-france","14":"tag-news","15":"tag-politique","16":"tag-provence-alpes-cote-dazur","17":"tag-republique-francaise","18":"tag-toulon","19":"tag-vie-locale"},"share_on_mastodon":{"url":"https:\/\/pubeurope.com\/@fr\/114559305866903595","error":""},"_links":{"self":[{"href":"https:\/\/www.europesays.com\/fr\/wp-json\/wp\/v2\/posts\/122958","targetHints":{"allow":["GET"]}}],"collection":[{"href":"https:\/\/www.europesays.com\/fr\/wp-json\/wp\/v2\/posts"}],"about":[{"href":"https:\/\/www.europesays.com\/fr\/wp-json\/wp\/v2\/types\/post"}],"author":[{"embeddable":true,"href":"https:\/\/www.europesays.com\/fr\/wp-json\/wp\/v2\/users\/2"}],"replies":[{"embeddable":true,"href":"https:\/\/www.europesays.com\/fr\/wp-json\/wp\/v2\/comments?post=122958"}],"version-history":[{"count":0,"href":"https:\/\/www.europesays.com\/fr\/wp-json\/wp\/v2\/posts\/122958\/revisions"}],"wp:featuredmedia":[{"embeddable":true,"href":"https:\/\/www.europesays.com\/fr\/wp-json\/wp\/v2\/media\/122576"}],"wp:attachment":[{"href":"https:\/\/www.europesays.com\/fr\/wp-json\/wp\/v2\/media?parent=122958"}],"wp:term":[{"taxonomy":"category","embeddable":true,"href":"https:\/\/www.europesays.com\/fr\/wp-json\/wp\/v2\/categories?post=122958"},{"taxonomy":"post_tag","embeddable":true,"href":"https:\/\/www.europesays.com\/fr\/wp-json\/wp\/v2\/tags?post=122958"}],"curies":[{"name":"wp","href":"https:\/\/api.w.org\/{rel}","templated":true}]}}