{"id":122972,"date":"2025-05-23T21:45:17","date_gmt":"2025-05-23T21:45:17","guid":{"rendered":"https:\/\/www.europesays.com\/fr\/122972\/"},"modified":"2025-05-23T21:45:17","modified_gmt":"2025-05-23T21:45:17","slug":"strasbourg-la-colere-froide-du-president-du-credit-mutuel-contre-les-projets-de-la-bce-et-de-la-commission-europeenne","status":"publish","type":"post","link":"https:\/\/www.europesays.com\/fr\/122972\/","title":{"rendered":"Strasbourg. La col\u00e8re froide du pr\u00e9sident du Cr\u00e9dit Mutuel contre les projets de la BCE et de la Commission europ\u00e9enne"},"content":{"rendered":"<p>Si le Cr\u00e9dit Mutuel (*), dont le si\u00e8ge est \u00e0 Strasbourg, a toujours d\u00e9fendu la construction europ\u00e9enne, son pr\u00e9sident, <a href=\"https:\/\/www.dna.fr\/economie\/2025\/04\/25\/daniel-baal-reconduit-a-la-presidence-du-credit-mutuel-alliance-federale\" target=\"_blank\" rel=\"nofollow noopener\">Daniel Baal<\/a> , a d\u00e9nonc\u00e9, ce vendredi, deux projets majeurs qui, selon lui, mettent en p\u00e9ril l\u2019avenir du syst\u00e8me financier fran\u00e7ais et continental. Le patron de la 9e banque europ\u00e9enne, qui emploie 77\u00a0000 personnes, a d\u2019abord fustig\u00e9 le projet d\u2019euro num\u00e9rique de la BCE. \u00ab\u00a0Nous partageons l\u2019objectif\u00a0: les Europ\u00e9ens doivent pouvoir payer en euro, partout, \u00e0 tout moment, de mani\u00e8re s\u00fbre et pratique. Depuis quatre ans, des ressources publiques et priv\u00e9es consid\u00e9rables sont mobilis\u00e9es pour ce projet. Mais les b\u00e9n\u00e9fices pour les citoyens de l\u2019Union ne sont toujours pas \u00e9tablis.\u00a0\u00bb<\/p>\n<p>  \u00ab\u00a0L\u2019euro num\u00e9rique cr\u00e9e des probl\u00e8mes\u00a0\u00bb<\/p>\n<p>Et de poursuivre\u00a0: \u00ab\u00a0Dans de tr\u00e8s nombreux pays, comme la France, l\u2019euro digital existe depuis longtemps et permet de payer sans difficult\u00e9s en Europe. Alors qu\u2019est-ce qui justifie cet euro num\u00e9rique\u00a0? Il est une solution qui cherche son probl\u00e8me. L\u2019euro num\u00e9rique, c\u2019est m\u00eame un projet qui cr\u00e9e des probl\u00e8mes. D\u2019ailleurs, le Canada, les \u00c9tats-Unis, l\u2019Australie ont fait le choix d\u2019abandonner une telle id\u00e9e\u00a0\u00bb, a soulign\u00e9 Daniel Baal selon qui \u00ab\u00a0l\u2019euro num\u00e9rique risque d\u2019affaiblir les bilans bancaires\u00a0\u00bb. \u00ab\u00a0Moins de d\u00e9p\u00f4ts, c\u2019est tout simplement moins de cr\u00e9dits distribu\u00e9s et donc moins d\u2019investissements, moins de croissance\u00a0\u00bb, assure le pr\u00e9sident du Cr\u00e9dit Mutuel. Daniel Baal consid\u00e8re que \u00ab\u00a0c\u2019est un projet co\u00fbteux de plusieurs dizaines de milliards d\u2019euros, un projet sans b\u00e9n\u00e9fice pour les citoyens, les entreprises, la souverainet\u00e9\u2026 Car des solutions, comme Wero ou Bizum, existent d\u00e9j\u00e0 pour les paiements transfrontaliers\u00a0\u00bb, a encore soulign\u00e9 Daniel Baal.<\/p>\n<p>  Une \u00ab\u00a0atteinte \u00e0 la souverainet\u00e9 europ\u00e9enne\u00a0\u00bb<\/p>\n<p>Un autre projet, le Financial Data Access (Fida), port\u00e9 par le Commission europ\u00e9enne, suscite le courroux de Daniel Baal. \u00ab\u00a0Le libre acc\u00e8s aux donn\u00e9es des banques et des assurances obligerait les banques et les assureurs europ\u00e9ens \u00e0 organiser leur propre hold-up par des entreprises \u00e9trang\u00e8res\u00a0! Il tourne le dos aux avanc\u00e9es du r\u00e8glement g\u00e9n\u00e9ral de protection des donn\u00e9es, initiative europ\u00e9enne qui est reconnu \u00e0 travers le monde. Fida est en r\u00e9alit\u00e9 le cheval de Troie des ambitions des Google, Facebook et consorts dans la banque et l\u2019assurance. <a href=\"https:\/\/www.dna.fr\/p\/elon-musk\" target=\"_blank\" rel=\"nofollow noopener\">Elon Musk<\/a> aurait pu l\u2019\u00e9crire\u00a0! Ils en r\u00eavaient, sans doute sans y croire. Et l\u2019Europe le fait, sans doute sans y avoir suffisamment r\u00e9fl\u00e9chi\u00a0\u00bb, a d\u00e9nonc\u00e9 le pr\u00e9sident de Cr\u00e9dit Mutuel Alliance F\u00e9d\u00e9rale, regrettant \u00ab\u00a0le choix d\u2019un ultra-lib\u00e9ralisme d\u00e9brid\u00e9 [\u2026] qui porterait profond\u00e9ment atteinte \u00e0 la souverainet\u00e9 europ\u00e9enne. Esp\u00e9rons que les eurod\u00e9put\u00e9s seront mieux inspir\u00e9s que les apprentis sorciers bruxellois\u00a0\u00bb, conclut Daniel Baal.<\/p>\n<p class=\"note\">(*) Le Cr\u00e9dit Mutuel Alliance F\u00e9d\u00e9rale est l\u2019actionnaire du groupe Ebra auquel appartient notre journal.<\/p>\n","protected":false},"excerpt":{"rendered":"Si le Cr\u00e9dit Mutuel (*), dont le si\u00e8ge est \u00e0 Strasbourg, a toujours d\u00e9fendu la construction europ\u00e9enne, son&hellip;\n","protected":false},"author":2,"featured_media":122973,"comment_status":"","ping_status":"","sticky":false,"template":"","format":"standard","meta":{"footnotes":""},"categories":[2820],"tags":[1111,11,2389,2649,33,2880,1777,674,107,3183,1011,27,775,12,25,640,2879],"class_list":{"0":"post-122972","1":"post","2":"type-post","3":"status-publish","4":"format-standard","5":"has-post-thumbnail","7":"category-strasbourg","8":"tag-actu","9":"tag-actualites","10":"tag-alsace","11":"tag-bas-rhin","12":"tag-economie","13":"tag-edition-strasbourg","14":"tag-eu","15":"tag-europe","16":"tag-fil-info","17":"tag-finance-et-fiscalite","18":"tag-fr","19":"tag-france","20":"tag-grand-est","21":"tag-news","22":"tag-republique-francaise","23":"tag-strasbourg","24":"tag-strasbourg-ville"},"share_on_mastodon":{"url":"https:\/\/pubeurope.com\/@fr\/114559341243414261","error":""},"_links":{"self":[{"href":"https:\/\/www.europesays.com\/fr\/wp-json\/wp\/v2\/posts\/122972","targetHints":{"allow":["GET"]}}],"collection":[{"href":"https:\/\/www.europesays.com\/fr\/wp-json\/wp\/v2\/posts"}],"about":[{"href":"https:\/\/www.europesays.com\/fr\/wp-json\/wp\/v2\/types\/post"}],"author":[{"embeddable":true,"href":"https:\/\/www.europesays.com\/fr\/wp-json\/wp\/v2\/users\/2"}],"replies":[{"embeddable":true,"href":"https:\/\/www.europesays.com\/fr\/wp-json\/wp\/v2\/comments?post=122972"}],"version-history":[{"count":0,"href":"https:\/\/www.europesays.com\/fr\/wp-json\/wp\/v2\/posts\/122972\/revisions"}],"wp:featuredmedia":[{"embeddable":true,"href":"https:\/\/www.europesays.com\/fr\/wp-json\/wp\/v2\/media\/122973"}],"wp:attachment":[{"href":"https:\/\/www.europesays.com\/fr\/wp-json\/wp\/v2\/media?parent=122972"}],"wp:term":[{"taxonomy":"category","embeddable":true,"href":"https:\/\/www.europesays.com\/fr\/wp-json\/wp\/v2\/categories?post=122972"},{"taxonomy":"post_tag","embeddable":true,"href":"https:\/\/www.europesays.com\/fr\/wp-json\/wp\/v2\/tags?post=122972"}],"curies":[{"name":"wp","href":"https:\/\/api.w.org\/{rel}","templated":true}]}}