{"id":122974,"date":"2025-05-23T21:46:19","date_gmt":"2025-05-23T21:46:19","guid":{"rendered":"https:\/\/www.europesays.com\/fr\/122974\/"},"modified":"2025-05-23T21:46:19","modified_gmt":"2025-05-23T21:46:19","slug":"rybakina-defiera-samsonova-en-finale-du-tournoi-de-strasbourg","status":"publish","type":"post","link":"https:\/\/www.europesays.com\/fr\/122974\/","title":{"rendered":"Rybakina d\u00e9fiera Samsonova en finale du tournoi de Strasbourg"},"content":{"rendered":"<p>La Kazakhe a eu raison de Beatriz Haddad Maia tandis que la Russe a sorti Danielle Collins ce vendredi, en demies du tournoi alsacien.<\/p>\n<p class=\"fig-paragraph\">La Kazakhe Elena Rybakina et la Russe Liudmila Samsonova se sont toutes deux qualifi\u00e9es pour la finale du tournoi WTA 500 de Strasbourg, vendredi, \u00e0 deux jours de Roland-Garros. Rybakina a \u00e9cart\u00e9, au bout d\u2019un duel de 2h46, la Br\u00e9silienne Beatriz Haddad Maia 7-6 (9\/7), 1-6, 6-2. \u00c0 25 ans, la 12e joueuse mondiale (<a href=\"https:\/\/www.lefigaro.fr\/sports\/tennis\/wta\/classement\" target=\"_blank\" rel=\"noopener\" data-gtm-custom-categorie=\"navigation\" data-gtm-custom-action=\"crossclick\" data-gtm-custom-label=\"Contextuel\" data-gtm-event=\"customEventSPE\">le classement WTA ici<\/a>) a fait respecter la logique du classement WTA face \u00e0 la 23e mondiale sur la terre battue alsacienne.<\/p>\n<p class=\"fig-paragraph\">Plus tard dans l\u2019apr\u00e8s-midi, la deuxi\u00e8me demi-finale est all\u00e9e beaucoup plus vite: Samsonova, 19e mondiale, a balay\u00e9 l\u2019Am\u00e9ricaine Danielle Collins (46e) 6-4, 6-2 en 1h29. Rybakina ou Samsonova succ\u00e9dera \u00e0 l\u2019Am\u00e9ricaine Madison Keys, tenante du titre, et inscrira son nom pour la premi\u00e8re fois au palmar\u00e8s du tournoi.<\/p>\n","protected":false},"excerpt":{"rendered":"La Kazakhe a eu raison de Beatriz Haddad Maia tandis que la Russe a sorti Danielle Collins ce&hellip;\n","protected":false},"author":2,"featured_media":122975,"comment_status":"","ping_status":"","sticky":false,"template":"","format":"standard","meta":{"footnotes":""},"categories":[2820],"tags":[1111,47,11,4169,525,1981,4178,1777,674,4179,1011,27,775,1114,3996,4177,4176,4174,12,4175,25,1980,4171,640,1467,4172,4173,4170],"class_list":{"0":"post-122974","1":"post","2":"type-post","3":"status-publish","4":"format-standard","5":"has-post-thumbnail","7":"category-strasbourg","8":"tag-actu","9":"tag-actualite","10":"tag-actualites","11":"tag-atp","12":"tag-calendrier","13":"tag-classement","14":"tag-coupe-davis","15":"tag-eu","16":"tag-europe","17":"tag-fed-cup","18":"tag-fr","19":"tag-france","20":"tag-grand-est","21":"tag-infos","22":"tag-jeux-olympiques","23":"tag-masters-1000","24":"tag-masters-500","25":"tag-masters-series","26":"tag-news","27":"tag-open-daustralie","28":"tag-republique-francaise","29":"tag-resultats","30":"tag-roland-garros","31":"tag-strasbourg","32":"tag-tennis","33":"tag-us-open","34":"tag-wimbledon","35":"tag-wta"},"share_on_mastodon":{"url":"https:\/\/pubeurope.com\/@fr\/114559345174790082","error":""},"_links":{"self":[{"href":"https:\/\/www.europesays.com\/fr\/wp-json\/wp\/v2\/posts\/122974","targetHints":{"allow":["GET"]}}],"collection":[{"href":"https:\/\/www.europesays.com\/fr\/wp-json\/wp\/v2\/posts"}],"about":[{"href":"https:\/\/www.europesays.com\/fr\/wp-json\/wp\/v2\/types\/post"}],"author":[{"embeddable":true,"href":"https:\/\/www.europesays.com\/fr\/wp-json\/wp\/v2\/users\/2"}],"replies":[{"embeddable":true,"href":"https:\/\/www.europesays.com\/fr\/wp-json\/wp\/v2\/comments?post=122974"}],"version-history":[{"count":0,"href":"https:\/\/www.europesays.com\/fr\/wp-json\/wp\/v2\/posts\/122974\/revisions"}],"wp:featuredmedia":[{"embeddable":true,"href":"https:\/\/www.europesays.com\/fr\/wp-json\/wp\/v2\/media\/122975"}],"wp:attachment":[{"href":"https:\/\/www.europesays.com\/fr\/wp-json\/wp\/v2\/media?parent=122974"}],"wp:term":[{"taxonomy":"category","embeddable":true,"href":"https:\/\/www.europesays.com\/fr\/wp-json\/wp\/v2\/categories?post=122974"},{"taxonomy":"post_tag","embeddable":true,"href":"https:\/\/www.europesays.com\/fr\/wp-json\/wp\/v2\/tags?post=122974"}],"curies":[{"name":"wp","href":"https:\/\/api.w.org\/{rel}","templated":true}]}}