{"id":122980,"date":"2025-05-23T21:49:39","date_gmt":"2025-05-23T21:49:39","guid":{"rendered":"https:\/\/www.europesays.com\/fr\/122980\/"},"modified":"2025-05-23T21:49:39","modified_gmt":"2025-05-23T21:49:39","slug":"30-ans-apres-ils-se-souviennent-de-louverture-de-ce-college-pres-de-nantes","status":"publish","type":"post","link":"https:\/\/www.europesays.com\/fr\/122980\/","title":{"rendered":"30 ans apr\u00e8s, ils se souviennent de l&rsquo;ouverture de ce coll\u00e8ge pr\u00e8s de Nantes"},"content":{"rendered":"<p>            Par<br \/>\n        <strong><br \/>\n            <a href=\"https:\/\/actu.fr\/auteur\/journaliste-sm\" title=\"Consulter tous les articles de R\u00e9daction Clisson\" target=\"_blank\" rel=\"noopener\">R\u00e9daction Clisson<\/a><br \/>\n        <\/strong><\/p>\n<p>        Publi\u00e9 le<\/p>\n<p>            23 mai 2025 \u00e0 8h39        <\/p>\n<p>Pour cette journ\u00e9e du trentenaire, le <a href=\"https:\/\/goulaine.loire-atlantique.e-lyco.fr\/\" target=\"_blank\" rel=\"noopener\">coll\u00e8ge de Goulaine<\/a> \u00e0 <a href=\"https:\/\/actu.fr\/pays-de-la-loire\/basse-goulaine_44009\" target=\"_blank\" rel=\"noopener\"><b>Basse-Goulaine<\/b><\/a> avait<b> d\u00e9cid\u00e9 de faire les choses en grand <\/b>: le groupe de rock du coll\u00e8ge a assur\u00e9 l\u2019animation tout l\u2019apr\u00e8s-midi, pendant que de nombreuses personnalit\u00e9s qui avaient r\u00e9pondu pr\u00e9sents \u2013 dont Gilles Neuviale, directeur acad\u00e9mique, Dominique Poirout vice-pr\u00e9sidente au conseil d\u00e9partemental charg\u00e9 de la culture et patrimoine et Serge Poignant maire de la ville \u00e0 l\u2019\u00e9poque de sa construction \u2013 visitaient l\u2019\u00e9tablissement.<\/p>\n<p>    <img   decoding=\"async\" loading=\"lazy\" class=\"size-large\" src=\"https:\/\/www.europesays.com\/fr\/wp-content\/uploads\/2025\/05\/e46e6c798cf76096e6c798cf7fc6e6v-960x640.jpg\" alt=\"La fresque r\u00e9alis\u00e9e pour les 30 ans du coll\u00e8ge\" width=\"960\" height=\"640\"\/><br \/>\n    La fresque r\u00e9alis\u00e9e pour les 30 ans du coll\u00e8ge. \u00a9Hebdo de S\u00e8vre et Maine<\/p>\n<p class=\" wall-content\"><b>Le principal temps fort \u00e9tait la plantation d\u2019un noyer,<\/b> dans l\u2019espace vert derri\u00e8re le coll\u00e8ge. Les invit\u00e9s ont creus\u00e9 pour mettre en terre la tige de cette esp\u00e8ce incarnant la sagesse et les connaissances. Puis, il y a eu l<b>e scellement de la capsule temporelle,<\/b> pr\u00e8s du d\u00e9marrage du chantier en 1993 : c<b>haque classe y a d\u00e9pos\u00e9 une bo\u00eete contenant un objet estim\u00e9 important par les \u00e9l\u00e8ves pour le futu<\/b>r. Une fresque avait \u00e9t\u00e9 aussi cr\u00e9\u00e9e pour l\u2019occasion : elle a \u00e9t\u00e9 l\u2019\u0153uvre d\u2019un artiste de l\u2019association <a href=\"https:\/\/plusdecouleurs.com\/\" target=\"_blank\" rel=\"noopener\">Plus de couleurs<\/a>, aid\u00e9 par six jeunes du coll\u00e8ge (Kelissa, Mah\u00e9, Yassine, Mahir, Guillaume, Isma\u00efl).<\/p>\n<p>Souvenirs, souvenirs\u2026<\/p>\n<blockquote class=\"ac-article-quote wall-content\">\n<p>Au d\u00e9part, ce coll\u00e8ge a \u00e9t\u00e9 voulu par les deux communes de Basse et Haute-Goulaine. Quand il a ouvert, nous avons mis \u00e0 disposition nos salles communales parce que le gymnase n\u2019\u00e9tait pas pr\u00eat. Le gymnase de Goulaine qui a un acc\u00e8s direct avec le coll\u00e8ge, a \u00e9t\u00e9 construit apr\u00e8s.<\/p>\n<p>L\u2019ancien d\u00e9put\u00e9-maire Serge Poignant<\/p><\/blockquote>\n<blockquote class=\"ac-article-quote wall-content\">\n<p>Nous avons commenc\u00e9 avec seulement trois niveaux (les 6e, les 5e et les 4e), soit quinze classes et 350 \u00e9l\u00e8ves; Les classes de 3e ont \u00e9t\u00e9 constitu\u00e9es l\u2019ann\u00e9e suivante.<\/p>\n<p>Andr\u00e9e Quintana, premi\u00e8re principale du coll\u00e8ge.<\/p><\/blockquote>\n<p>    <img   decoding=\"async\" loading=\"lazy\" class=\"size-large\" src=\"https:\/\/www.europesays.com\/fr\/wp-content\/uploads\/2025\/05\/c96f43a98cf76ed6f43a98cf7d17f4v-960x640.jpg\" alt=\"De gauche \u00e0 droite ; Dani\u00e8le Poirout (vice-pr\u00e9sidente du conseil d\u00e9partemental, culture et patrimoine), Gilles Neuvizl (directeur acad\u00e9mie) et Hugues Lenoir (Principal du coll\u00e8ge) lors de la plantation du noyer\" width=\"960\" height=\"640\"\/><br \/>\n    De gauche \u00e0 droite : Dominique Poirout (vice-pr\u00e9sidente du conseil d\u00e9partemental, culture et patrimoine), Gilles Neuviale (directeur acad\u00e9mie) et Hugues Lenoir (Principal du coll\u00e8ge) lors de la plantation du noyer. \u00a9Hebdo de S\u00e8vre et MaineVid\u00e9os : en ce moment sur Actu<\/p>\n<p class=\" wall-content\">Cette responsable d\u2019\u00e9tablissement \u00e9tait ravie de l\u2019atmosph\u00e8re qui y r\u00e8gne encore aujourd\u2019hui.<\/p>\n<blockquote class=\"ac-article-quote wall-content\">\n<p>Je me rends compte que le coll\u00e8ge est dans l\u2019eau du bapt\u00eame, c\u2019est-\u00e0-dire qu\u2019on en ressent la m\u00eame s\u00e9r\u00e9nit\u00e9. C\u2019est un coll\u00e8ge o\u00f9 il fait bon vivre. Il est n\u00e9 sous de bons auspices. Il a \u00e9t\u00e9 voulu et d\u00e9sir\u00e9 par tous (acad\u00e9mie, minist\u00e8re d\u00e9partement et mairie) avec des \u00e9quipes travaillant main dans la main. Enseignants et agents qui, sans eux, le coll\u00e8ge ne pourrait fonctionner.<\/p>\n<\/blockquote>\n<p class=\" wall-content\">En septembre\u00a01994, l\u2019ouverture s\u2019est faite un peu dans la pr\u00e9cipitation.<\/p>\n<blockquote class=\"ac-article-quote wall-content\">\n<p>Quand les \u00e9l\u00e8ves sont arriv\u00e9s le premier jour, les entreprises \u00e9taient encore l\u00e0. Les travaux n\u2019\u00e9taient pas termin\u00e9s et l\u2019emm\u00e9nagement tardif du b\u00e2timent s\u2019est fait sous des averses. L\u2019enrob\u00e9 de la cour n\u2019avait pas \u00e9t\u00e9 r\u00e9alis\u00e9.<\/p>\n<p>Un agent de l\u2019\u00e9poque<\/p><\/blockquote>\n<p>Trois labels<\/p>\n<blockquote class=\"ac-article-quote wall-content\">\n<p>Notre \u00e9tablissement n\u2019a cess\u00e9 d\u2019innover. Nous offrons aux \u00e9l\u00e8ves un cadre toujours plus adapt\u00e9 \u00e0 leurs besoins et \u00e0 leurs ambitions. Les langues vivantes, les projets, les activit\u00e9s sportives et sorties culturelles occupent une place centrale, permettant \u00e0 chacun de s\u2019exprimer et de s\u2019\u00e9panouir. Des initiatives comme les \u00e9changes europ\u00e9ens, ou encore la web radio ont pris une ampleur consid\u00e9rable. Les sorties et voyages scolaires, qu\u2019ils soient culturels, sportifs, scientifiques ou internationaux, enrichissent nos \u00e9l\u00e8ves et leur ouvrent de nouveaux horizons.<\/p>\n<p>Hugues Lenoir, principal du coll\u00e8ge<\/p><\/blockquote>\n<p>    <img   decoding=\"async\" loading=\"lazy\" class=\"size-large\" src=\"https:\/\/www.europesays.com\/fr\/wp-content\/uploads\/2025\/05\/a65452bb8cf769a5452bb8cf77e545v-960x640.jpg\" alt=\"Lors des discours de gauche \u00e0 droite ; Gilles Neuvial (directeur acad\u00e9mie), Dani\u00e8le Poirout (vice-pr\u00e9sidente conseil d\u00e9partemental culture et patrimoine), Hugues Lenoir (principal du coll\u00e8ge) et Alain Vey (maire de Basse-Goulaine)\" width=\"960\" height=\"640\"\/><br \/>\n    Lors des discours de gauche \u00e0 droite ; Gilles Neuviale (directeur acad\u00e9mie), Dominique Poirout (vice-pr\u00e9sidente conseil d\u00e9partemental culture et patrimoine), Hugues Lenoir (principal du coll\u00e8ge) et Alain Vey (maire de Basse-Goulaine). \u00a9Hebdo de S\u00e8vre et Maine<\/p>\n<p class=\" wall-content\">L\u2019engagement de l\u2019\u00e9tablissement a d\u2019ailleurs \u00e9t\u00e9 reconnu par plusieurs labels : \u00a0\u00bbE3D\u00a0\u00bb pour leactions en faveur du d\u00e9veloppement durable, \u00a0\u00bbPhare\u00a0\u00bb pour l\u2019implication dans la lutte contre le harc\u00e8lement scolaire et \u00a0\u00bbG\u00e9n\u00e9ration 2024\u00a0\u00bb pour la promotion du sport et des valeurs olympiques et paralympiques.<\/p>\n<blockquote class=\"ac-article-quote wall-content\">\n<p>L\u2019\u00e9cole est le principal \u00a0\u00bbmaillon\u00a0\u00bb du service public. Le plus proche des concitoyens, celui auquel ils sont les plus attach\u00e9s, le premier instrument de l\u2019\u00e9galit\u00e9 des chances, c\u2019est assur\u00e9ment un point sensible dans le fonctionnement d\u2019une commune. Je sais que la tache des enseignants a bien chang\u00e9 et qu\u2019elle est certainement plus difficile aujourd\u2019hui qu\u2019hier. De l\u2019\u00c9cole, on attend tout. Non seulement instruire et former l\u2019esprit des enfants, mais aussi \u00e9duquer, \u00e9couter, voire soigner psychologiquement les enfants quand ils ne vont pas bien, autrement dit r\u00e9parer les difficult\u00e9s sociales et pallier fragilit\u00e9s familiales.<\/p>\n<p>Le maire actuel Alain Vey.<\/p><\/blockquote>\n<p class=\" wall-content\">Aujourd\u2019hui<b>, l\u2019\u00e9tablissement compte 601 \u00e9l\u00e8ves pour l\u2019ann\u00e9e 2024\/2025<\/b>. L\u2019an pass\u00e9, 95 % des \u00e9l\u00e8ves de 3e ont obtenu leur brevet des coll\u00e8ges. Ils se sont donn\u00e9 rendez-vous dans 30 ans.<\/p>\n<p class=\" wall-content\">Suivez toute l\u2019actualit\u00e9 de vos villes et m\u00e9dias favoris en vous inscrivant \u00e0 <a href=\"https:\/\/moncompte.actu.fr\" title=\"D\u00e9couvez Mon Actu\" rel=\"nofollow noopener\" data-trk=\"{&quot;cta&quot;:{&quot;action&quot;:&quot;https:\\\/\\\/moncompte.actu.fr&quot;,&quot;category&quot;:&quot;mon compte&quot;,&quot;from&quot;:&quot;article footer&quot;,&quot;name&quot;:&quot;Mon actu&quot;,&quot;type&quot;:&quot;cta&quot;}}\" target=\"_blank\">Mon Actu<\/a>.<\/p>\n","protected":false},"excerpt":{"rendered":"Par R\u00e9daction Clisson Publi\u00e9 le 23 mai 2025 \u00e0 8h39 Pour cette journ\u00e9e du trentenaire, le coll\u00e8ge de&hellip;\n","protected":false},"author":2,"featured_media":122981,"comment_status":"","ping_status":"","sticky":false,"template":"","format":"standard","meta":{"footnotes":""},"categories":[2818],"tags":[1111,11,1057,1777,674,1011,27,937,766,12,2636,25,104,2900],"class_list":{"0":"post-122980","1":"post","2":"type-post","3":"status-publish","4":"format-standard","5":"has-post-thumbnail","7":"category-nantes","8":"tag-actu","9":"tag-actualites","10":"tag-education","11":"tag-eu","12":"tag-europe","13":"tag-fr","14":"tag-france","15":"tag-histoire","16":"tag-nantes","17":"tag-news","18":"tag-pays-de-la-loire","19":"tag-republique-francaise","20":"tag-societe","21":"tag-vignoble-nantais"},"share_on_mastodon":{"url":"https:\/\/pubeurope.com\/@fr\/114559357092063715","error":""},"_links":{"self":[{"href":"https:\/\/www.europesays.com\/fr\/wp-json\/wp\/v2\/posts\/122980","targetHints":{"allow":["GET"]}}],"collection":[{"href":"https:\/\/www.europesays.com\/fr\/wp-json\/wp\/v2\/posts"}],"about":[{"href":"https:\/\/www.europesays.com\/fr\/wp-json\/wp\/v2\/types\/post"}],"author":[{"embeddable":true,"href":"https:\/\/www.europesays.com\/fr\/wp-json\/wp\/v2\/users\/2"}],"replies":[{"embeddable":true,"href":"https:\/\/www.europesays.com\/fr\/wp-json\/wp\/v2\/comments?post=122980"}],"version-history":[{"count":0,"href":"https:\/\/www.europesays.com\/fr\/wp-json\/wp\/v2\/posts\/122980\/revisions"}],"wp:featuredmedia":[{"embeddable":true,"href":"https:\/\/www.europesays.com\/fr\/wp-json\/wp\/v2\/media\/122981"}],"wp:attachment":[{"href":"https:\/\/www.europesays.com\/fr\/wp-json\/wp\/v2\/media?parent=122980"}],"wp:term":[{"taxonomy":"category","embeddable":true,"href":"https:\/\/www.europesays.com\/fr\/wp-json\/wp\/v2\/categories?post=122980"},{"taxonomy":"post_tag","embeddable":true,"href":"https:\/\/www.europesays.com\/fr\/wp-json\/wp\/v2\/tags?post=122980"}],"curies":[{"name":"wp","href":"https:\/\/api.w.org\/{rel}","templated":true}]}}