{"id":122998,"date":"2025-05-23T21:59:08","date_gmt":"2025-05-23T21:59:08","guid":{"rendered":"https:\/\/www.europesays.com\/fr\/122998\/"},"modified":"2025-05-23T21:59:08","modified_gmt":"2025-05-23T21:59:08","slug":"une-fusillade-fait-un-blesse-dans-la-cite-jardin-un-reglement-de-comptes-sur-fond-de-trafic-de-drogue","status":"publish","type":"post","link":"https:\/\/www.europesays.com\/fr\/122998\/","title":{"rendered":"une fusillade fait un bless\u00e9 dans la Cit\u00e9 Jardin, un r\u00e8glement de comptes sur fond de trafic de drogue ?"},"content":{"rendered":"<p itemprop=\"description\"><strong>La Cit\u00e9 Jardin est l&rsquo;un des centres n\u00e9vralgiques du trafic de drogue \u00e0 Lyon.<\/strong><\/p>\n<p>Dans ce secteur de Gerland dans le 7e arrondissement de Lyon, une fusillade a fait un bless\u00e9 ce mercredi soir. Selon Actu-Lyon, des tirs d&rsquo;arme \u00e0 feu ont \u00e9t\u00e9 r\u00e9alis\u00e9s rue Georges Gouy vers 23h30, et un jeune homme \u00e2g\u00e9 de 19 ans a \u00e9t\u00e9 atteint par deux balles.<\/p>\n<p>Gri\u00e8vement bless\u00e9e, la victime a \u00e9t\u00e9 hospitalis\u00e9e.<\/p>\n<p>La police privil\u00e9gie la piste d&rsquo;un r\u00e8glement de comptes sur fond de guerre des territoires entre dealers.<\/p>\n<p>Un suspect est activement recherch\u00e9. Il serait arriv\u00e9 sur place \u00e0 bord d&rsquo;une voiture, puis aurait pris la fuite apr\u00e8s avoir tir\u00e9 sur sa cible, toujours avec la m\u00eame voiture.<\/p>\n","protected":false},"excerpt":{"rendered":"La Cit\u00e9 Jardin est l&rsquo;un des centres n\u00e9vralgiques du trafic de drogue \u00e0 Lyon. Dans ce secteur de&hellip;\n","protected":false},"author":2,"featured_media":122999,"comment_status":"","ping_status":"","sticky":false,"template":"","format":"standard","meta":{"footnotes":""},"categories":[1889],"tags":[1111,11,2813,2190,2430,1109,251,1112,2811,1777,674,118,1011,27,1922,1110,1114,2428,2810,12,241,316,25,2812,517,800],"class_list":{"0":"post-122998","1":"post","2":"type-post","3":"status-publish","4":"format-standard","5":"has-post-thumbnail","7":"category-lyon","8":"tag-actu","9":"tag-actualites","10":"tag-article","11":"tag-asvel","12":"tag-auvergne-rhone-alpes","13":"tag-breves","14":"tag-culture","15":"tag-depeches","16":"tag-economique","17":"tag-eu","18":"tag-europe","19":"tag-faits-divers","20":"tag-fr","21":"tag-france","22":"tag-info","23":"tag-informations","24":"tag-infos","25":"tag-lyon","26":"tag-lyonmag","27":"tag-news","28":"tag-ol","29":"tag-politique","30":"tag-republique-francaise","31":"tag-sociale","32":"tag-sport","33":"tag-transports"},"share_on_mastodon":{"url":"https:\/\/pubeurope.com\/@fr\/114559396329597620","error":""},"_links":{"self":[{"href":"https:\/\/www.europesays.com\/fr\/wp-json\/wp\/v2\/posts\/122998","targetHints":{"allow":["GET"]}}],"collection":[{"href":"https:\/\/www.europesays.com\/fr\/wp-json\/wp\/v2\/posts"}],"about":[{"href":"https:\/\/www.europesays.com\/fr\/wp-json\/wp\/v2\/types\/post"}],"author":[{"embeddable":true,"href":"https:\/\/www.europesays.com\/fr\/wp-json\/wp\/v2\/users\/2"}],"replies":[{"embeddable":true,"href":"https:\/\/www.europesays.com\/fr\/wp-json\/wp\/v2\/comments?post=122998"}],"version-history":[{"count":0,"href":"https:\/\/www.europesays.com\/fr\/wp-json\/wp\/v2\/posts\/122998\/revisions"}],"wp:featuredmedia":[{"embeddable":true,"href":"https:\/\/www.europesays.com\/fr\/wp-json\/wp\/v2\/media\/122999"}],"wp:attachment":[{"href":"https:\/\/www.europesays.com\/fr\/wp-json\/wp\/v2\/media?parent=122998"}],"wp:term":[{"taxonomy":"category","embeddable":true,"href":"https:\/\/www.europesays.com\/fr\/wp-json\/wp\/v2\/categories?post=122998"},{"taxonomy":"post_tag","embeddable":true,"href":"https:\/\/www.europesays.com\/fr\/wp-json\/wp\/v2\/tags?post=122998"}],"curies":[{"name":"wp","href":"https:\/\/api.w.org\/{rel}","templated":true}]}}