{"id":123012,"date":"2025-05-23T22:10:08","date_gmt":"2025-05-23T22:10:08","guid":{"rendered":"https:\/\/www.europesays.com\/fr\/123012\/"},"modified":"2025-05-23T22:10:08","modified_gmt":"2025-05-23T22:10:08","slug":"arabie-saoudite-egypte-russie-ces-pays-qui-ont-dores-et-deja-interdit-lorganisation","status":"publish","type":"post","link":"https:\/\/www.europesays.com\/fr\/123012\/","title":{"rendered":"Arabie saoudite, \u00c9gypte, Russie&#8230; Ces pays qui ont d\u2019ores et d\u00e9j\u00e0 interdit l\u2019organisation"},"content":{"rendered":"<p>Cibl\u00e9e dans un rapport fran\u00e7ais d\u00e9voil\u00e9 ce mardi par Le Figaro, la confr\u00e9rie des Fr\u00e8res musulmans est en r\u00e9alit\u00e9 dans le collimateur de nombreuses autorit\u00e9s dans le monde, qui l\u2019estiment \u00abpopuliste\u00bb et dangereuse.<\/p>\n<p class=\"fig-paragraph\"><a href=\"http:\/\/www.lefigaro.fr\/politique\/jordan-bardella-defend-l-interdiction-des-freres-musulmans-pour-proteger-les-francais-de-la-menace-islamiste-20250521\" target=\"_blank\" data-fig-type=\"NewsFlash\" rel=\"noopener\" data-gtm-custom-categorie=\"navigation\" data-gtm-custom-action=\"crossclick\" data-gtm-custom-label=\"Contextuel\" data-gtm-event=\"customEventSPE\" data-fig-domain=\"LEFIGARO\">Jordan Bardella\u00a0<\/a>et\u00a0<a href=\"http:\/\/www.lefigaro.fr\/politique\/une-guerre-de-tous-les-instants-apres-bardella-valls-appelle-a-interdire-et-demanteler-les-freres-musulmans-20250521\" target=\"_blank\" data-fig-type=\"NewsFlash\" rel=\"noopener\" data-gtm-custom-categorie=\"navigation\" data-gtm-custom-action=\"crossclick\" data-gtm-custom-label=\"Contextuel\" data-gtm-event=\"customEventSPE\" data-fig-domain=\"LEFIGARO\">Manuel Valls<\/a>\u00a0ont demand\u00e9 \u00e0 l\u2019interdire en France &#8211; le gouvernement entendra-t-il leur appel? La confr\u00e9rie des\u00a0<a href=\"http:\/\/www.lefigaro.fr\/international\/freres-musulmans-onze-ans-avant-le-rapport-choc-du-gouvernement-francais-les-britanniques-alertaient-deja-sur-la-menace-20250522\" target=\"_blank\" data-fig-type=\"Article\" rel=\"noopener\" data-gtm-custom-categorie=\"navigation\" data-gtm-custom-action=\"crossclick\" data-gtm-custom-label=\"Contextuel\" data-gtm-event=\"customEventSPE\" data-fig-domain=\"LEFIGARO\">Fr\u00e8res musulmans<\/a>, organisation promouvant une \u00abislamisation par le bas\u00bb des soci\u00e9t\u00e9s dans lesquelles elle s\u2019active, a fait l\u2019objet cette semaine d\u2019un conseil de d\u00e9fense lors duquel a \u00e9t\u00e9 abord\u00e9 un long rapport des autorit\u00e9s fran\u00e7aises, d\u00e9voil\u00e9 mardi 20 mai par Le Figaro.<\/p>\n<p class=\"fig-paragraph\">D\u00e9crits par les rapporteurs fran\u00e7ais comme un groupe secret dont les membres portent des \u00abstrat\u00e9gies\u00bb de \u00abdissimulation\u00bb et d\u2019\u00abinstitutionnalisation\u00bb, les Fr\u00e8res musulmans pourraient \u00e9galement prochainement subir le courroux des forces de l\u2019ordre, alors qu\u2019<a href=\"http:\/\/www.lefigaro.fr\/politique\/gerard-larcher-au-figaro-apres-emmanuel-macron-il-n-y-aura-plus-de-macronisme-20250522\" target=\"_blank\" data-fig-type=\"NewsFlash\" rel=\"noopener\" data-gtm-custom-categorie=\"navigation\" data-gtm-custom-action=\"crossclick\" data-gtm-custom-label=\"Contextuel\" data-gtm-event=\"customEventSPE\" data-fig-domain=\"LEFIGARO\">Emmanuel Macron<\/a>\u00a0a exig\u00e9 des propositions \u00e0 la hauteur de la \u00abgravit\u00e9 des faits\u00bb. De l\u00e0 \u00e0 les interdire en France? L\u2019organisation fait en tout cas d\u2019ores et d\u00e9j\u00e0 l\u2019objet d\u2019un bannissement dans de nombreux pays du globe.<\/p>\n<p>\u00abSource de tous les maux\u00bb<\/p>\n<p class=\"fig-paragraph\">La <strong>Russie<\/strong> a par exemple \u00e9t\u00e9 le premier pays du monde \u00e0 classer la confr\u00e9rie parmi les groupes terroristes, en 2003, dans un contexte d\u2019insurrection islamiste en Tch\u00e9tch\u00e9nie. Consid\u00e9rant l\u2019id\u00e9ologie fr\u00e9riste comme potentiellement d\u00e9stabilisatrice, Moscou a d\u00e9cid\u00e9 de la bannir.<\/p>\n<p class=\"fig-paragraph\">Ce n\u2019est toutefois que dix ans plus tard, que certains pays du Proche-Orient d\u00e9cide de suivre l\u2019exemple moscovite. La <strong>Syrie<\/strong> de Bachar al-Assad, alli\u00e9 de la Russie, prend les m\u00eames mesures en 2013, alors qu\u2019elle conna\u00eet une guerre civile meurtri\u00e8re. Le dictateur syrien craignait un sc\u00e9nario similaire \u00e0 l\u2019<strong>\u00c9gypte<\/strong> o\u00f9, en 2012, la confr\u00e9rie a fait \u00e9lire leur candidat \u00e0 la pr\u00e9sidentielle, Mohamed Morsi. Il est renvers\u00e9 en 2013 par son successeur Abdel Fattah al-Sissi, qui d\u00e9cide alors d\u2019interdire le mouvement et de r\u00e9primer ses membres.<\/p>\n<p class=\"fig-paragraph\">En 2014, l\u2019<strong>Arabie saoudite<\/strong> interdit \u00e0 son tour la confr\u00e9rie, alors que le ministre saoudien de l\u2019Int\u00e9rieur avait accus\u00e9 les Fr\u00e8res apr\u00e8s les attentats du 11 septembre 2001 d\u2019\u00eatre la \u00absource de tous les maux\u00bb du royaume. <strong>Bahre\u00efn<\/strong> et les <strong>\u00c9mirats arabes unis<\/strong> suivent peu apr\u00e8s. Ces monarchies du Golfe, qui consid\u00e8rent que seule l\u2019h\u00e9r\u00e9dit\u00e9 peut permettre d\u2019acc\u00e9der au pouvoir, estiment que le \u00abpopulisme\u00bb promu par la confr\u00e9rie menace le r\u00e9gime en place. En outre, cette interdiction s\u2019inscrit \u00e9galement dans un contexte de rivalit\u00e9 r\u00e9gionale avec le\u00a0<a href=\"http:\/\/www.lefigaro.fr\/international\/le-boeing-offert-a-trump-par-le-qatar-embarrasse-les-republicains-20250515\" target=\"_blank\" data-fig-type=\"Article\" rel=\"noopener\" data-gtm-custom-categorie=\"navigation\" data-gtm-custom-action=\"crossclick\" data-gtm-custom-label=\"Contextuel\" data-gtm-event=\"customEventSPE\" data-fig-domain=\"LEFIGARO\">Qatar<\/a>, et dans une moindre mesure la Turquie, suspect\u00e9s de soutenir le fr\u00e9risme.<\/p>\n<p class=\"fig-body-link\">\n            \u00c0 lire aussi<br \/>\n        <a class=\"fig-body-link__link fig-premium-mark\" href=\"http:\/\/www.lefigaro.fr\/international\/freres-musulmans-onze-ans-avant-le-rapport-choc-du-gouvernement-francais-les-britanniques-alertaient-deja-sur-la-menace-20250522\" target=\"_blank\" data-fig-type=\"Article\" rel=\"noopener\" data-gtm-custom-categorie=\"navigation\" data-gtm-custom-action=\"crossclick\" data-gtm-custom-label=\"Contextuel\" data-gtm-event=\"customEventSPE\" data-fig-domain=\"LEFIGARO\">Fr\u00e8res musulmans\u00a0: onze ans avant le rapport choc du gouvernement fran\u00e7ais, les Britanniques alertaient d\u00e9j\u00e0 sur la menace<br \/>\n    <\/a>\n<\/p>\n<p>\u00abFinancement du terrorisme\u00bb<\/p>\n<p class=\"fig-paragraph\">En 2021, c\u2019est au tour de l\u2019<strong>Autriche<\/strong> de prendre des mesures contre les Fr\u00e8res musulmans, quelques mois apr\u00e8s l\u2019attentat djihadiste de Vienne, qui a fait quatre morts. Les autorit\u00e9s autrichiennes m\u00e8nent dans un premier temps des dizaines de perquisitions dans des lieux li\u00e9s \u00e0 la mouvance, en raison de \u00absoup\u00e7ons de formation d\u2019organisation terroriste, de financement du terrorisme et de blanchiment d\u2019argent\u00bb. L\u2019Autriche d\u00e9cide dans un second temps d\u2019inscrire le mouvement sur sa liste noire des organisations li\u00e9es \u00e0 la \u00abcriminalit\u00e9 \u00e0 motivation religieuse\u00bb. Son embl\u00e8me, deux sabres crois\u00e9s surmont\u00e9s du\u00a0<a href=\"http:\/\/www.lefigaro.fr\/vox\/societe\/coran-europeen-les-dessous-du-projet-finance-par-l-ue-20250417\" target=\"_blank\" data-fig-type=\"Article\" rel=\"noopener\" data-gtm-custom-categorie=\"navigation\" data-gtm-custom-action=\"crossclick\" data-gtm-custom-label=\"Contextuel\" data-gtm-event=\"customEventSPE\" data-fig-domain=\"LEFIGARO\">Coran<\/a>\u00a0et la banni\u00e8re en arabe signifiant \u00abPr\u00e9parez-vous\u00bb, est interdite, comme ses slogans et sa litt\u00e9rature. Leur d\u00e9tention devient ainsi passible de 4000 euros d\u2019amende et d\u2019un mois de prison.<\/p>\n<p class=\"fig-paragraph\">La <strong>Jordanie<\/strong> est le dernier pays \u00e0 date \u00e0 avoir interdit la confr\u00e9rie, en raison de leurs activit\u00e9s \u00abde nature \u00e0 d\u00e9stabiliser le pays\u00bb. Plusieurs jours apr\u00e8s la saisie d\u2019armes et l\u2019arrestation de 16 personnes, soup\u00e7onn\u00e9es de vouloir \u00abnuire \u00e0 la s\u00e9curit\u00e9 nationale, \u00e0 semer le chaos et \u00e0 commettre des actes de sabotage en Jordanie\u00bb, Amman annonce le 24 avril \u00abconfisquer les actifs du groupe, interdire la promotion de ses id\u00e9es sous peine de poursuites, et consid\u00e9rer l\u2019adh\u00e9sion \u00e0 ce groupe comme un acte interdit\u00bb.<\/p>\n","protected":false},"excerpt":{"rendered":"Cibl\u00e9e dans un rapport fran\u00e7ais d\u00e9voil\u00e9 ce mardi par Le Figaro, la confr\u00e9rie des Fr\u00e8res musulmans est en&hellip;\n","protected":false},"author":2,"featured_media":123013,"comment_status":"","ping_status":"","sticky":false,"template":"","format":"standard","meta":{"footnotes":""},"categories":[1591],"tags":[259,11,260,1887,9305,14,261,12,262,1885,1886,132],"class_list":{"0":"post-123012","1":"post","2":"type-post","3":"status-publish","4":"format-standard","5":"has-post-thumbnail","7":"category-russie","8":"tag-actualite-internationale","9":"tag-actualites","10":"tag-affaires-etrangeres","11":"tag-federation-de-russie","12":"tag-freres-musulmans","13":"tag-international","14":"tag-ministere-des-affaires-etrangeres","15":"tag-news","16":"tag-politique-etrangere","17":"tag-russia","18":"tag-russian-federation","19":"tag-russie"},"share_on_mastodon":{"url":"https:\/\/pubeurope.com\/@fr\/114559439578470153","error":""},"_links":{"self":[{"href":"https:\/\/www.europesays.com\/fr\/wp-json\/wp\/v2\/posts\/123012","targetHints":{"allow":["GET"]}}],"collection":[{"href":"https:\/\/www.europesays.com\/fr\/wp-json\/wp\/v2\/posts"}],"about":[{"href":"https:\/\/www.europesays.com\/fr\/wp-json\/wp\/v2\/types\/post"}],"author":[{"embeddable":true,"href":"https:\/\/www.europesays.com\/fr\/wp-json\/wp\/v2\/users\/2"}],"replies":[{"embeddable":true,"href":"https:\/\/www.europesays.com\/fr\/wp-json\/wp\/v2\/comments?post=123012"}],"version-history":[{"count":0,"href":"https:\/\/www.europesays.com\/fr\/wp-json\/wp\/v2\/posts\/123012\/revisions"}],"wp:featuredmedia":[{"embeddable":true,"href":"https:\/\/www.europesays.com\/fr\/wp-json\/wp\/v2\/media\/123013"}],"wp:attachment":[{"href":"https:\/\/www.europesays.com\/fr\/wp-json\/wp\/v2\/media?parent=123012"}],"wp:term":[{"taxonomy":"category","embeddable":true,"href":"https:\/\/www.europesays.com\/fr\/wp-json\/wp\/v2\/categories?post=123012"},{"taxonomy":"post_tag","embeddable":true,"href":"https:\/\/www.europesays.com\/fr\/wp-json\/wp\/v2\/tags?post=123012"}],"curies":[{"name":"wp","href":"https:\/\/api.w.org\/{rel}","templated":true}]}}