{"id":123019,"date":"2025-05-23T22:14:14","date_gmt":"2025-05-23T22:14:14","guid":{"rendered":"https:\/\/www.europesays.com\/fr\/123019\/"},"modified":"2025-05-23T22:14:14","modified_gmt":"2025-05-23T22:14:14","slug":"en-direct-allemagne-17-blesses-dans-une-attaque-au-couteau-a-la-gare-de-hambourg-une-suspecte-arretee","status":"publish","type":"post","link":"https:\/\/www.europesays.com\/fr\/123019\/","title":{"rendered":"EN DIRECT &#8211; Allemagne : 17 bless\u00e9s dans une attaque au couteau \u00e0 la gare de Hambourg, une suspecte arr\u00eat\u00e9e"},"content":{"rendered":"<p>Avant l&rsquo;attaque \u00e0 la gare centrale d&rsquo;Hambourg, survenue vendredi soir, deux autres incidents \u00e0 l&rsquo;arme blanche ont eu lieu en Allemagne au cours de la semaine \u00e9coul\u00e9e. \u00c0 Bielefeld, dans l&rsquo;ouest du pays, cinq personnes d&rsquo;une vingtaine d&rsquo;ann\u00e9es ont \u00e9t\u00e9 bless\u00e9es, dont quatre gri\u00e8vement, dimanche, lorsqu&rsquo;un homme d&rsquo;origine syrienne les a attaqu\u00e9es. \u00c0 Berlin, un gar\u00e7on de 13 ans a \u00e9t\u00e9 arr\u00eat\u00e9 vendredi, soup\u00e7onn\u00e9 d&rsquo;avoir gri\u00e8vement bless\u00e9 un camarade de classe dans une \u00e9cole du quartier de Spandau.\u00a0<\/p>\n","protected":false},"excerpt":{"rendered":"Avant l&rsquo;attaque \u00e0 la gare centrale d&rsquo;Hambourg, survenue vendredi soir, deux autres incidents \u00e0 l&rsquo;arme blanche ont eu&hellip;\n","protected":false},"author":2,"featured_media":123020,"comment_status":"","ping_status":"","sticky":false,"template":"","format":"standard","meta":{"footnotes":""},"categories":[1587],"tags":[1111,11,672,1921,1804,1805,1803,1777,674,1801,1922,2954,12,1072,1802,133,2953],"class_list":{"0":"post-123019","1":"post","2":"type-post","3":"status-publish","4":"format-standard","5":"has-post-thumbnail","7":"category-allemagne","8":"tag-actu","9":"tag-actualites","10":"tag-allemagne","11":"tag-article-video","12":"tag-bundesrepublik-deutschland","13":"tag-de","14":"tag-deutschland","15":"tag-eu","16":"tag-europe","17":"tag-germany","18":"tag-info","19":"tag-justice-et-faits-divers","20":"tag-news","21":"tag-police","22":"tag-republique-federale-dallemagne","23":"tag-video","24":"tag-video-police"},"share_on_mastodon":{"url":"https:\/\/pubeurope.com\/@fr\/114559455258727584","error":""},"_links":{"self":[{"href":"https:\/\/www.europesays.com\/fr\/wp-json\/wp\/v2\/posts\/123019","targetHints":{"allow":["GET"]}}],"collection":[{"href":"https:\/\/www.europesays.com\/fr\/wp-json\/wp\/v2\/posts"}],"about":[{"href":"https:\/\/www.europesays.com\/fr\/wp-json\/wp\/v2\/types\/post"}],"author":[{"embeddable":true,"href":"https:\/\/www.europesays.com\/fr\/wp-json\/wp\/v2\/users\/2"}],"replies":[{"embeddable":true,"href":"https:\/\/www.europesays.com\/fr\/wp-json\/wp\/v2\/comments?post=123019"}],"version-history":[{"count":0,"href":"https:\/\/www.europesays.com\/fr\/wp-json\/wp\/v2\/posts\/123019\/revisions"}],"wp:featuredmedia":[{"embeddable":true,"href":"https:\/\/www.europesays.com\/fr\/wp-json\/wp\/v2\/media\/123020"}],"wp:attachment":[{"href":"https:\/\/www.europesays.com\/fr\/wp-json\/wp\/v2\/media?parent=123019"}],"wp:term":[{"taxonomy":"category","embeddable":true,"href":"https:\/\/www.europesays.com\/fr\/wp-json\/wp\/v2\/categories?post=123019"},{"taxonomy":"post_tag","embeddable":true,"href":"https:\/\/www.europesays.com\/fr\/wp-json\/wp\/v2\/tags?post=123019"}],"curies":[{"name":"wp","href":"https:\/\/api.w.org\/{rel}","templated":true}]}}