{"id":123021,"date":"2025-05-23T22:15:10","date_gmt":"2025-05-23T22:15:10","guid":{"rendered":"https:\/\/www.europesays.com\/fr\/123021\/"},"modified":"2025-05-23T22:15:10","modified_gmt":"2025-05-23T22:15:10","slug":"journee-deurope-des-parcs-naturels-2025","status":"publish","type":"post","link":"https:\/\/www.europesays.com\/fr\/123021\/","title":{"rendered":"Journ\u00e9e d&rsquo;Europe des parcs naturels 2025"},"content":{"rendered":"<p><strong>Les premiers parcs nationaux europ\u00e9ens ont \u00e9t\u00e9 d\u00e9clar\u00e9s en Su\u00e8de le 24 mai 1909<\/strong>. Pour comm\u00e9morer ce jour-l\u00e0, le <strong>F\u00e9d\u00e9ration Europarc<\/strong>Organisation de Paneuropea cr\u00e9\u00e9e en 1973 qui rassemble <strong>Les institutions d\u00e9di\u00e9es \u00e0 la conservation de la nature ont d\u00e9j\u00e0 prot\u00e9g\u00e9 les espaces naturels de 38 pays<\/strong>la c\u00e9l\u00e9bration du <strong>Journ\u00e9e des parcs europ\u00e9ens.<\/strong><\/p>\n<p>Une ann\u00e9e de plus, depuis 1999 le <strong>Journ\u00e9e des parcs europ\u00e9ens<\/strong>en ce <strong>\u00c9dition 2025<\/strong> Avec la devise \u00ab\u00a0<strong>Avec la nature<\/strong>\u00abLes zones prot\u00e9g\u00e9es sont bien plus que des fronti\u00e8res simples sur une carte: ce sont des syst\u00e8mes vivants et prosp\u00e8res dans lesquels tout est connect\u00e9.<\/p>\n<p>De la flore et de la faune qui les habitent aux personnes qui vivent, s&rsquo;occupent et fa\u00e7onnent ces paysages, ils ont tous un r\u00f4le dans cette association de vie partag\u00e9e.<\/p>\n<p><img decoding=\"async\" loading=\"lazy\" width=\"350\" height=\"104\" src=\"https:\/\/www.europesays.com\/fr\/wp-content\/uploads\/2025\/04\/L39entreprise-de-metaux-ignore-l39ONU-sur-l39extraction-sous-marine-et-cherche.gif\"\/><br \/>\n<img decoding=\"async\" loading=\"lazy\" width=\"350\" height=\"104\" src=\"https:\/\/www.europesays.com\/fr\/wp-content\/uploads\/2025\/05\/Alliance-pour-promouvoir-la-conservation-de-la-biodiversite.jpg\"\/><\/p>\n<p>La sant\u00e9 de ces espaces ne s&rsquo;arr\u00eate pas aux limites des zones prot\u00e9g\u00e9es. Ce qui se passe au-del\u00e0 de ses fronti\u00e8res influence ses syst\u00e8mes naturels.<\/p>\n<p>Ainsi, comment pouvons-nous travailler ensemble pour obtenir les meilleurs r\u00e9sultats pour la nature et les gens, garantissant la r\u00e9silience de ces lieux sp\u00e9ciaux dans un monde en mutation?<\/p>\n<p>Aujourd&rsquo;hui <strong>24 mai<\/strong> Il a comm\u00e9mor\u00e9 <strong>Journ\u00e9e d&rsquo;Europe des parcs naturels 2025<\/strong>une \u00e9ph\u00e9m\u00e9r qui cherche \u00e0 sensibiliser les Europ\u00e9ens \u00e0 l&rsquo;importance de la conservation et de la pr\u00e9servation de ces espaces de vie pour la biodiversit\u00e9 qui les habitent et aussi pour nous tous.<\/p>\n<p>Journ\u00e9e d&rsquo;Europe des parcs naturels 2025<\/p>\n<p>L&rsquo;id\u00e9e est de supposer que les espaces verts font partie du <strong>\u00e9cosyst\u00e8me<\/strong> Global c&rsquo;est la plan\u00e8te. Et cela nous donne un soutien et une subsistance. Nous devons donc les prot\u00e9ger et les respecter. Et construisez notre avenir, y compris dans le cadre de celui-ci et non malgr\u00e9 eux, comme nous l&rsquo;avons fait jusqu&rsquo;\u00e0 il y a quelques ann\u00e9es.<\/p>\n<p>La d\u00e9forestation, la pollution et tous les dommages qui sont normalement caus\u00e9s \u00e0 l&rsquo;obtention de certains avantages sont des facteurs qui doivent dispara\u00eetre une fois pour toutes. Nous ne pouvons pas continuer \u00e0 vivre sur le dos \u00e0 <strong>nature.<\/strong><\/p>\n<p>Que pouvons-nous faire pour prot\u00e9ger les parcs<\/p>\n<ol>\n<li>La premi\u00e8re chose est de savoir que nous visitons un endroit qui n&rsquo;a pas du tout besoin de nous. Ainsi, l&#8217;empreinte que nous laissons sur eux doit \u00eatre minime.<\/li>\n<li>Les informations sur le parc sont fondamentales pour conna\u00eetre les limites, les horaires, les \u00e9v\u00e9nements, les particularit\u00e9s et les r\u00e9glementations dont dispose de chaque site. Vous devez le rechercher, que ce soit en ligne comme dans les points d&rsquo;information de chaque espace naturel.<\/li>\n<li>\u00c9vitez de faire le feu. M\u00eame s&rsquo;il y a des espaces activ\u00e9s pour cela. Et si nous le faisons avec les pr\u00e9cautions maximales. Ce type d&rsquo;incident a provoqu\u00e9 d&rsquo;innombrables <strong>feux de for\u00eat<\/strong> avec ses pertes qui en r\u00e9sultent.<\/li>\n<li>\u00c9abrirez d&rsquo;utiliser des d\u00e9tergents ou des savons de toute nature, dans les rivi\u00e8res ou les lacs que vous pouvez trouver sur la route. N&rsquo;oubliez pas qu&rsquo;ils peuvent \u00eatre tr\u00e8s polluants.<\/li>\n<li>Camp uniquement dans les zones d\u00e9sign\u00e9es.<\/li>\n<li>S&rsquo;il est fum\u00e9 sur des sites autoris\u00e9s. N&rsquo;oubliez pas le <strong>Toxines mortelles des m\u00e9gots<\/strong>s. D\u00e9posez-les dans un endroit s\u00fbr et ne laissez jamais de derri\u00e8re.<\/li>\n<li>Un parc abrite de nombreuses esp\u00e8ces. Autrement dit, c&rsquo;est un point de biodiversit\u00e9 qui doit \u00eatre respect\u00e9 et prot\u00e9g\u00e9. Ne nuisez pas \u00e0 la vie des animaux ou des plantes.<\/li>\n<li>Ne nourrissez pas les animaux que vous \u00eates. Cela peut leur faire mal. Surtout s&rsquo;ils sont des aliments transform\u00e9s, qui contient des sucres et du sel, qui sont nocifs pour tous ceux qui les consomment.<\/li>\n<li>Emportez vos ordures avec vous et d\u00e9barrassez-vous de mani\u00e8re responsable et ad\u00e9quate.<\/li>\n<li>Pratiquez le \u00ab\u00a0Ploggin\u00a0\u00bb, une activit\u00e9 tr\u00e8s amicale avec le <strong>environnement<\/strong> Il consiste \u00e0 collecter les d\u00e9chets que vous trouvez, m\u00eame s&rsquo;ils ne sont pas les v\u00f4tres et aident les parcs plus propres et plus sains.<\/li>\n<\/ol>\n","protected":false},"excerpt":{"rendered":"Les premiers parcs nationaux europ\u00e9ens ont \u00e9t\u00e9 d\u00e9clar\u00e9s en Su\u00e8de le 24 mai 1909. Pour comm\u00e9morer ce jour-l\u00e0,&hellip;\n","protected":false},"author":2,"featured_media":123022,"comment_status":"","ping_status":"","sticky":false,"template":"","format":"standard","meta":{"footnotes":""},"categories":[1586],"tags":[11,21408,154,1777,674,1011,27,3465,24544,12,24545,25],"class_list":{"0":"post-123021","1":"post","2":"type-post","3":"status-publish","4":"format-standard","5":"has-post-thumbnail","7":"category-europe","8":"tag-actualites","9":"tag-d39europe","10":"tag-des","11":"tag-eu","12":"tag-europe","13":"tag-fr","14":"tag-france","15":"tag-journee","16":"tag-naturels","17":"tag-news","18":"tag-parcs","19":"tag-republique-francaise"},"share_on_mastodon":{"url":"https:\/\/pubeurope.com\/@fr\/114559459237835077","error":""},"_links":{"self":[{"href":"https:\/\/www.europesays.com\/fr\/wp-json\/wp\/v2\/posts\/123021","targetHints":{"allow":["GET"]}}],"collection":[{"href":"https:\/\/www.europesays.com\/fr\/wp-json\/wp\/v2\/posts"}],"about":[{"href":"https:\/\/www.europesays.com\/fr\/wp-json\/wp\/v2\/types\/post"}],"author":[{"embeddable":true,"href":"https:\/\/www.europesays.com\/fr\/wp-json\/wp\/v2\/users\/2"}],"replies":[{"embeddable":true,"href":"https:\/\/www.europesays.com\/fr\/wp-json\/wp\/v2\/comments?post=123021"}],"version-history":[{"count":0,"href":"https:\/\/www.europesays.com\/fr\/wp-json\/wp\/v2\/posts\/123021\/revisions"}],"wp:featuredmedia":[{"embeddable":true,"href":"https:\/\/www.europesays.com\/fr\/wp-json\/wp\/v2\/media\/123022"}],"wp:attachment":[{"href":"https:\/\/www.europesays.com\/fr\/wp-json\/wp\/v2\/media?parent=123021"}],"wp:term":[{"taxonomy":"category","embeddable":true,"href":"https:\/\/www.europesays.com\/fr\/wp-json\/wp\/v2\/categories?post=123021"},{"taxonomy":"post_tag","embeddable":true,"href":"https:\/\/www.europesays.com\/fr\/wp-json\/wp\/v2\/tags?post=123021"}],"curies":[{"name":"wp","href":"https:\/\/api.w.org\/{rel}","templated":true}]}}